{"id":555074,"date":"2025-11-24T09:05:19","date_gmt":"2025-11-24T09:05:19","guid":{"rendered":"https:\/\/www.europesays.com\/fr\/555074\/"},"modified":"2025-11-24T09:05:19","modified_gmt":"2025-11-24T09:05:19","slug":"la-methode-a-0e-pour-chauffer-votre-logement-sans-allumer-le-radiateur","status":"publish","type":"post","link":"https:\/\/www.europesays.com\/fr\/555074\/","title":{"rendered":"la m\u00e9thode \u00e0 0\u20ac pour chauffer votre logement sans allumer le radiateur"},"content":{"rendered":"<p>              <img decoding=\"async\" class=\"article-author__picture webp\" src=\"https:\/\/www.europesays.com\/fr\/wp-content\/uploads\/2025\/04\/matias-perea-85px.jpg.webp\" alt=\"Matias Perea\"\/><\/p>\n<p class=\"article-author__info--name\"> Par<br \/>\n                      <a href=\"https:\/\/selectra.info\/equipe\/matias\" target=\"_blank\" rel=\"noopener author\"> Matias Perea <\/a><\/p>\n<p class=\"article-author__info--description\"> Analyste \u00c9nergie <\/p>\n<p>        Publi\u00e9 le<\/p>\n<p>                                24\/11\/2025<\/p>\n<p>            min de lecture\n        <\/p>\n<p>Sauf indication contraire, tous les prix pr\u00e9sent\u00e9s sur cette page sont TTC.<\/p>\n<p>  <img decoding=\"async\" class=\"new-ads__card-logo\" src=\"https:\/\/www.europesays.com\/fr\/wp-content\/uploads\/2025\/04\/ampoule-animee.gif\" alt=\"logo\" loading=\"lazy\"\/><\/p>\n<p class=\"new-ads__card-title\">Trouvez un fournisseur moins cher !<\/p>\n<p class=\"new-ads__card-description\">Obtenez votre comparatif par t\u00e9l\u00e9phone avec Selectra<\/p>\n<p>        <img decoding=\"async\" class=\"new-ads__card-logo\" src=\"https:\/\/www.europesays.com\/fr\/wp-content\/uploads\/2025\/06\/primeo-xs.png\" alt=\"logo\" loading=\"lazy\"\/><\/p>\n<p class=\"new-ads__card-title\">L&rsquo;offre du moment \u00e0 -20 % (HT) par rapport au tarif r\u00e9glement\u00e9<\/p>\n<p class=\"new-ads__card-description\">Une offre \u00e0 prix fixe moins ch\u00e8re<\/p>\n<p class=\"intro\">En cette nouvelle semaine qui commence, le froid va jouer les prolongation avec des temp\u00e9ratures qui peinent \u00e0 d\u00e9coller, bloqu\u00e9es \u00e0 7\u00b0C \u00e0 Paris ou Lyon cet apr\u00e8s-midi. Face \u00e0 ce constat, le premier r\u00e9flexe est souvent de monter le thermostat. Et si vous faisiez l&rsquo;inverse ? Il existe des astuces qui permettent de gagner plusieurs degr\u00e9s de confort sans d\u00e9penser un centime de chauffage en \u00e9lectricit\u00e9 ou en gaz. Voici comment transformer votre logement en pi\u00e8ge \u00e0 chaleur.<\/p>\n<p>La m\u00e9t\u00e9o de la semaine : pourquoi il ne faut pas rel\u00e2cher la vigilance<\/p>\n<p>Apr\u00e8s un week-end marqu\u00e9 par la neige et le verglas dans le Nord-Est, la France entame une semaine en demi-teinte. Certes, le mercure remonte tr\u00e8s l\u00e9g\u00e8rement, mais <strong>nous restons globalement en dessous des normales de saison<\/strong>. Le froid va persister, notamment dans l&rsquo;Est o\u00f9 l&rsquo;on attend \u00e0 peine 2\u00b0C par endroits mardi.<\/p>\n<p>Avec un ciel souvent gris et des averses intermittentes pr\u00e9vues jusqu&rsquo;\u00e0 jeudi, <strong>l&rsquo;humidit\u00e9 va accentuer la sensation de fra\u00eecheur<\/strong>. C&rsquo;est typiquement le genre de m\u00e9t\u00e9o \u00ab\u00a0tra\u00eetre\u00a0\u00bb o\u00f9 les radiateurs tournnt en continu pour compenser.\u00a0<\/p>\n<p>Le \u00ab\u00a0pi\u00e8ge solaire\u00a0\u00bb : la m\u00e9thode oubli\u00e9e<\/p>\n<p>L&rsquo;id\u00e9e re\u00e7ue la plus tenace est de croire que pour garder la chaleur, il faut vivre dans le noir. C&rsquo;est faux, du moins en journ\u00e9e. M\u00eame voil\u00e9 par les nuages annonc\u00e9s cette semaine, <strong>le soleil reste votre radiateur le plus puissant et enti\u00e8rement gratuit<\/strong>.<\/p>\n<p>La strat\u00e9gie est simple : tant qu&rsquo;il fait jour, <strong>ouvrez tout en grand<\/strong> (rideaux, volets). Laissez les rayons frapper les murs, le sol et les meubles. Ces mat\u00e9riaux stockent l&rsquo;\u00e9nergie thermique et la restitueront lentement. En revanche, d\u00e8s 17h30, au moment o\u00f9 le jour tombe, c&rsquo;est le branle-bas de combat : fermez volets et rideaux \u00e9pais. Vous cr\u00e9ez ainsi une barri\u00e8re isolante qui emprisonne les calories accumul\u00e9es.<\/p>\n<p>L&rsquo;astuce du papier bulle<\/p>\n<p>Si vous avez de vieilles fen\u00eatres simple vitrage qui rayonnent le froid, ne jetez plus vos emballages de colis. <a href=\"https:\/\/selectra.info\/energie\/actualites\/marche\/astuce-famille-finlandaise-ne-pas-avoir-froid-maison-baisser-facture-chauffage\" target=\"_blank\" rel=\"noopener\">Coller une feuille de papier bulle sur la vitre<\/a> (avec un peu d&rsquo;eau vaporis\u00e9e) est un isolant de fortune redoutable. Ce n&rsquo;est pas tr\u00e8s esth\u00e9tique, certes, mais cela cr\u00e9e une lame d&rsquo;air isolante qui coupe net l&rsquo;effet de paroi froide.<\/p>\n<p>  <img decoding=\"async\" class=\"new-ads__card-logo\" src=\"https:\/\/www.europesays.com\/fr\/wp-content\/uploads\/2025\/08\/conso.png\" alt=\"logo\" loading=\"lazy\"\/><\/p>\n<p class=\"new-ads__card-title\">Diminuez votre consommation avec Selectra !<\/p>\n<p class=\"new-ads__card-description\">R\u00e9duisez vos factures d&rsquo;\u00e9lectricit\u00e9 en contactant un de nos conseillers :<\/p>\n<p>        <img decoding=\"async\" class=\"new-ads__card-logo\" src=\"https:\/\/www.europesays.com\/fr\/wp-content\/uploads\/2025\/06\/primeo-xs.png\" alt=\"logo\" loading=\"lazy\"\/><\/p>\n<p class=\"new-ads__card-title\">L&rsquo;offre du moment \u00e0 -20 % (HT) par rapport au tarif r\u00e9glement\u00e9<\/p>\n<p class=\"new-ads__card-description\">Une offre \u00e0 prix fixe moins ch\u00e8re<\/p>\n<p>Cuisiner pour se chauffer (litt\u00e9ralement)<\/p>\n<p>Nous oublions souvent que nous vivons entour\u00e9s de sources de chaleur. Cuisiner, par exemple, ne sert pas qu&rsquo;\u00e0 se nourrir. La pr\u00e9paration d&rsquo;un plat au four ou une cuisson longue sur les plaques chauffe la cuisine et les pi\u00e8ces adjacentes.<\/p>\n<p>Une astuce de grand-m\u00e8re toujours valable : une fois votre g\u00e2teau cuit, \u00e9teignez le four mais <strong>laissez la porte entrouverte<\/strong> (en faisant tr\u00e8s attention aux enfants et aux animaux, bien s\u00fbr). Toute cette chaleur r\u00e9siduelle, au lieu de se perdre dans le syst\u00e8me de ventilation de l&rsquo;appareil, viendra r\u00e9chauffer l&rsquo;air ambiant de la pi\u00e8ce.<\/p>\n<p>Chassez l&rsquo;humidit\u00e9, pas la chaleur<\/p>\n<p>Avec la pluie pr\u00e9vue cette semaine, le taux d&rsquo;humidit\u00e9 va grimper \u00e0 l&rsquo;int\u00e9rieur. Or, un air humide est beaucoup plus difficile \u00e0 chauffer qu&rsquo;un air sec. Vous aurez beau monter le chauffage, la sensation de froid persistera.<\/p>\n<p>Le paradoxe est qu&rsquo;<strong>il faut a\u00e9rer, m\u00eame quand il fait froid<\/strong>. Mais attention \u00e0 la m\u00e9thode : ouvrez grand pendant 5 \u00e0 10 minutes maximum. Cela suffit pour renouveler l&rsquo;air sans refroidir les murs. \u00c9vitez de laisser une fen\u00eatre en imposte toute la journ\u00e9e, c&rsquo;est le meilleur moyen de jeter l&rsquo;argent par les fen\u00eatres.<\/p>\n<p>Agencement : ne bloquez pas les radiateurs !<\/p>\n<p>Regardez autour de vous. Votre canap\u00e9 est-il coll\u00e9 au radiateur ? De longs rideaux tombent-ils devant ? C&rsquo;est une erreur classique. En faisant cela, vous emp\u00eachez la chaleur de circuler dans la pi\u00e8ce.<\/p>\n<p><strong>D\u00e9calez vos meubles de quelques centim\u00e8tres<\/strong>. De m\u00eame, fermez les portes des pi\u00e8ces inoccup\u00e9es. Inutile de chauffer le couloir ou la chambre d&rsquo;amis au m\u00eame niveau que le salon. En \u00ab\u00a0compartimentant\u00a0\u00bb votre logement, vous concentrez la chaleur naturelle et celle de vos activit\u00e9s (t\u00e9l\u00e9vision, ordinateur, pr\u00e9sence humaine) l\u00e0 o\u00f9 vous en avez vraiment besoin.<\/p>\n<p>  <img decoding=\"async\" class=\"new-ads__card-logo\" src=\"https:\/\/www.europesays.com\/fr\/wp-content\/uploads\/2025\/04\/ampoule-animee.gif\" alt=\"logo\" loading=\"lazy\"\/><\/p>\n<p class=\"new-ads__card-title\">Besoin d&rsquo;aide ?<\/p>\n<p class=\"new-ads__card-description\">Un conseiller Selectra est disponible gratuitement au :<\/p>\n<p>        <img decoding=\"async\" class=\"new-ads__card-logo\" src=\"https:\/\/www.europesays.com\/fr\/wp-content\/uploads\/2025\/06\/primeo-xs.png\" alt=\"logo\" loading=\"lazy\"\/><\/p>\n<p class=\"new-ads__card-title\">L&rsquo;offre du moment \u00e0 -20 % (HT) par rapport au tarif r\u00e9glement\u00e9<\/p>\n<p class=\"new-ads__card-description\">Une offre \u00e0 prix fixe moins ch\u00e8re<\/p>\n<p>      Avez-vous trouv\u00e9 cet article utile ?<\/p>\n<p>100% des 2 votes trouvent l&rsquo;information utile.<\/p>\n","protected":false},"excerpt":{"rendered":"Par Matias Perea Analyste \u00c9nergie Publi\u00e9 le 24\/11\/2025 min de lecture Sauf indication contraire, tous les prix pr\u00e9sent\u00e9s&hellip;\n","protected":false},"author":2,"featured_media":555075,"comment_status":"","ping_status":"","sticky":false,"template":"","format":"standard","meta":{"footnotes":""},"categories":[2],"tags":[11,1011,27,12,25],"class_list":{"0":"post-555074","1":"post","2":"type-post","3":"status-publish","4":"format-standard","5":"has-post-thumbnail","7":"category-actualites","8":"tag-actualites","9":"tag-fr","10":"tag-france","11":"tag-news","12":"tag-republique-francaise"},"share_on_mastodon":{"url":"https:\/\/pubeurope.com\/@fr\/115603882015422243","error":""},"_links":{"self":[{"href":"https:\/\/www.europesays.com\/fr\/wp-json\/wp\/v2\/posts\/555074","targetHints":{"allow":["GET"]}}],"collection":[{"href":"https:\/\/www.europesays.com\/fr\/wp-json\/wp\/v2\/posts"}],"about":[{"href":"https:\/\/www.europesays.com\/fr\/wp-json\/wp\/v2\/types\/post"}],"author":[{"embeddable":true,"href":"https:\/\/www.europesays.com\/fr\/wp-json\/wp\/v2\/users\/2"}],"replies":[{"embeddable":true,"href":"https:\/\/www.europesays.com\/fr\/wp-json\/wp\/v2\/comments?post=555074"}],"version-history":[{"count":0,"href":"https:\/\/www.europesays.com\/fr\/wp-json\/wp\/v2\/posts\/555074\/revisions"}],"wp:featuredmedia":[{"embeddable":true,"href":"https:\/\/www.europesays.com\/fr\/wp-json\/wp\/v2\/media\/555075"}],"wp:attachment":[{"href":"https:\/\/www.europesays.com\/fr\/wp-json\/wp\/v2\/media?parent=555074"}],"wp:term":[{"taxonomy":"category","embeddable":true,"href":"https:\/\/www.europesays.com\/fr\/wp-json\/wp\/v2\/categories?post=555074"},{"taxonomy":"post_tag","embeddable":true,"href":"https:\/\/www.europesays.com\/fr\/wp-json\/wp\/v2\/tags?post=555074"}],"curies":[{"name":"wp","href":"https:\/\/api.w.org\/{rel}","templated":true}]}}