{"id":555082,"date":"2025-11-24T09:09:16","date_gmt":"2025-11-24T09:09:16","guid":{"rendered":"https:\/\/www.europesays.com\/fr\/555082\/"},"modified":"2025-11-24T09:09:16","modified_gmt":"2025-11-24T09:09:16","slug":"msl-on-ne-lache-rien-une-question-de-confiance-a-lalterna-stade-poitevin-lanouvellerepublique-fr","status":"publish","type":"post","link":"https:\/\/www.europesays.com\/fr\/555082\/","title":{"rendered":"MSL : \u00ab On ne l\u00e2che rien \u00bb, une question de confiance \u00e0 l\u2019Alterna Stade Poitevin &#8211; lanouvellerepublique.fr"},"content":{"rendered":"<ol>\n<li><a href=\"https:\/\/news.google.com\/rss\/articles\/CBMiyAFBVV95cUxQSV9GTEZvTDY1SlEtcWQtUmJjODhsVWtwTDdncTZYMHFXNXdyQWZyd1pRYnNJcXpSS2NzX0JjU3BTVk5OaHA5SVBZOTZxeFp0NFFwRDBmaEs3Wm5hckVDSDlvMnI5a3RJWTU0U1ZQSHVaOUc2S251dzlZVm1UdDF4SXdBMDkyLW9ORHJYZEROYWVBeTUxOXp4MFNnNXl6ZmJoTVhtMk9Uemo2ZnJuVkZjMENpdVkybmR2ZzVFRWxYUWlYTjM0WXlOOA?oc=5\" target=\"_blank\" rel=\"noopener\">MSL : \u00ab On ne l\u00e2che rien \u00bb, une question de confiance \u00e0 l\u2019Alterna Stade Poitevin<\/a>&nbsp;&nbsp;lanouvellerepublique.fr<\/li>\n<li><a href=\"https:\/\/news.google.com\/rss\/articles\/CBMisgFBVV95cUxOcG9qV3JleHU4NXpwcWZESEZRTUt2VUdDdDFuZ3V2UUtzZzd6QnVfczUwZnpHSFJodHJxSlpSNEVQWWhVTGZaQ2pDSjBxSDY1MWFGUFFReHluOWtJREZQdmlYeWJrQWx6ZThJaTQ2b1ZINWxHS0tQTzhCU0dVZm9NZUQ0SjdzR1JfamtnWmxqYjV5NnhzWGR5M3QtTHJaQUJaMGx6RFlmdWF6WlVhN2lVZjR3?oc=5\" target=\"_blank\" rel=\"noopener\">MSL : L&rsquo;Alterna Stade Poitevin a un mental \u00e0 toute \u00e9preuve<\/a>&nbsp;&nbsp;lanouvellerepublique.fr<\/li>\n<li><a href=\"https:\/\/news.google.com\/rss\/articles\/CBMiU0FVX3lxTE1nTUxhQm5EX0RPLThzaGZNUXo5Z3BMekQtaVNIekxKdExhZkhuSGlxSFpBU1hpb2tTYjgyMGJuZ1M1N3RLZl85MDdJakNjdWk2d2xF?oc=5\" target=\"_blank\" rel=\"noopener\">Marmara Spikeligue : le CVB 52 n\u2019a pas d\u00e9m\u00e9rit\u00e9 \u00e0 Poitiers<\/a>&nbsp;&nbsp;JHM<\/li>\n<li><a href=\"https:\/\/news.google.com\/rss\/articles\/CBMiqwFBVV95cUxQV0hBYko1OEM3SGxYM1Y5Rk03U2xMMXlyMl9FaHlGNlJOZk52SWFUWndWY3hCZXNuX28tUm1QektXcTYtY2s1NXNfeGRVa3A0Y25oaTdHZzVGU0VQNHZuRjR6ZkJDVk1oN0t0aFduMjk4bDdFY2tIbHlFcl9ybEd5dTRqSGs0SG9IdFE5WWxMalpfZVFxcGF6RXZIQ1VmOXkzQUpld1RIc3VHbFE?oc=5\" target=\"_blank\" rel=\"noopener\">MSL. \u00ab C&rsquo;est vraiment un public g\u00e9nial \u00bb : Brett Walsh \u00e9tait de retour chez lui \u00e0 Poitiers<\/a>&nbsp;&nbsp;lanouvellerepublique.fr<\/li>\n<li><a href=\"https:\/\/news.google.com\/rss\/articles\/CBMifEFVX3lxTE5jbDdSVkYwOGpxY2w4YXVGLXF5WmpQMDdQN1JDLTBQcWI1aEFBOUhXTzlRQWx0clFNUDQ0TzRCZkxMQWNlS0JhYWFFOVYxX3JNNXdYVVNjMWdKNThhZkk4ejJIb3NZWnl3S2hpVVY0Y1M2MkZuWndRZ1owTzI?oc=5\" target=\"_blank\" rel=\"noopener\">Gagnez vos places pour le match entre le Stade poitevin volley-ball et Chaumont Volley Ball 52 !<\/a>&nbsp;&nbsp;Alouette<\/li>\n<\/ol>\n","protected":false},"excerpt":{"rendered":"MSL : \u00ab On ne l\u00e2che rien \u00bb, une question de confiance \u00e0 l\u2019Alterna Stade Poitevin&nbsp;&nbsp;lanouvellerepublique.fr MSL :&hellip;\n","protected":false},"author":2,"featured_media":555083,"comment_status":"","ping_status":"","sticky":false,"template":"","format":"standard","meta":{"footnotes":""},"categories":[1417],"tags":[1392,1654,1011,27,1655,1653,60,1584,1470,1469],"class_list":{"0":"post-555082","1":"post","2":"type-post","3":"status-publish","4":"format-standard","5":"has-post-thumbnail","7":"category-volley","8":"tag-a-la-une-local","9":"tag-alterna-stade-poitevin-volley-ball","10":"tag-fr","11":"tag-france","12":"tag-ligue-a","13":"tag-poitiers","14":"tag-sports","15":"tag-vienne","16":"tag-volley","17":"tag-volleyball"},"share_on_mastodon":{"url":"https:\/\/pubeurope.com\/@fr\/115603896157086575","error":""},"_links":{"self":[{"href":"https:\/\/www.europesays.com\/fr\/wp-json\/wp\/v2\/posts\/555082","targetHints":{"allow":["GET"]}}],"collection":[{"href":"https:\/\/www.europesays.com\/fr\/wp-json\/wp\/v2\/posts"}],"about":[{"href":"https:\/\/www.europesays.com\/fr\/wp-json\/wp\/v2\/types\/post"}],"author":[{"embeddable":true,"href":"https:\/\/www.europesays.com\/fr\/wp-json\/wp\/v2\/users\/2"}],"replies":[{"embeddable":true,"href":"https:\/\/www.europesays.com\/fr\/wp-json\/wp\/v2\/comments?post=555082"}],"version-history":[{"count":0,"href":"https:\/\/www.europesays.com\/fr\/wp-json\/wp\/v2\/posts\/555082\/revisions"}],"wp:featuredmedia":[{"embeddable":true,"href":"https:\/\/www.europesays.com\/fr\/wp-json\/wp\/v2\/media\/555083"}],"wp:attachment":[{"href":"https:\/\/www.europesays.com\/fr\/wp-json\/wp\/v2\/media?parent=555082"}],"wp:term":[{"taxonomy":"category","embeddable":true,"href":"https:\/\/www.europesays.com\/fr\/wp-json\/wp\/v2\/categories?post=555082"},{"taxonomy":"post_tag","embeddable":true,"href":"https:\/\/www.europesays.com\/fr\/wp-json\/wp\/v2\/tags?post=555082"}],"curies":[{"name":"wp","href":"https:\/\/api.w.org\/{rel}","templated":true}]}}