{"id":555084,"date":"2025-11-24T09:10:15","date_gmt":"2025-11-24T09:10:15","guid":{"rendered":"https:\/\/www.europesays.com\/fr\/555084\/"},"modified":"2025-11-24T09:10:15","modified_gmt":"2025-11-24T09:10:15","slug":"xv-de-france-mode-demploi-de-la-coupe-des-nations-cette-nouvelle-competition-qui-va-remplacer-les-tournees-le-figaro","status":"publish","type":"post","link":"https:\/\/www.europesays.com\/fr\/555084\/","title":{"rendered":"XV de France : mode d\u2019emploi de la Coupe des nations, cette nouvelle comp\u00e9tition qui va remplacer les tourn\u00e9es &#8211; Le Figaro"},"content":{"rendered":"<ol>\n<li><a href=\"https:\/\/news.google.com\/rss\/articles\/CBMi-gFBVV95cUxOYktHVHBWSFEyZkRQeVR2YkdUWFBaRkN0Qnhsby1xSXZQb01vS29lZ3RfNnB2S1dSMGw1Y2lJWlYyV2dodkNCRXNsN2gyQm8wNjRrb1EyTjBGWmlBZTFBOFA1QjB3ZldyNmVGajdWSkN4ZU1xeUM1eXhkQnluN28yU3F4eklnMlRuWmFycmRuNjI2aWs1SGg4a0tsRkpVeU1UcWhrYzNrMnFZMkk0U1JESlBsYXpGM2IwRDBPRXFmTHRGa1VKVEhkSVNLWXpRMjIwYjdaM0FKZkg2c0J5SE5YSHd2NXpkTmowSDYzNHA4Ny1yS240VzRsbzFn?oc=5\" target=\"_blank\" rel=\"noopener\">XV de France : mode d\u2019emploi de la Coupe des nations, cette nouvelle comp\u00e9tition qui va remplacer les tourn\u00e9es<\/a>&nbsp;&nbsp;Le Figaro<\/li>\n<li><a href=\"https:\/\/news.google.com\/rss\/articles\/CBMirwFBVV95cUxOQjM3YXJmSzlwUjZLbUJvRUsxYTdfcGY1OEJjVGRXc2ZkOTBlYmRuUkZUSi1TbGdvaWJKZThQcTFqd1MxMDZwQ013a3VKTlhSREdOdEQwRFJYbjRNTWl5c3BKcjM5YWdkNlUxSmFaQldsZzEzSHdVVzZJVlZETW5tYzU2eE03WE9CenVjb0NHM3B0RzQ3aE9Zd3dlNXAtSDVJdmZMc1lZNno0UmtQdkhz0gG0AUFVX3lxTE1YR3dWdHNabmJMN0kwb3pvaUpGNW8xOHl6cVZYbEZVNWc0eTNNRlJBX3RuTmFOWGhQU2poeklmS1R5M3FiOGJlWEFaOHlTNERETk4wdUVJdE1jZVNtaVNOZFVpam9rRG51TEl6NkY2VEJwbmlYZ2hBX2ViLUwzY1V0cG9SMUZnZkMxQlI4OHVDSjViTjJkSVJrTi1jLUp4Uml6eWN4WnJOZVllWk1COXhFcmhkbA?oc=5\" target=\"_blank\" rel=\"noopener\">Tournoi des 6 nations 2026 : le calendrier complet du XV de France<\/a>&nbsp;&nbsp;CNews<\/li>\n<li><a href=\"https:\/\/news.google.com\/rss\/articles\/CBMigwJBVV95cUxOaXpLNUs0MnE2YV9rMVlGNVRla3gzNUNnSEZaMXhEc19TZC14ZXJGaFUycG9lS0RjRFVaOTFWd2dEdnQ2b0t2NC1xSld2NGE4YzFncjlFcGhocHJxVjVKejlUbU5MTzFVRHpTR1VCSzRRV3JhV3lNbHlRbWswVHVVdEZUWTVRVkFpeDJjV0NmUnNyOXdwUUZ0NGNaam5ZY0pjMnV1RUhhUFA5MDdWeGNWV1RkZExPNHJCUTRzeWJnZ1FGSm5iakY5Q3U5Q3pVNEtsN0NSb3hXWUI2OUxtOE5ra1FnbmZYcmVXd2tEdUdINmIzbGVRekZkM0RURHFGQ1Rxb093?oc=5\" target=\"_blank\" rel=\"noopener\">Nouveau duel contre les Springboks, crunch \u00e0 domicile\u2026 Le calendrier complet des Bleus en 2026<\/a>&nbsp;&nbsp;Rugbyrama<\/li>\n<li><a href=\"https:\/\/news.google.com\/rss\/articles\/CBMisAFBVV95cUxOM1M1ZWJuVnRXd2VwTXVNZHJDbVZsM1V6ankzQ3JjQ0hZSXg2ODB4T1dJa2c3UkNIVVRlbGJKMm5jN1R4cWZScHloZF9PeEgwRXpVUEZteFhtUFFYTS1pRWJxZGUxTF9WRWFyMWhfUUk2Y24wSkhSb3VGUGlCSy1xN09SVC1hOHo3WWd0V2h3bndDaFhsbmxhUlVKWHpzV3JMdTNzaUg5M19EczFTSzNKcQ?oc=5\" target=\"_blank\" rel=\"noopener\">Championnat des Nations : Une nouvelle \u00e8re pour le rugby international<\/a>&nbsp;&nbsp;F\u00e9d\u00e9ration Fran\u00e7aise de Rugby &#8211; FFR<\/li>\n<li><a href=\"https:\/\/news.google.com\/rss\/articles\/CBMi_AFBVV95cUxNY0g5ODZaSDNQQTkyS3FNRS1Pei1kd0ZsVTMyREVsTlhrbTJwVlVObTZ0WEctZ1RPTWQ2a2ZLSFVaMzFZWE5KLTR0Szh2YlFwXzA4d2lEU3Myem5vMW91N0Y0ZXdDWElsMXdXS2NiSXhSMExOSUp1NEpvMmlLWW9pbGpBUGlwLW44OHlUeEdjeWFadU5BWHN4eDJlM3cwX0EwY1BTWEtwaGI3d2NqRlp4Wm1JNFBIUW5pVHA0dXZYeXVocXlaai16djNJaDYyVF9iMVhid0V1RE5SOXhvSVhpOWcxdkJHLTNVOXlWYXZUbjgwOGExMXpKRHRkYzA?oc=5\" target=\"_blank\" rel=\"noopener\">Coupe du monde et rel\u00e9gations : pourquoi les Bleus ne pourront pas prendre le nouveau Championnat des nations \u00e0 la l\u00e9g\u00e8re<\/a>&nbsp;&nbsp;L&rsquo;\u00c9quipe<\/li>\n<\/ol>\n","protected":false},"excerpt":{"rendered":"XV de France : mode d\u2019emploi de la Coupe des nations, cette nouvelle comp\u00e9tition qui va remplacer les&hellip;\n","protected":false},"author":2,"featured_media":395849,"comment_status":"","ping_status":"","sticky":false,"template":"","format":"standard","meta":{"footnotes":""},"categories":[1416],"tags":[1011,27,479,1468,60],"class_list":{"0":"post-555084","1":"post","2":"type-post","3":"status-publish","4":"format-standard","5":"has-post-thumbnail","7":"category-rugby","8":"tag-fr","9":"tag-france","10":"tag-rugby","11":"tag-rugby-football","12":"tag-sports"},"share_on_mastodon":{"url":"https:\/\/pubeurope.com\/@fr\/115603899859450056","error":""},"_links":{"self":[{"href":"https:\/\/www.europesays.com\/fr\/wp-json\/wp\/v2\/posts\/555084","targetHints":{"allow":["GET"]}}],"collection":[{"href":"https:\/\/www.europesays.com\/fr\/wp-json\/wp\/v2\/posts"}],"about":[{"href":"https:\/\/www.europesays.com\/fr\/wp-json\/wp\/v2\/types\/post"}],"author":[{"embeddable":true,"href":"https:\/\/www.europesays.com\/fr\/wp-json\/wp\/v2\/users\/2"}],"replies":[{"embeddable":true,"href":"https:\/\/www.europesays.com\/fr\/wp-json\/wp\/v2\/comments?post=555084"}],"version-history":[{"count":0,"href":"https:\/\/www.europesays.com\/fr\/wp-json\/wp\/v2\/posts\/555084\/revisions"}],"wp:featuredmedia":[{"embeddable":true,"href":"https:\/\/www.europesays.com\/fr\/wp-json\/wp\/v2\/media\/395849"}],"wp:attachment":[{"href":"https:\/\/www.europesays.com\/fr\/wp-json\/wp\/v2\/media?parent=555084"}],"wp:term":[{"taxonomy":"category","embeddable":true,"href":"https:\/\/www.europesays.com\/fr\/wp-json\/wp\/v2\/categories?post=555084"},{"taxonomy":"post_tag","embeddable":true,"href":"https:\/\/www.europesays.com\/fr\/wp-json\/wp\/v2\/tags?post=555084"}],"curies":[{"name":"wp","href":"https:\/\/api.w.org\/{rel}","templated":true}]}}