{"id":555087,"date":"2025-11-24T09:18:11","date_gmt":"2025-11-24T09:18:11","guid":{"rendered":"https:\/\/www.europesays.com\/fr\/555087\/"},"modified":"2025-11-24T09:18:11","modified_gmt":"2025-11-24T09:18:11","slug":"cyclisme-sur-piste-ben-thomas-dans-sa-baignoire-le-tarnais-raconte-son-a-gand-la-ou-il-avait-triomphe-lan-dernier","status":"publish","type":"post","link":"https:\/\/www.europesays.com\/fr\/555087\/","title":{"rendered":"Cyclisme sur piste\u00a0: Ben Thomas dans sa baignoire\u2026 Le Tarnais raconte son \u00e0 Gand, l\u00e0 o\u00f9 il avait triomph\u00e9 l\u2019an dernier"},"content":{"rendered":"<p>\n                                                                    l&rsquo;essentiel<br \/>\n                                                                C\u2019est une piste mythique, th\u00e9\u00e2tre de quelques-unes des plus belles joutes de l\u2019histoire de la discipline. Le \u00ab\u00a0Kuipke\u00a0\u00bb ou \u00ab\u00a0\u2019t Kuipke\u00a0\u00bb de Gand, la baignoire en flamand, est un endroit hors du temps.\n                            <\/p>\n<p>Les drapeaux de nos belles provinces flottent sur cette piste unique. Associ\u00e9 au Vend\u00e9en Lucas Menanteau, Mathieu Dup\u00e9, le Basque de Mayenne pass\u00e9 par l\u2019Occitane, tente d\u2019exploser le chrono du 500 m\u00e8tres sur le trac\u00e9 vertigineux, court, avec ces virages \u00e0 pic si caract\u00e9ristiques (52,5\u00b0 quand m\u00eame\u00a0!), de l\u2019\u00e9crin si souvent enflamm\u00e9 par Patrick Sercu. Il ne reste plus beaucoup de place au centre du v\u00e9lodrome ou des milliers d\u2019aficionados, on ne dit pas comme \u00e7a ici mais bon, se pressent et \u00e9changent des petits cartons contre des verres de bi\u00e8re. Il vaut mieux \u00eatre belge ou plut\u00f4t flamand pour b\u00e9n\u00e9ficier du soutien entier de ce peuple de sp\u00e9cialistes plus chauvins, si c\u2019est possible que nos supporters de rugby. Van Damme et Bertels profitent du soutien pour taper la paire fran\u00e7aise. Elia Viviani qui fait ses adieux, accorde une de ses derni\u00e8res interviews, Lotte Kopecky sourit aux selfies. Le speaker fait monter la sauce dans toutes les langues.<\/p>\n<p class=\"std-elt__inline\">\n        <strong>\u00c0 lire aussi :<\/strong><br \/>\n        <a href=\"https:\/\/www.ladepeche.fr\/2025\/03\/15\/video-cyclisme-il-a-voulu-etre-sympa-et-voila-le-champion-olympique-tarnais-benjamin-thomas-frole-le-drame-en-voulant-faire-un-cadeau-a-un-spectateur-12572300.php\" target=\"_blank\" rel=\"noopener\">VIDEO. Cyclisme\u00a0: \u00ab\u00a0Il a voulu \u00eatre sympa, et voil\u00e0\u00a0!\u00a0\u00bb Le champion olympique tarnais Benjamin Thomas fr\u00f4le le drame en voulant faire un cadeau \u00e0 un spectateur<\/a>\n    <\/p>\n<p>Les 6 Jours de Gand, rescap\u00e9s d\u2019une tradition aujourd\u2019hui presque oubli\u00e9e font le plein une semaine par an. La saison derni\u00e8re, Benjamin Thomas a \u00e9t\u00e9 le premier Fran\u00e7ais \u00e0 inscrire son nom au palmar\u00e8s associ\u00e9 \u00e0 Fabio Van den Bossche. Le Belge va garder son titre en compagnie, cette fois, de son compatriote Lindsay De Wilder. La paire s\u2019est offert un tour d\u2019avance dans le final pour devancer les tr\u00e8s remuants Yoeri Havik et Jules Hesters et le duo Elia Viviani Jasper De Buyst. Avec le tout jeune Oscar Nilsson-Julien, le champion olympique tarnais se contente d\u2019un sixi\u00e8me rang (Dup\u00e9 et Menanteau finissent 3e des 6 Jours de l\u2019avenir) apr\u00e8s avoir sign\u00e9 quelques s\u00e9quences spectaculaires comme son duel samedi soir lors de la course aux points avec le Belge Gianluca Pollefliet. N\u00e9 \u00e0 Bornem comme\u2026 Albert Sercu le p\u00e8re de Patrick, le coureur de Decathlon a r\u00e9sist\u00e9 \u00e0 la r\u00e9gularit\u00e9 du Vaur\u00e9en toujours aussi inspir\u00e9 dans sa lecture de la course. Parti en t\u00eate lors du dernier rush, \u00ab\u00a0Ben\u00a0\u00bb n\u2019a pu \u00e9viter le retour de son adversaire au bout de la courte ligne droite\u2026<\/p>\n<p class=\"std-elt__inline\">\n        <strong>\u00c0 lire aussi :<\/strong><br \/>\n        <a href=\"https:\/\/www.ladepeche.fr\/2025\/01\/04\/championnats-de-france-sur-piste-benjamin-thomas-recu-deux-sur-deux-le-tarnais-a-decroche-son-deuxieme-titre-national-en-deux-jours-12427176.php\" target=\"_blank\" rel=\"noopener\">Championnats de France sur piste\u00a0: Benjamin Thomas re\u00e7u deux sur deux\u00a0! Le Tarnais a d\u00e9croch\u00e9 son deuxi\u00e8me titre national en deux jours<\/a>\n    <\/p>\n<p>Un des premiers regards que l\u2019on croise en p\u00e9n\u00e9trant le temple du parc de la Citadelle, c\u2019est celui du sprinter catalan Isaac Galvez repr\u00e9sent\u00e9 au-dessus de l\u2019arc-en-ciel qu\u2019il a port\u00e9 deux fois pour ses titres \u00e0 l\u2019am\u00e9ricaine. L\u2019an prochain, les organisateurs vont c\u00e9l\u00e9brer le triste anniversaire de son accident mortel lors de l\u2019\u00e9dition 2006. L\u2019\u00e9quipier de Nicolas Portal et Mathieu Perget n\u2019a pu \u00eatre sauv\u00e9 apr\u00e8s avoir percut\u00e9 les balustrades suite \u00e0 un accrochage avec le Gantois Dimitri De Fauw. Trois ans plus tard d\u00e9pressif, le Belge s\u2019est donn\u00e9 la mort quelques heures apr\u00e8s une septi\u00e8me place aux Six jours de Grenoble\u2026 La l\u00e9gende du Kuipke ou \u2018t Kuipke, elle, ne mourra jamais. Chaque automne, les saucisses chaudes continueront \u00e0 permettre aux fid\u00e8les de supporter au mieux les quantit\u00e9s de pintes n\u00e9cessaires \u00e0 la bonne compr\u00e9hension des diff\u00e9rentes tactiques mises en place par les \u00e9cureuils rescap\u00e9s d\u2019une autre \u00e9poque. B\u00e9nie \u00e9videmment\u2026<\/p>\n","protected":false},"excerpt":{"rendered":"l&rsquo;essentiel C\u2019est une piste mythique, th\u00e9\u00e2tre de quelques-unes des plus belles joutes de l\u2019histoire de la discipline. Le&hellip;\n","protected":false},"author":2,"featured_media":555088,"comment_status":"","ping_status":"","sticky":false,"template":"","format":"standard","meta":{"footnotes":""},"categories":[1411],"tags":[1154,207,1011,27,60],"class_list":{"0":"post-555087","1":"post","2":"type-post","3":"status-publish","4":"format-standard","5":"has-post-thumbnail","7":"category-cyclisme","8":"tag-cycling","9":"tag-cyclisme","10":"tag-fr","11":"tag-france","12":"tag-sports"},"share_on_mastodon":{"url":"https:\/\/pubeurope.com\/@fr\/115603931407530304","error":""},"_links":{"self":[{"href":"https:\/\/www.europesays.com\/fr\/wp-json\/wp\/v2\/posts\/555087","targetHints":{"allow":["GET"]}}],"collection":[{"href":"https:\/\/www.europesays.com\/fr\/wp-json\/wp\/v2\/posts"}],"about":[{"href":"https:\/\/www.europesays.com\/fr\/wp-json\/wp\/v2\/types\/post"}],"author":[{"embeddable":true,"href":"https:\/\/www.europesays.com\/fr\/wp-json\/wp\/v2\/users\/2"}],"replies":[{"embeddable":true,"href":"https:\/\/www.europesays.com\/fr\/wp-json\/wp\/v2\/comments?post=555087"}],"version-history":[{"count":0,"href":"https:\/\/www.europesays.com\/fr\/wp-json\/wp\/v2\/posts\/555087\/revisions"}],"wp:featuredmedia":[{"embeddable":true,"href":"https:\/\/www.europesays.com\/fr\/wp-json\/wp\/v2\/media\/555088"}],"wp:attachment":[{"href":"https:\/\/www.europesays.com\/fr\/wp-json\/wp\/v2\/media?parent=555087"}],"wp:term":[{"taxonomy":"category","embeddable":true,"href":"https:\/\/www.europesays.com\/fr\/wp-json\/wp\/v2\/categories?post=555087"},{"taxonomy":"post_tag","embeddable":true,"href":"https:\/\/www.europesays.com\/fr\/wp-json\/wp\/v2\/tags?post=555087"}],"curies":[{"name":"wp","href":"https:\/\/api.w.org\/{rel}","templated":true}]}}