{"id":55509,"date":"2025-04-26T23:19:24","date_gmt":"2025-04-26T23:19:24","guid":{"rendered":"https:\/\/www.europesays.com\/fr\/55509\/"},"modified":"2025-04-26T23:19:24","modified_gmt":"2025-04-26T23:19:24","slug":"vandoeuvre-les-nancy-marion-cortes-developpe-lescape-game-nomade","status":"publish","type":"post","link":"https:\/\/www.europesays.com\/fr\/55509\/","title":{"rendered":"Vand\u0153uvre-l\u00e8s-Nancy. Marion Cort\u00e8s d\u00e9veloppe l\u2019escape game nomade"},"content":{"rendered":"<p>Cort\u00e8s \u00ab\u00a0avec un accent grave sur le e\u00a0\u00bb, sourit Marion Cort\u00e8s en \u00e9voquant ses lointaines origines catalanes.<\/p>\n<p>Form\u00e9e \u00e0 l\u2019IRTS de Lorraine (Institut r\u00e9gional du travail social) et destin\u00e9e \u00e0 une carri\u00e8re de travailleuse sociale, elle exerce au sein de l\u2019UDAF (Union d\u00e9partementale des associations familiales), de l\u2019AMLI (Association pour l\u2019accompagnement, le mieux-\u00eatre et le logement des isol\u00e9s) et&#8230;<\/p>\n","protected":false},"excerpt":{"rendered":"Cort\u00e8s \u00ab\u00a0avec un accent grave sur le e\u00a0\u00bb, sourit Marion Cort\u00e8s en \u00e9voquant ses lointaines origines catalanes. Form\u00e9e&hellip;\n","protected":false},"author":2,"featured_media":55510,"comment_status":"","ping_status":"","sticky":false,"template":"","format":"standard","meta":{"footnotes":""},"categories":[9635],"tags":[1111,11,33,1704,1777,674,1011,27,775,6364,1702,12,25,5711],"class_list":{"0":"post-55509","1":"post","2":"type-post","3":"status-publish","4":"format-standard","5":"has-post-thumbnail","7":"category-nancy","8":"tag-actu","9":"tag-actualites","10":"tag-economie","11":"tag-edition-nancy-et-agglomeration","12":"tag-eu","13":"tag-europe","14":"tag-fr","15":"tag-france","16":"tag-grand-est","17":"tag-metropole-du-grand-nancy-54b1","18":"tag-nancy","19":"tag-news","20":"tag-republique-francaise","21":"tag-vandoeuvre-les-nancy"},"share_on_mastodon":{"url":"https:\/\/pubeurope.com\/@fr\/114406828513245251","error":""},"_links":{"self":[{"href":"https:\/\/www.europesays.com\/fr\/wp-json\/wp\/v2\/posts\/55509","targetHints":{"allow":["GET"]}}],"collection":[{"href":"https:\/\/www.europesays.com\/fr\/wp-json\/wp\/v2\/posts"}],"about":[{"href":"https:\/\/www.europesays.com\/fr\/wp-json\/wp\/v2\/types\/post"}],"author":[{"embeddable":true,"href":"https:\/\/www.europesays.com\/fr\/wp-json\/wp\/v2\/users\/2"}],"replies":[{"embeddable":true,"href":"https:\/\/www.europesays.com\/fr\/wp-json\/wp\/v2\/comments?post=55509"}],"version-history":[{"count":0,"href":"https:\/\/www.europesays.com\/fr\/wp-json\/wp\/v2\/posts\/55509\/revisions"}],"wp:featuredmedia":[{"embeddable":true,"href":"https:\/\/www.europesays.com\/fr\/wp-json\/wp\/v2\/media\/55510"}],"wp:attachment":[{"href":"https:\/\/www.europesays.com\/fr\/wp-json\/wp\/v2\/media?parent=55509"}],"wp:term":[{"taxonomy":"category","embeddable":true,"href":"https:\/\/www.europesays.com\/fr\/wp-json\/wp\/v2\/categories?post=55509"},{"taxonomy":"post_tag","embeddable":true,"href":"https:\/\/www.europesays.com\/fr\/wp-json\/wp\/v2\/tags?post=55509"}],"curies":[{"name":"wp","href":"https:\/\/api.w.org\/{rel}","templated":true}]}}