{"id":555091,"date":"2025-11-24T09:20:15","date_gmt":"2025-11-24T09:20:15","guid":{"rendered":"https:\/\/www.europesays.com\/fr\/555091\/"},"modified":"2025-11-24T09:20:15","modified_gmt":"2025-11-24T09:20:15","slug":"je-la-connais-depuis-longtemps-et","status":"publish","type":"post","link":"https:\/\/www.europesays.com\/fr\/555091\/","title":{"rendered":"Je la connais depuis longtemps et&#8230;"},"content":{"rendered":"<p>            <a href=\"https:\/\/www.journaldesfemmes.fr\/people\/magazine\/3248366-actu-people-france-news-muriel-robin-tatiana-silva-miss-france\/3248432-candidates-de-miss-france-2026\" class=\"app_button_nav_prev jMiddlePreviousButton\" target=\"_blank\" rel=\"noopener\"><\/a><a href=\"https:\/\/www.journaldesfemmes.fr\/people\/magazine\/3248366-actu-people-france-news-muriel-robin-tatiana-silva-miss-france\/3248462-johnny-hallyday\" class=\"app_button_nav_next jMiddleNextButton\" target=\"_blank\" rel=\"noopener\"><\/a><\/p>\n<p>                <img loading=\"lazy\" decoding=\"async\" src=\"https:\/\/www.europesays.com\/fr\/wp-content\/uploads\/2025\/11\/40055807.jpeg\" alt=\"\" width=\"250\" height=\"457\"\/><br \/>\n            <a href=\"https:\/\/img-3.journaldesfemmes.fr\/DjsLMfyhAbmR0lOo1bT1M45LzFc=\/661x\/smart\/03b3a4383c3846c0a212bbe0faa3f590\/ccmcms-jdf\/40055807.jpeg\" class=\"fancy app_btn_1 app_btn--ico\" target=\"_blank\" rel=\"noopener\"><\/a>Oph\u00e9lie Meunier \u00a9\u00a0Laurent VU\/SIPA     <\/p>\n<p><strong>Compliments.<\/strong> Oph\u00e9lie Meunier ne comprend pas les critiques qui vise L\u00e9a Salam\u00e9 depuis qu&rsquo;elle pr\u00e9sente le JT de 20 heures de France 2. \u00ab\u00a0Je connais L\u00e9a depuis tr\u00e8s longtemps puisqu&rsquo;on a travaill\u00e9 ensemble \u00e0 i-T\u00e9l\u00e9 (&#8230;) On a toujours gard\u00e9 un lien (&#8230;) \u00c0 chaque fois que je l&rsquo;ai appel\u00e9e, elle a toujours \u00e9t\u00e9 l\u00e0. C&rsquo;est une journaliste que j&rsquo;aime et que j&rsquo;admire, et l&rsquo;une des femmes les plus talentueuses de notre g\u00e9n\u00e9ration\u00a0\u00bb, a expliqu\u00e9 la journaliste de 37 ans \u00e0\u00a0Tv Mag.<\/p>\n","protected":false},"excerpt":{"rendered":"Oph\u00e9lie Meunier \u00a9\u00a0Laurent VU\/SIPA Compliments. Oph\u00e9lie Meunier ne comprend pas les critiques qui vise L\u00e9a Salam\u00e9 depuis qu&rsquo;elle&hellip;\n","protected":false},"author":2,"featured_media":555092,"comment_status":"","ping_status":"","sticky":false,"template":"","format":"standard","meta":{"footnotes":""},"categories":[1359],"tags":[67270,51761,58,59,52292,1011,27,51766,1031,973],"class_list":{"0":"post-555091","1":"post","2":"type-post","3":"status-publish","4":"format-standard","5":"has-post-thumbnail","7":"category-people","8":"tag-cms-journaldesfemmes-3248408","9":"tag-controller-content","10":"tag-divertissement","11":"tag-entertainment","12":"tag-format-reportage","13":"tag-fr","14":"tag-france","15":"tag-les-histoires-du-jdf","16":"tag-magazine","17":"tag-people"},"share_on_mastodon":{"url":"https:\/\/pubeurope.com\/@fr\/115603939950965525","error":""},"_links":{"self":[{"href":"https:\/\/www.europesays.com\/fr\/wp-json\/wp\/v2\/posts\/555091","targetHints":{"allow":["GET"]}}],"collection":[{"href":"https:\/\/www.europesays.com\/fr\/wp-json\/wp\/v2\/posts"}],"about":[{"href":"https:\/\/www.europesays.com\/fr\/wp-json\/wp\/v2\/types\/post"}],"author":[{"embeddable":true,"href":"https:\/\/www.europesays.com\/fr\/wp-json\/wp\/v2\/users\/2"}],"replies":[{"embeddable":true,"href":"https:\/\/www.europesays.com\/fr\/wp-json\/wp\/v2\/comments?post=555091"}],"version-history":[{"count":0,"href":"https:\/\/www.europesays.com\/fr\/wp-json\/wp\/v2\/posts\/555091\/revisions"}],"wp:featuredmedia":[{"embeddable":true,"href":"https:\/\/www.europesays.com\/fr\/wp-json\/wp\/v2\/media\/555092"}],"wp:attachment":[{"href":"https:\/\/www.europesays.com\/fr\/wp-json\/wp\/v2\/media?parent=555091"}],"wp:term":[{"taxonomy":"category","embeddable":true,"href":"https:\/\/www.europesays.com\/fr\/wp-json\/wp\/v2\/categories?post=555091"},{"taxonomy":"post_tag","embeddable":true,"href":"https:\/\/www.europesays.com\/fr\/wp-json\/wp\/v2\/tags?post=555091"}],"curies":[{"name":"wp","href":"https:\/\/api.w.org\/{rel}","templated":true}]}}