{"id":555093,"date":"2025-11-24T09:22:07","date_gmt":"2025-11-24T09:22:07","guid":{"rendered":"https:\/\/www.europesays.com\/fr\/555093\/"},"modified":"2025-11-24T09:22:07","modified_gmt":"2025-11-24T09:22:07","slug":"avant-apres-les-nouveaux-bureaux-darianegroup","status":"publish","type":"post","link":"https:\/\/www.europesays.com\/fr\/555093\/","title":{"rendered":"Avant\/Apr\u00e8s : Les nouveaux bureaux d&rsquo;ArianeGroup"},"content":{"rendered":"<p>      <img loading=\"lazy\" decoding=\"async\" width=\"640\" height=\"480\" alt=\"Bureaux ArianeGoup \" title=\"Bureaux ArianeGoup \" class=\"zoomable\" data-pin-url=\"https:\/\/www.maisonapart.com\/edito\/amenager-son-interieur\/bureau\/avant-aprs---les-nouveaux-bureaux-darianegroup-14169.php\" src=\"https:\/\/www.europesays.com\/fr\/wp-content\/uploads\/2025\/11\/20251118_133340_photo-1-ok--sowen-arianeromainricard-31.webp.webp\" \/>    <\/p>\n<p>Bureaux ArianeGoup  \u00a9 Romain Ricard<\/p>\n<p><b>AVANT\/APRES.<\/b> L&rsquo;agence d&rsquo;architecture Sowen a accompagn\u00e9 ArianeGroup dans l&rsquo;am\u00e9nagement de ses nouveaux bureaux, r\u00e9unissant les entit\u00e9s ArianeGroup, Arianespace et MaiaSpace. Retour sur un projet d&rsquo;envergure, de 3.000 m\u00b2 dans l&rsquo;immeuble Watt de La D\u00e9fense, r\u00e9alis\u00e9 en seulement deux mois de conception et quatre mois de travaux.  <\/p>\n<p>Concevoir des bureaux inspirants et respectueux des d\u00e9lais, telle a \u00e9t\u00e9 la mission confi\u00e9e \u00e0 l&rsquo;agence d&rsquo;architecture Sowen par ArianeGroup, tout en regroupant sur un m\u00eame site les 330 collaborateurs des trois entit\u00e9s du groupe : ArianeGroup, ArianeSpace et MaiaSpace. \u00ab\u00a0Comme nous regroupions des personnes qui n&rsquo;avaient pas l&rsquo;habitude de travailler ensemble, il fallait cr\u00e9er un lieu d&rsquo;appartenance tout en int\u00e9grant beaucoup de confort pour les collaborateurs\u00a0\u00bb, partage Muriel Hou\u00ebl, associ\u00e9e chez Sowen. L&rsquo;agence est sp\u00e9cialis\u00e9e dans les espaces de travail et les \u00e9tablissements recevant du public. <\/p>\n<p>Acoustique, ergonomie des postes, am\u00e9nagement d&rsquo;espaces ouverts avec de nombreuses zones de repli ont donc \u00e9t\u00e9 les \u00e9l\u00e9ments cl\u00e9s de ce projet, qui s&rsquo;\u00e9tend sur 3.000 m\u00b2 r\u00e9partis dans trois des \u00e9tages de l&rsquo;immeuble Watt de La D\u00e9fense. <\/p>\n<p>\u00ab\u00a0Le lieu de travail \u00e9tait un crit\u00e8re de choix important pour ces m\u00e9tiers concurrentiels, nous avons travaill\u00e9 sur des concepts d&rsquo;am\u00e9nagement pouss\u00e9s afin de refl\u00e9ter l&rsquo;ADN du groupe et de travailler autour du sujet de marque employeur\u00a0\u00bb, poursuit Muriel Hou\u00ebl avant de d\u00e9crire : \u00ab\u00a0Le domaine de l&rsquo;a\u00e9rospatial nous a tout de suite \u00e9voqu\u00e9 un r\u00eave d&rsquo;enfant, celui de voir la Terre depuis l&rsquo;espace. Nous avons donc souhait\u00e9 apporter une touche d&rsquo;\u00e9motion pour cr\u00e9er le contraste avec le sujet des technologies de pointe.\u00a0\u00bb <\/p>\n<p><b>D\u00e9couvrez dans les pages suivantes, en images, comment cet imaginaire li\u00e9 au r\u00eave d&rsquo;enfant se concr\u00e9tise dans l&rsquo;am\u00e9nagement de ces bureaux.<\/b><\/p>\n","protected":false},"excerpt":{"rendered":"Bureaux ArianeGoup \u00a9 Romain Ricard AVANT\/APRES. L&rsquo;agence d&rsquo;architecture Sowen a accompagn\u00e9 ArianeGroup dans l&rsquo;am\u00e9nagement de ses nouveaux bureaux,&hellip;\n","protected":false},"author":2,"featured_media":555094,"comment_status":"","ping_status":"","sticky":false,"template":"","format":"standard","meta":{"footnotes":""},"categories":[1358],"tags":[1348,1384,1385,1386,58,59,1011,27],"class_list":{"0":"post-555093","1":"post","2":"type-post","3":"status-publish","4":"format-standard","5":"has-post-thumbnail","7":"category-arts-et-design","8":"tag-arts","9":"tag-arts-and-design","10":"tag-arts-et-design","11":"tag-design","12":"tag-divertissement","13":"tag-entertainment","14":"tag-fr","15":"tag-france"},"share_on_mastodon":{"url":"","error":""},"_links":{"self":[{"href":"https:\/\/www.europesays.com\/fr\/wp-json\/wp\/v2\/posts\/555093","targetHints":{"allow":["GET"]}}],"collection":[{"href":"https:\/\/www.europesays.com\/fr\/wp-json\/wp\/v2\/posts"}],"about":[{"href":"https:\/\/www.europesays.com\/fr\/wp-json\/wp\/v2\/types\/post"}],"author":[{"embeddable":true,"href":"https:\/\/www.europesays.com\/fr\/wp-json\/wp\/v2\/users\/2"}],"replies":[{"embeddable":true,"href":"https:\/\/www.europesays.com\/fr\/wp-json\/wp\/v2\/comments?post=555093"}],"version-history":[{"count":0,"href":"https:\/\/www.europesays.com\/fr\/wp-json\/wp\/v2\/posts\/555093\/revisions"}],"wp:featuredmedia":[{"embeddable":true,"href":"https:\/\/www.europesays.com\/fr\/wp-json\/wp\/v2\/media\/555094"}],"wp:attachment":[{"href":"https:\/\/www.europesays.com\/fr\/wp-json\/wp\/v2\/media?parent=555093"}],"wp:term":[{"taxonomy":"category","embeddable":true,"href":"https:\/\/www.europesays.com\/fr\/wp-json\/wp\/v2\/categories?post=555093"},{"taxonomy":"post_tag","embeddable":true,"href":"https:\/\/www.europesays.com\/fr\/wp-json\/wp\/v2\/tags?post=555093"}],"curies":[{"name":"wp","href":"https:\/\/api.w.org\/{rel}","templated":true}]}}