{"id":555097,"date":"2025-11-24T09:25:14","date_gmt":"2025-11-24T09:25:14","guid":{"rendered":"https:\/\/www.europesays.com\/fr\/555097\/"},"modified":"2025-11-24T09:25:14","modified_gmt":"2025-11-24T09:25:14","slug":"ornella-vanoni-star-de-la-chanson-populaire-italienne-est-morte-a-91-ans","status":"publish","type":"post","link":"https:\/\/www.europesays.com\/fr\/555097\/","title":{"rendered":"Ornella Vanoni, star de la chanson populaire italienne, est morte \u00e0 91 ans"},"content":{"rendered":"<p>\n    <strong>DISPARITION\u00a0&#8211;<\/strong>\u00a0La chanteuse aux plus de 50 millions de disques vendus \u00e0 travers le monde s\u2019est \u00e9teinte \u00e0 Milan, le 21 novembre, des suites d\u2019un arr\u00eat cardiaque.<\/p>\n<p class=\"fig-paragraph\">La chanteuse Ornella Vanoni, star de la\u00a0<a href=\"http:\/\/www.lefigaro.fr\/musique\/mort-d-andrea-lo-vecchio-grand-parolier-de-la-chanson-a-l-italienne-20210224\" data-fig-type=\"Article\" data-gtm-custom-categorie=\"navigation\" data-gtm-custom-action=\"crossclick\" data-gtm-custom-label=\"Contextuel\" data-gtm-event=\"customEventSPE\" data-fig-domain=\"LEFIGARO\" target=\"_blank\" rel=\"noopener\">chanson populaire italienne<\/a>, s&rsquo;est \u00e9teinte vendredi 21 novembre \u00e0 91 ans \u00e0 son domicile de Milan, rapportent le\u00a0<a href=\"https:\/\/www.corriere.it\/spettacoli\/25_novembre_21\/e-morta-ornella-vanoni-la-cantante-aveva-91-anni-0e62b739-46fd-47f2-bd95-0f2e2d3fcxlk.shtml\" target=\"_blank\" rel=\"sponsored noopener\" data-gtm-custom-categorie=\"navigation\" data-gtm-custom-action=\"crossclick\" data-gtm-custom-label=\"Contextuel\" data-gtm-event=\"customEventSPE\">Corriere della Sera\u00a0<\/a> et l&rsquo;agence de presse Agi. L&rsquo;artiste est d\u00e9c\u00e9d\u00e9e peu avant 23 heures des suites d&rsquo;un arr\u00eat cardiaque, ajoutent les m\u00eames sources.<\/p>\n<p class=\"fig-paragraph\">N\u00e9e le 22 septembre 1934 \u00e0 Milan, Ornella Vanoni s\u2019est affirm\u00e9e comme l\u2019une des interpr\u00e8tes les plus accomplies et les plus appr\u00e9ci\u00e9es de \u00ab\u00a0musica leggera\u00a0\u00bb, la chanson populaire qui a rythm\u00e9 l\u2019Italie \u00e0 partir des ann\u00e9es 1960. Elle a notamment enregistr\u00e9 les tubes La Musica \u00e8 Finita, Eternita, L&rsquo;Appuntamento (Le Rendez-vous) et Una Ragione di Pi\u00f9 (Une raison en plus), et vendu plus de 50 millions de disques dans le monde.<\/p>\n<p>                                    <a class=\"fig-a11y-skip a11y-hidden\" href=\"#fig-a11y-skip-main-inarticle\"><br \/>\n        Passer la publicit\u00e9<br \/>\n    <\/a><\/p>\n<p class=\"fig-paragraph\"><strong>Ornella Vanoni\u00a0&#8211;\u00a0<\/strong><strong>L\u2019Appuntamento<\/strong> <strong>\u00a0(1970)<\/strong><\/p>\n<p class=\"fig-paragraph\">Femme de grand style reconnaissable \u00e0 sa chevelure rousse boucl\u00e9e, Ornella Vanoni a \u00e9galement su s\u2019entourer des meilleurs artistes lors de collaborations fructueuses\u00a0:\u00a0<a href=\"https:\/\/www.lefigaro.fr\/musique\/2010\/07\/21\/03006-20100721ARTFIG00585-george-benson-illumine-les-nuits-de-la-guitare.php\" data-fig-type=\"Article\" data-gtm-custom-categorie=\"navigation\" data-gtm-custom-action=\"crossclick\" data-gtm-custom-label=\"Contextuel\" data-gtm-event=\"customEventSPE\" data-fig-domain=\"LEFIGARO\" target=\"_blank\" rel=\"noopener\">George Benson<\/a>,\u00a0<a href=\"http:\/\/www.lefigaro.fr\/musique\/herbie-hancock-le-jazz-travaille-pour-la-paix-et-l-unite-du-monde-20230709\" data-fig-type=\"Article\" data-gtm-custom-categorie=\"navigation\" data-gtm-custom-action=\"crossclick\" data-gtm-custom-label=\"Contextuel\" data-gtm-event=\"customEventSPE\" data-fig-domain=\"LEFIGARO\" target=\"_blank\" rel=\"noopener\">Herbie Hancock<\/a>, Franco Califano ou encore Gino Paoli, avec lequel elle a entretenu une longue complicit\u00e9, aussi bien artistique que personnelle.<\/p>\n<p>\u00ab\u00a0Elle a marqu\u00e9 l\u2019histoire de la chanson\u00a0\u00bb<\/p>\n<p class=\"fig-paragraph\">En 1964, elle remporte le Festival de Naples, une comp\u00e9tition musicale disparue depuis, puis participe pas moins de huit fois au prestigieux Festival de San Remo, une institution italienne o\u00f9 elle arrive deuxi\u00e8me en 1968 avec Casa Bianca. Elle devient, en 1999, la premi\u00e8re chanteuse de l&rsquo;histoire de\u00a0<a href=\"http:\/\/www.lefigaro.fr\/musique\/stop-au-genocide-les-mots-polemiques-du-rappeur-ghali-au-festival-de-san-remo-20240213\" data-fig-type=\"Article\" data-gtm-custom-categorie=\"navigation\" data-gtm-custom-action=\"crossclick\" data-gtm-custom-label=\"Contextuel\" data-gtm-event=\"customEventSPE\" data-fig-domain=\"LEFIGARO\" target=\"_blank\" rel=\"noopener\">San Remo<\/a>\u00a0\u00e0 recevoir un prix d&rsquo;honneur pour l&rsquo;ensemble de sa carri\u00e8re.<\/p>\n<p class=\"fig-paragraph\">Les ann\u00e9es suivantes, Vanoni, qui n\u2019avait pas sa langue dans sa poche, fit r\u00e9guli\u00e8rement la une des magazines people, r\u00e9v\u00e9lant des \u00e9pisodes de sa vie priv\u00e9e, tout en continuant \u00e0 monter sur sc\u00e8ne et \u00e0 enregistrer des albums. Le dernier en date, Diverse, sorti en 2024, revisite certains des plus grands succ\u00e8s de l\u2019artiste avec de nouveaux arrangements.<\/p>\n<p class=\"fig-body-link\">\n            \u00c0 lire aussi<br \/>\n        <a class=\"fig-body-link__link\" href=\"https:\/\/www.lefigaro.fr\/musique\/2016\/11\/19\/03006-20161119ARTFIG00101-roberto-alagna-ses-origines-italiennes-en-chansons.php\" target=\"_blank\" data-fig-type=\"Article\" rel=\"noopener\" data-gtm-custom-categorie=\"navigation\" data-gtm-custom-action=\"crossclick\" data-gtm-custom-label=\"Contextuel\" data-gtm-event=\"customEventSPE\" data-fig-domain=\"LEFIGARO\"><\/p>\n<p>        Roberto Alagna: ses origines italiennes en chansons<br \/>\n    <\/a>\n<\/p>\n<p class=\"fig-paragraph\">\u00ab\u00a0Avec la disparition d&rsquo;Ornella Vanoni, l&rsquo;Italie perd l&rsquo;une de ses artistes les plus originales et raffin\u00e9es. Gr\u00e2ce \u00e0 sa voix unique et \u00e0 son talent d&rsquo;interpr\u00e8te hors pair, elle a marqu\u00e9 l&rsquo;histoire de la chanson, du th\u00e9\u00e2tre et du spectacle italiens\u00a0\u00bb, a soulign\u00e9 dans un communiqu\u00e9 le ministre italien de la Culture, Alessandro Giuli. \u00ab\u00a0Avec sa voix unique, elle a marqu\u00e9 l&rsquo;histoire de la musique italienne, laissant un h\u00e9ritage artistique qui restera \u00e0 jamais grav\u00e9 dans le c\u0153ur de tous\u00a0\u00bb, a estim\u00e9 pour sa part Lorenzo Fontana, pr\u00e9sident de la Chambre des d\u00e9put\u00e9s.<\/p>\n","protected":false},"excerpt":{"rendered":"DISPARITION\u00a0&#8211;\u00a0La chanteuse aux plus de 50 millions de disques vendus \u00e0 travers le monde s\u2019est \u00e9teinte \u00e0 Milan,&hellip;\n","protected":false},"author":2,"featured_media":555098,"comment_status":"","ping_status":"","sticky":false,"template":"","format":"standard","meta":{"footnotes":""},"categories":[1355],"tags":[1695,3983,58,59,1011,27,452,1361,873],"class_list":{"0":"post-555097","1":"post","2":"type-post","3":"status-publish","4":"format-standard","5":"has-post-thumbnail","7":"category-musique","8":"tag-chanson","9":"tag-deces","10":"tag-divertissement","11":"tag-entertainment","12":"tag-fr","13":"tag-france","14":"tag-italie","15":"tag-music","16":"tag-musique"},"share_on_mastodon":{"url":"https:\/\/pubeurope.com\/@fr\/115603959091426903","error":""},"_links":{"self":[{"href":"https:\/\/www.europesays.com\/fr\/wp-json\/wp\/v2\/posts\/555097","targetHints":{"allow":["GET"]}}],"collection":[{"href":"https:\/\/www.europesays.com\/fr\/wp-json\/wp\/v2\/posts"}],"about":[{"href":"https:\/\/www.europesays.com\/fr\/wp-json\/wp\/v2\/types\/post"}],"author":[{"embeddable":true,"href":"https:\/\/www.europesays.com\/fr\/wp-json\/wp\/v2\/users\/2"}],"replies":[{"embeddable":true,"href":"https:\/\/www.europesays.com\/fr\/wp-json\/wp\/v2\/comments?post=555097"}],"version-history":[{"count":0,"href":"https:\/\/www.europesays.com\/fr\/wp-json\/wp\/v2\/posts\/555097\/revisions"}],"wp:featuredmedia":[{"embeddable":true,"href":"https:\/\/www.europesays.com\/fr\/wp-json\/wp\/v2\/media\/555098"}],"wp:attachment":[{"href":"https:\/\/www.europesays.com\/fr\/wp-json\/wp\/v2\/media?parent=555097"}],"wp:term":[{"taxonomy":"category","embeddable":true,"href":"https:\/\/www.europesays.com\/fr\/wp-json\/wp\/v2\/categories?post=555097"},{"taxonomy":"post_tag","embeddable":true,"href":"https:\/\/www.europesays.com\/fr\/wp-json\/wp\/v2\/tags?post=555097"}],"curies":[{"name":"wp","href":"https:\/\/api.w.org\/{rel}","templated":true}]}}