{"id":555099,"date":"2025-11-24T09:26:15","date_gmt":"2025-11-24T09:26:15","guid":{"rendered":"https:\/\/www.europesays.com\/fr\/555099\/"},"modified":"2025-11-24T09:26:15","modified_gmt":"2025-11-24T09:26:15","slug":"steven-spielberg-se-bat-pour-que-les-blockbusters-ne-prennent-pas-le-controle-des-cinemas","status":"publish","type":"post","link":"https:\/\/www.europesays.com\/fr\/555099\/","title":{"rendered":"Steven Spielberg se bat pour que les blockbusters ne prennent pas le contr\u00f4le des cin\u00e9mas"},"content":{"rendered":"<p><strong>Producteur du nouveau film de <a href=\"https:\/\/www.ecranlarge.com\/personnalite\/997981-chloe-zhao\" data-type=\"people\" data-id=\"478217\" target=\"_blank\" rel=\"noopener\">Chlo\u00e9 Zhao<\/a>, <a href=\"https:\/\/www.ecranlarge.com\/films\/1473725-hamnet\" data-type=\"films\" data-id=\"795750\" target=\"_blank\" rel=\"noopener\">Hamnet<\/a>, <a href=\"https:\/\/www.ecranlarge.com\/personnalite\/654722-steven-spielberg\" data-type=\"people\" data-id=\"306656\" target=\"_blank\" rel=\"noopener\">Steven Spielberg<\/a> a partag\u00e9 ses esp\u00e9rances quant au futur du cin\u00e9ma en salles.<\/strong><\/p>\n<p>JCVD peut se rhabiller, on a trouv\u00e9 plus fort dans l\u2019art du grand \u00e9cart. <strong>Les chansons que mes fr\u00e8res m\u2019ont apprises<\/strong>, <strong>The Rider<\/strong> et <strong>Nomadland<\/strong> de Chlo\u00e9 Zhao ont respectivement co\u00fbt\u00e9 100 000, 80 000 et 5 millions de dollars. Et son quatri\u00e8me long-m\u00e9trage, <strong>Les \u00c9ternels<\/strong> pour l\u2019\u00e9curie Marvel a fait grimper la facture jusqu\u2019\u00e0 236\u00a0millions de dollars. Autant dire que la cin\u00e9aste oscaris\u00e9e a jongl\u00e9 <strong>entre petites et grosses productions, et donc entre les contraintes de la modestie p\u00e9cuniaire et celles des obligations de rendements<\/strong>.<\/p>\n<p>                    <img decoding=\"async\" alt=\"\" class=\"wp-image-518375\" style=\"object-fit:cover;width:25px;height:25px\" src=\"https:\/\/www.ecranlarge.com\/content\/uploads\/2023\/09\/arrow-right-circle.svg\"\/><\/p>\n<p>Si on n\u2019en connait pas encore le budget, Chlo\u00e9 Zhao semble plut\u00f4t revenir \u00e0 la premi\u00e8re des deux cat\u00e9gories avec son adaptation du roman de Maggie O\u2019Farrell. <strong>Hamnet <\/strong>raconte l\u2019histoire de William Shakespeare (<a href=\"https:\/\/www.ecranlarge.com\/personnalite\/1155309-paul-mescal\" data-type=\"people\" data-id=\"510909\" target=\"_blank\" rel=\"noopener\">Paul Mescal<\/a>) et de sa femme Agnes (<a href=\"https:\/\/www.ecranlarge.com\/personnalite\/1010447-jessie-buckley\" data-type=\"people\" data-id=\"480265\" target=\"_blank\" rel=\"noopener\">Jessie Buckley<\/a>) au moment du d\u00e9c\u00e8s de leur fils Hamnet en bas \u00e2ge. Deuil cruel qui inspire au dramaturge sa pi\u00e8ce phare : <strong>Hamlet<\/strong>. Une \u0153uvre \u00e9loign\u00e9e (d\u2019apr\u00e8s ce que sa bande-annonce laisse entrevoir) du tout-venant des longs-m\u00e9trages qui trustent g\u00e9n\u00e9ralement le plus d\u2019entr\u00e9es en salles. <strong>C\u2019est justement sous cet angle que le producteur d\u2019Hamnet, un certain Steven Spielberg, a choisi de d\u00e9fendre le film. <\/strong><\/p>\n<p><a href=\"https:\/\/www.ecranlarge.com\/content\/uploads\/2025\/09\/fcd8803be480fc3fd79f80b56597c9ba.jpg\" target=\"_blank\" rel=\"noopener\"><\/p>\n<p><img loading=\"lazy\" decoding=\"async\" alt=\"\" src=\"https:\/\/www.europesays.com\/fr\/wp-content\/uploads\/2025\/11\/fcd8803be480fc3fd79f80b56597c9ba-1260x709.jpg\" width=\"1260\" height=\"709\"  \/><\/p>\n<p><\/a>\u00ab Eh, Jessie, tu veux qu\u2019on construise une cabane ? \u00bbTO BE OR NOT TO BE UNE GROSSE PROD HOLLYWOODIENNE <\/p>\n<p>The Hollywood Reporter nous apprend que, lors de la premi\u00e8re du long-m\u00e9trage \u00e0 l\u2019Academy Museum de Los Angeles, Steven Spielberg a tenu \u00e0 d\u00e9fendre, en plus du film, une certaine id\u00e9e du cin\u00e9ma et, qui plus est, du cin\u00e9ma en salles. Celui qui avait donc troqu\u00e9 pour l\u2019occasion sa casquette de r\u00e9alisateur contre celle de producteur a d\u2019abord point\u00e9 du doigt le grand \u00e9cran du mus\u00e9e avant de prononcer ces paroles :<\/p>\n<blockquote class=\"wp-block-quote is-layout-flow wp-block-quote-is-layout-flow\">\n<p><b>\u00ab\u00a0Ce sont ces \u00e9crans que nous nous effor\u00e7ons de remplir, non seulement de superproductions \u00e9piques et divertissantes, mais aussi de portraits sensibles et intimistes du mariage, de la vie de famille, et de ces r\u00e9v\u00e9lations bouleversantes n\u00e9es du chagrin et de la souffrance <\/b><strong>\u2013 comme le film que vous allez voir. On a besoin de place pour des \u0153uvres comme celle de Chlo\u00e9 sur des \u00e9crans comme celui-l\u00e0.\u00a0Je suis tr\u00e8s fier d\u2019\u00eatre l\u2019un des producteurs qui a vu Chlo\u00e9 r\u00e9aliser ce petit miracle cin\u00e9matographique.\u00a0\u00bb<\/strong><\/p>\n<\/blockquote>\n<p><a href=\"https:\/\/www.ecranlarge.com\/content\/uploads\/2025\/09\/b876bf840dab929460f48ff0dac4d321.jpg\" target=\"_blank\" rel=\"noopener\"><\/p>\n<p><img loading=\"lazy\" decoding=\"async\" alt=\"paul mescal hamnet\" src=\"https:\/\/www.europesays.com\/fr\/wp-content\/uploads\/2025\/11\/b876bf840dab929460f48ff0dac4d321-1260x837.jpg\" width=\"1260\" height=\"837\"  \/><\/p>\n<p><\/a>Monsieur Guillaume Poirem\u00ealang\u00e9e<\/p>\n<p><strong>Si on ne peut que se joindre \u00e0 de tels v\u0153ux, il est ironique que ce soit Steven Spielberg qui les formule<\/strong>. Tout jugement de go\u00fbt mis de c\u00f4t\u00e9, l\u2019homme derri\u00e8re <strong>Les Dents de la mer<\/strong>, <strong>Indiana Jones<\/strong> et <strong>Jurassic Park<\/strong> a largement contribu\u00e9 \u00e0 faire du blockbuster franchis\u00e9 une norme dans l\u2019industrie. Qui plus est, en sortant ses premiers grands succ\u00e8s d\u00e8s les ann\u00e9es 70-80, il a (sans doute involontairement) contribu\u00e9 \u00e0 remplacer l\u2019\u00e2ge d\u2019or du Nouvel Hollywood par une nouvelle p\u00e9riode de domination des studios.<\/p>\n<p>M\u00eame son activit\u00e9 en tant que producteur a rarement fait \u00e9merger de petites perles ind\u00e9s autrement impossibles \u00e0 monter. Et dans son r\u00f4le de producteur d\u00e9l\u00e9gu\u00e9, l\u2019Am\u00e9ricain a beaucoup financ\u00e9 des longs-m\u00e9trages sans doute plus faits pour l\u2019argent que pour l\u2019amour de l\u2019art (r\u00e9cemment, <strong>Jurassic World\u00a0: Renaissance, Transformers\u00a0: Le Commencement<\/strong> ou <strong>Indiana Jones et le Cadran de la destin\u00e9e<\/strong>). <strong>Son bilan au service d\u2019un cin\u00e9ma modeste et sensible est pour le moins \u00e9quivoque. <\/strong><\/p>\n<p><a href=\"https:\/\/www.ecranlarge.com\/content\/uploads\/2024\/04\/transformers-le-commencement-transformers-une-bande-annonce-spatiale-pour-le-film-sur-les-origines-doptimus-prime-1508593.jpg\" target=\"_blank\" rel=\"noopener\"><\/p>\n<p><img loading=\"lazy\" decoding=\"async\" alt=\"Transformers : Le Commencement : Transformers :  une bande-annonce spatiale pour le film sur les origines d'Optimus Prim\" src=\"https:\/\/www.europesays.com\/fr\/wp-content\/uploads\/2025\/11\/transformers-le-commencement-transformers-une-bande-annonce-spatiale-pour-le-film-sur-les-origines-d.jpeg\" width=\"630\" height=\"295\"  \/><\/p>\n<p><\/a>Quand t\u2019es content d\u2019apprendre que tu fais partie des \u00ab portraits sensibles et intimistes du mariage et de la vie de famille \u00bb<\/p>\n<p>Bien s\u00fbr, Steven Spielberg est sans doute conscient de cet h\u00e9ritage et peut-\u00eatre, \u00e0 bient\u00f4t 80 ans, souhaite-t-il d\u00e9sormais faire amende honorable. <strong>Hamnet <\/strong>serait alors la premi\u00e8re \u00e9tape d\u2019une activit\u00e9 quasi m\u00e9c\u00e9nale en tant que producteurs de cin\u00e9astes fauch\u00e9s aux ambitions hautes ? Surtout, blockbuster n\u2019est pas un gros mot et <strong>s\u2019il arrive r\u00e9guli\u00e8rement que gros budget rime avec grand film, ce fut plus d\u2019une fois gr\u00e2ce \u00e0 lui. <\/strong><\/p>\n<p>En attendant d\u2019en avoir (on esp\u00e8re) encore une fois la preuve avec son prochain long-m\u00e9trage de science-fiction, <strong>Disclosure<\/strong>, on a h\u00e2te de d\u00e9couvrir <strong>Hamnet <\/strong>de Chlo\u00e9 Zhao, dont la presse \u00e9trang\u00e8re dit le plus grand bien. <strong>Il sort dans nos salles le 21 janvier 2026. <\/strong><\/p>\n","protected":false},"excerpt":{"rendered":"Producteur du nouveau film de Chlo\u00e9 Zhao, Hamnet, Steven Spielberg a partag\u00e9 ses esp\u00e9rances quant au futur du&hellip;\n","protected":false},"author":2,"featured_media":555100,"comment_status":"","ping_status":"","sticky":false,"template":"","format":"standard","meta":{"footnotes":""},"categories":[1354],"tags":[58,59,1346,1011,27,1360],"class_list":{"0":"post-555099","1":"post","2":"type-post","3":"status-publish","4":"format-standard","5":"has-post-thumbnail","7":"category-films","8":"tag-divertissement","9":"tag-entertainment","10":"tag-films","11":"tag-fr","12":"tag-france","13":"tag-movies"},"share_on_mastodon":{"url":"https:\/\/pubeurope.com\/@fr\/115603963438222456","error":""},"_links":{"self":[{"href":"https:\/\/www.europesays.com\/fr\/wp-json\/wp\/v2\/posts\/555099","targetHints":{"allow":["GET"]}}],"collection":[{"href":"https:\/\/www.europesays.com\/fr\/wp-json\/wp\/v2\/posts"}],"about":[{"href":"https:\/\/www.europesays.com\/fr\/wp-json\/wp\/v2\/types\/post"}],"author":[{"embeddable":true,"href":"https:\/\/www.europesays.com\/fr\/wp-json\/wp\/v2\/users\/2"}],"replies":[{"embeddable":true,"href":"https:\/\/www.europesays.com\/fr\/wp-json\/wp\/v2\/comments?post=555099"}],"version-history":[{"count":0,"href":"https:\/\/www.europesays.com\/fr\/wp-json\/wp\/v2\/posts\/555099\/revisions"}],"wp:featuredmedia":[{"embeddable":true,"href":"https:\/\/www.europesays.com\/fr\/wp-json\/wp\/v2\/media\/555100"}],"wp:attachment":[{"href":"https:\/\/www.europesays.com\/fr\/wp-json\/wp\/v2\/media?parent=555099"}],"wp:term":[{"taxonomy":"category","embeddable":true,"href":"https:\/\/www.europesays.com\/fr\/wp-json\/wp\/v2\/categories?post=555099"},{"taxonomy":"post_tag","embeddable":true,"href":"https:\/\/www.europesays.com\/fr\/wp-json\/wp\/v2\/tags?post=555099"}],"curies":[{"name":"wp","href":"https:\/\/api.w.org\/{rel}","templated":true}]}}