{"id":555103,"date":"2025-11-24T09:28:13","date_gmt":"2025-11-24T09:28:13","guid":{"rendered":"https:\/\/www.europesays.com\/fr\/555103\/"},"modified":"2025-11-24T09:28:13","modified_gmt":"2025-11-24T09:28:13","slug":"paris-fc-un-double-et-une-bonne-vanne-sur-rami-soiree-reussie-pour-olivier-giroud","status":"publish","type":"post","link":"https:\/\/www.europesays.com\/fr\/555103\/","title":{"rendered":"Paris FC\u00a0: Un doubl\u00e9 et une bonne vanne sur Rami, soir\u00e9e r\u00e9ussie pour Olivier Giroud"},"content":{"rendered":"<p>Apr\u00e8s deux mois de disette, <a href=\"https:\/\/www.20minutes.fr\/sport\/olivier_giroud\/\" class=\"c-link c-link--is-underlined\" target=\"_blank\" rel=\"noopener\">Olivier Giroud<\/a> est ressorti de sa bo\u00eete au bon moment dimanche soir. Dans un match pas facile face \u00e0 une accrocheuse \u00e9quipe du <a href=\"https:\/\/www.20minutes.fr\/sport\/paris_fc\/\" class=\"c-link c-link--is-underlined\" target=\"_blank\" rel=\"noopener\">Paris FC<\/a>, l\u2019attaquant de 39 ans a inscrit un doubl\u00e9 pour montrer le chemin \u00e0 ses co\u00e9quipiers du <a href=\"https:\/\/www.20minutes.fr\/sport\/losc\/\" class=\"c-link c-link--is-underlined\" target=\"_blank\" rel=\"noopener\">Losc<\/a>, finalement victorieux 4-2.<\/p>\n<p>Gr\u00e2ce \u00e0 une frappe limpide dans la surface (40e) puis un penalty transform\u00e9 avec ma\u00eetrise (77e), le meilleur buteur de l\u2019histoire <a href=\"https:\/\/www.20minutes.fr\/sport\/equipe-de-france-de-football\/\" class=\"c-link c-link--is-underlined\" target=\"_blank\" rel=\"noopener\">des Bleus<\/a> (57 buts en 137 s\u00e9lections) a retourn\u00e9 le match, alors que Willem Geubbels avait refroidi le Stade Pierre-Mauroy d\u00e8s la 11e. Un doubl\u00e9 v\u00e9cu comme un soulagement. \u00ab\u00a0Les cages se faisaient un peu plus petites ces derniers temps\u00a0\u00bb, a-t-il reconnu au coup de sifflet final, avec le sens de la formule.<\/p>\n<p>Force de caract\u00e8re et \u00ab\u00a0coupe \u00e0 l\u2019eau chaude\u00a0\u00bb<\/p>\n<p>\u00ab\u00a0Les tr\u00eaves internationales me font beaucoup de bien pour me r\u00e9g\u00e9n\u00e9rer et aussi bien travailler sp\u00e9cifiquement\u00a0\u00bb, a-t-il expliqu\u00e9 ensuite. Apr\u00e8s des d\u00e9buts tonitruants pour <a href=\"https:\/\/www.20minutes.fr\/sport\/football\/ligue-1\/4161181-20250630-losc-famille-leadership-olivier-giroud-explique-raisons-retour-surprise-france\" class=\"c-link c-link--is-underlined\" target=\"_blank\" rel=\"noopener\">son grand retour en France<\/a>, \u00ab\u00a0moins efficace\u00a0\u00bb de son propre aveu, n\u2019avait pas marqu\u00e9 depuis la victoire face \u00e0 Brann Bergen le 25\u00a0septembre en Ligue Europa. En championnat, son dernier but remontait \u00e0 la victoire contre Monaco le 24\u00a0ao\u00fbt.<\/p>\n<p>\u00ab\u00a0Je me suis cr\u00e9\u00e9 moins d\u2019occasions, j\u2019essaye de faire le maximum mais c\u2019est vrai que quand tu joues contre des \u00e9quipes qui restent derri\u00e8re, c\u2019est tr\u00e8s difficile de trouver des solutions.\u00a0\u00bb Son entra\u00eeneur Bruno Genesio a lou\u00e9 sa \u00ab\u00a0force de caract\u00e8re\u00a0\u00bb qui lui a permis de rebondir, comme tout au long de sa carri\u00e8re.<\/p>\n<p>Invit\u00e9 de la cha\u00eene Ligue 1 +\u00a0apr\u00e8s la rencontre, l\u2019ancien <a href=\"https:\/\/www.20minutes.fr\/sport\/arsenal\/\" class=\"c-link c-link--is-underlined\" target=\"_blank\" rel=\"noopener\">d\u2019Arsenal<\/a>, <a href=\"https:\/\/www.20minutes.fr\/sport\/chelsea\/\" class=\"c-link c-link--is-underlined\" target=\"_blank\" rel=\"noopener\">Chelsea <\/a>ou du <a href=\"https:\/\/www.20minutes.fr\/sport\/milan_ac\/\" class=\"c-link c-link--is-underlined\" target=\"_blank\" rel=\"noopener\">Milan AC<\/a> s\u2019est \u00e9galement montr\u00e9 inspir\u00e9 au micro, dans une sc\u00e8ne rigolote avec son pote champion du monde\u00a02018 Adil Rami.<\/p>\n<p>&#8211; \u00ab\u00a0Olivier, ici en direct de Paris\u00a0: Adil Rami. Je ne sais pas si tu te rappelles de moi.\u00a0\u00bb<\/p>\n<p>&#8211; \u00ab\u00a0Comment \u00e7a va mon Adil\u00a0? Tu m\u2019avais manqu\u00e9. Toujours aussi beau.\u00a0\u00bb<\/p>\n<p>&#8211; \u00ab\u00a0Je suis fier de toi\u2026 Ah, tu me vois\u00a0?\u00a0\u00bb<\/p>\n<p>&#8211; \u00ab\u00a0Mais oui, je te vois, avec ta coupe \u00e0 l\u2019eau chaude l\u00e0.\u00a0\u00bb<\/p>\n<p class=\"mb-xxl@xs color-ultramarine font-weight-semi-bold@xs font-source-serif-pro heading-s@xs\">L\u2019acc\u00e8s \u00e0 ce contenu a \u00e9t\u00e9 bloqu\u00e9 afin de respecter votre choix de consentement<\/p>\n<p class=\"mb-m@xs text-l@xs\">En cliquant sur\u00ab J\u2019accepte \u00bb, vous acceptez le d\u00e9p\u00f4t de cookies par des services externes et aurez ainsi acc\u00e8s aux contenus de nos partenaires.<\/p>\n<p class=\"mb-xl@xs text-s@xs\">Plus d\u2019informations sur la page<a href=\"https:\/\/www.20minutes.fr\/gestion-cookies\" class=\"mx-xxs@xs color-ultramarine\" target=\"_blank\" rel=\"noopener\">Politique de gestion des cookies<\/a><\/p>\n<p>J\u2019accepte<\/p>\n<p>De quoi bien faire marrer tout le plateau. Il n\u2019y a rien de plus dangereux qu\u2019un attaquant qui retrouve la confiance.<\/p>\n","protected":false},"excerpt":{"rendered":"Apr\u00e8s deux mois de disette, Olivier Giroud est ressorti de sa bo\u00eete au bon moment dimanche soir. Dans&hellip;\n","protected":false},"author":2,"featured_media":555104,"comment_status":"","ping_status":"","sticky":false,"template":"","format":"standard","meta":{"footnotes":""},"categories":[9],"tags":[1682,63,1011,27,66,2854,5959,445,517,60],"class_list":{"0":"post-555103","1":"post","2":"type-post","3":"status-publish","4":"format-standard","5":"has-post-thumbnail","7":"category-sports","8":"tag-adil-rami","9":"tag-football","10":"tag-fr","11":"tag-france","12":"tag-ligue-1","13":"tag-losc-lille","14":"tag-olivier-giroud","15":"tag-paris-fc","16":"tag-sport","17":"tag-sports"},"share_on_mastodon":{"url":"https:\/\/pubeurope.com\/@fr\/115603971218467115","error":""},"_links":{"self":[{"href":"https:\/\/www.europesays.com\/fr\/wp-json\/wp\/v2\/posts\/555103","targetHints":{"allow":["GET"]}}],"collection":[{"href":"https:\/\/www.europesays.com\/fr\/wp-json\/wp\/v2\/posts"}],"about":[{"href":"https:\/\/www.europesays.com\/fr\/wp-json\/wp\/v2\/types\/post"}],"author":[{"embeddable":true,"href":"https:\/\/www.europesays.com\/fr\/wp-json\/wp\/v2\/users\/2"}],"replies":[{"embeddable":true,"href":"https:\/\/www.europesays.com\/fr\/wp-json\/wp\/v2\/comments?post=555103"}],"version-history":[{"count":0,"href":"https:\/\/www.europesays.com\/fr\/wp-json\/wp\/v2\/posts\/555103\/revisions"}],"wp:featuredmedia":[{"embeddable":true,"href":"https:\/\/www.europesays.com\/fr\/wp-json\/wp\/v2\/media\/555104"}],"wp:attachment":[{"href":"https:\/\/www.europesays.com\/fr\/wp-json\/wp\/v2\/media?parent=555103"}],"wp:term":[{"taxonomy":"category","embeddable":true,"href":"https:\/\/www.europesays.com\/fr\/wp-json\/wp\/v2\/categories?post=555103"},{"taxonomy":"post_tag","embeddable":true,"href":"https:\/\/www.europesays.com\/fr\/wp-json\/wp\/v2\/tags?post=555103"}],"curies":[{"name":"wp","href":"https:\/\/api.w.org\/{rel}","templated":true}]}}