{"id":555111,"date":"2025-11-24T09:32:13","date_gmt":"2025-11-24T09:32:13","guid":{"rendered":"https:\/\/www.europesays.com\/fr\/555111\/"},"modified":"2025-11-24T09:32:13","modified_gmt":"2025-11-24T09:32:13","slug":"reunion-informelle-des-chefs-detat-europeens-au-sujet-de-lukraine","status":"publish","type":"post","link":"https:\/\/www.europesays.com\/fr\/555111\/","title":{"rendered":"r\u00e9union informelle des chefs d\u2019Etat europ\u00e9ens au sujet de l\u2019Ukraine"},"content":{"rendered":"<p>   Les alli\u00e9s de Kiev se pr\u00e9parent \u00e0 un possible d\u00e9sengagement am\u00e9ricain en mati\u00e8re de renseignement \u00e0 l\u2019Ukraine             <\/p>\n<p class=\"post__live-container--answer-text post__space-node\">Donald Trump a, <a href=\"https:\/\/www.lemonde.fr\/international\/article\/2025\/03\/07\/guerre-en-ukraine-la-pause-du-renseignement-americain-a-l-egard-de-kiev-un-defi-inedit-pour-la-cooperation-entre-les-allies_6576869_3210.html\" target=\"_blank\" rel=\"noopener\">comme en mars<\/a>, une nouvelle fois brandi la menace d\u2019une rupture du partage des renseignements militaires avec Kiev et des livraisons d\u2019armes si l\u2019Ukraine ne consent pas \u00e0 son projet en 28 points.<\/p>\n<p class=\"post__live-container--answer-text post__space-node\">Selon <a href=\"https:\/\/www.politico.com\/news\/2025\/11\/22\/ukraine-halifax-military-intelligence-00666184\" target=\"_blank\" rel=\"noopener\" title=\"Nouvelle fen\u00eatre\">Politico<\/a>, les alli\u00e9s de l\u2019Ukraine cherchent \u00e0 d\u00e9terminer la port\u00e9e r\u00e9elle de ces menaces, les \u00c9tats-Unis \u00e9tant le principal fournisseur de capacit\u00e9s de renseignement \u00e0 l\u2019Ukraine.<\/p>\n<p class=\"post__live-container--answer-text post__space-node\">James Appathurai, directeur par int\u00e9rim du programme d\u2019innovation de d\u00e9fense DIANA de l\u2019OTAN, a rappel\u00e9 que les \u00c9tats-Unis disposent de capacit\u00e9s \u00ab\u00a0uniques\u00a0\u00bb, m\u00eame au sein de l\u2019Alliance. Il a cependant soulign\u00e9 que des solutions commerciales, inexistantes il y a quelques ann\u00e9es, pourraient constituer des alternatives partielles.<\/p>\n<p class=\"post__live-container--answer-text post__space-node\">Il a notamment cit\u00e9 l\u2019entreprise finlandaise ICEYE, sp\u00e9cialis\u00e9e dans l\u2019observation radar depuis l\u2019espace, qui a d\u00e9j\u00e0 vendu des satellites \u00e0 la Pologne, aux Pays-Bas, \u00e0 la Finlande et au Portugal, et fournit certaines donn\u00e9es \u00e0 l\u2019Ukraine.<\/p>\n<p class=\"post__live-container--answer-text post__space-node\">Le commissaire europ\u00e9en \u00e0 la d\u00e9fense et \u00e0 l\u2019espace, Andrius Kubilius, a rappel\u00e9 que l\u2019Union europ\u00e9enne dispose de plusieurs syst\u00e8mes satellitaires performants, dont Galileo et Copernicus, tout en admettant un retard sur certains services, notamment ceux \u00e9quivalents \u00e0 Starlink. Le programme europ\u00e9en IRIS\u00b2, con\u00e7u comme alternative, n\u2019entrera en service qu\u2019en\u00a02030.<\/p>\n<p class=\"post__live-container--answer-text post__space-node\">Malgr\u00e9 ces incertitudes, M.\u00a0Kubilius s\u2019est dit confiant dans la capacit\u00e9 europ\u00e9enne \u00e0 soutenir Kiev\u00a0: \u00ab\u00a0L\u2019Ukraine, si elle d\u00e9cide de poursuivre, poursuivra.\u00a0\u00bb<\/p>\n<p class=\"post__live-container--answer-text post__space-node\">James Bezan, d\u00e9put\u00e9 \u00e0 la Chambre des communes du Canada a fait valoir que son pays pouvait contribuer \u00e0 combler certaines lacunes. Il a indiqu\u00e9 qu\u2019Ottawa avait d\u00e9j\u00e0 partag\u00e9\u00a0des images RADARSAT-2\u00a0avec l\u2019Ukraine \u00ab\u00a0qui lui ont permis de voir ce qui se passait \u00e0 la fronti\u00e8re et au-del\u00e0\u00a0\u00bb.<\/p>\n","protected":false},"excerpt":{"rendered":"Les alli\u00e9s de Kiev se pr\u00e9parent \u00e0 un possible d\u00e9sengagement am\u00e9ricain en mati\u00e8re de renseignement \u00e0 l\u2019Ukraine Donald&hellip;\n","protected":false},"author":2,"featured_media":555112,"comment_status":"","ping_status":"","sticky":false,"template":"","format":"standard","meta":{"footnotes":""},"categories":[5],"tags":[11,1011,27,14,12,28],"class_list":{"0":"post-555111","1":"post","2":"type-post","3":"status-publish","4":"format-standard","5":"has-post-thumbnail","7":"category-international","8":"tag-actualites","9":"tag-fr","10":"tag-france","11":"tag-international","12":"tag-news","13":"tag-world"},"share_on_mastodon":{"url":"https:\/\/pubeurope.com\/@fr\/115603986524376337","error":""},"_links":{"self":[{"href":"https:\/\/www.europesays.com\/fr\/wp-json\/wp\/v2\/posts\/555111","targetHints":{"allow":["GET"]}}],"collection":[{"href":"https:\/\/www.europesays.com\/fr\/wp-json\/wp\/v2\/posts"}],"about":[{"href":"https:\/\/www.europesays.com\/fr\/wp-json\/wp\/v2\/types\/post"}],"author":[{"embeddable":true,"href":"https:\/\/www.europesays.com\/fr\/wp-json\/wp\/v2\/users\/2"}],"replies":[{"embeddable":true,"href":"https:\/\/www.europesays.com\/fr\/wp-json\/wp\/v2\/comments?post=555111"}],"version-history":[{"count":0,"href":"https:\/\/www.europesays.com\/fr\/wp-json\/wp\/v2\/posts\/555111\/revisions"}],"wp:featuredmedia":[{"embeddable":true,"href":"https:\/\/www.europesays.com\/fr\/wp-json\/wp\/v2\/media\/555112"}],"wp:attachment":[{"href":"https:\/\/www.europesays.com\/fr\/wp-json\/wp\/v2\/media?parent=555111"}],"wp:term":[{"taxonomy":"category","embeddable":true,"href":"https:\/\/www.europesays.com\/fr\/wp-json\/wp\/v2\/categories?post=555111"},{"taxonomy":"post_tag","embeddable":true,"href":"https:\/\/www.europesays.com\/fr\/wp-json\/wp\/v2\/tags?post=555111"}],"curies":[{"name":"wp","href":"https:\/\/api.w.org\/{rel}","templated":true}]}}