{"id":555113,"date":"2025-11-24T09:33:14","date_gmt":"2025-11-24T09:33:14","guid":{"rendered":"https:\/\/www.europesays.com\/fr\/555113\/"},"modified":"2025-11-24T09:33:14","modified_gmt":"2025-11-24T09:33:14","slug":"debut-de-la-permission-de-sortie-ce-lundi-dun-detenu-narcotrafiquant-a-vendin-le-vieil","status":"publish","type":"post","link":"https:\/\/www.europesays.com\/fr\/555113\/","title":{"rendered":"d\u00e9but de la permission de sortie ce lundi d&rsquo;un d\u00e9tenu narcotrafiquant \u00e0 Vendin-le-Vieil"},"content":{"rendered":"<p>\n    Le d\u00e9tenu, lib\u00e9rable en 2029, a rendez-vous avec un potentiel employeur dans l\u2019agglom\u00e9ration lyonnaise. Il devrait s\u2019y rendre en TGV depuis Lille, selon David Lacroix.<\/p>\n<p class=\"fig-paragraph\">Un d\u00e9tenu du quartier de lutte contre la criminalit\u00e9 organis\u00e9e (QLCO) de la prison de\u00a0<a href=\"https:\/\/video.lefigaro.fr\/figaro\/medias\/en-direct-de-la-prison-de-vendin-le-vieil-le-recit-de-david-lacroix-20250902\" data-fig-type=\"Video\" data-gtm-custom-categorie=\"navigation\" data-gtm-custom-action=\"crossclick\" data-gtm-custom-label=\"Contextuel\" data-gtm-event=\"customEventSPE\" data-fig-domain=\"LEFIGARO\" target=\"_blank\" rel=\"noopener\">Vendin-le-Vieil<\/a>\u00a0(Pas-de-Calais) a quitt\u00e9 lundi l&rsquo;\u00e9tablissement vers 7 heures 40 pour une permission de sortie \u00abemployeur\u00bb\u00a0<a href=\"http:\/\/www.lefigaro.fr\/faits-divers\/permission-de-sortie-pour-un-narcotrafiquant-de-vendin-le-vieil-darmanin-appelle-a-une-evolution-de-la-loi-sur-l-execution-des-peines-20251123\" data-fig-type=\"NewsFlash\" data-gtm-custom-categorie=\"navigation\" data-gtm-custom-action=\"crossclick\" data-gtm-custom-label=\"Contextuel\" data-gtm-event=\"customEventSPE\" data-fig-domain=\"LEFIGARO\" target=\"_blank\" rel=\"noopener\">qui fait pol\u00e9mique<\/a>, a constat\u00e9 l&rsquo;AFP sur place.<\/p>\n<p class=\"fig-paragraph\">L&rsquo;AFP a vu plusieurs v\u00e9hicules sortir au m\u00eame moment, dont une voiture banalis\u00e9e ainsi qu&rsquo;un van SNCF. Le calme autour de la prison est rapidement revenu dans la foul\u00e9e. \u00abIl est parti\u00bb a ensuite confirm\u00e9 \u00e0 l&rsquo;AFP David Lacroix, d\u00e9l\u00e9gu\u00e9 FO P\u00e9nitentiaire \u00e0 Vendin-le-Vieil.<\/p>\n<p>                                    <a class=\"fig-a11y-skip a11y-hidden\" href=\"#fig-a11y-skip-main-inarticle\"><br \/>\n        Passer la publicit\u00e9<br \/>\n    <\/a><\/p>\n<p>La permission de sortie a \u00e9t\u00e9 accord\u00e9e malgr\u00e9 un avis d\u00e9favorable du parquet de B\u00e9thune<\/p>\n<p class=\"fig-paragraph\">Une sortie dans ce cadre se fait sans escorte, mais un \u00abdispositif\u00bb sera toutefois mis en place toute la journ\u00e9e, a assur\u00e9 dimanche l&rsquo;entourage du ministre de l&rsquo;Int\u00e9rieur Laurent Nu\u00f1ez \u00e0 l&rsquo;AFP. Le d\u00e9tenu, lib\u00e9rable en 2029, a rendez-vous avec un potentiel employeur dans l&rsquo;agglom\u00e9ration lyonnaise. Il devrait s&rsquo;y rendre en TGV depuis Lille, selon David Lacroix. Sa permission de sortie, accord\u00e9e par un juge d&rsquo;application des peines malgr\u00e9 un avis d\u00e9favorable du parquet de B\u00e9thune et confirm\u00e9e par la chambre d&rsquo;application des peines de la cour d&rsquo;appel de Douai, court jusqu&rsquo;\u00e0 21 heures.<\/p>\n<p class=\"fig-paragraph\">Selon une source syndicale, il s&rsquo;agit de\u00a0<a href=\"http:\/\/www.lefigaro.fr\/faits-divers\/baron-de-la-drogue-evade-en-2014-ouaihid-ben-faiza-le-detenu-de-vendin-le-vieil-qui-a-obtenu-une-permission-de-sortie-controversee-20251123\" data-fig-type=\"NewsFlash\" data-gtm-custom-categorie=\"navigation\" data-gtm-custom-action=\"crossclick\" data-gtm-custom-label=\"Contextuel\" data-gtm-event=\"customEventSPE\" data-fig-domain=\"LEFIGARO\" target=\"_blank\" rel=\"noopener\">Ouaihid Ben Fa\u00efza<\/a>, 52 ans, membre important d&rsquo;un vaste r\u00e9seau de trafic de drogue de Seine-Saint-Denis. En 2014, alors qu&rsquo;il \u00e9tait incarc\u00e9r\u00e9 \u00e0 la prison de Villepinte depuis trois ans, Ouaihid Ben Fa\u00efza s&rsquo;\u00e9tait \u00e9vad\u00e9 avec l&rsquo;aide d&rsquo;un commando arm\u00e9 \u00e0 sa sortie d&rsquo;une consultation \u00e0 l&rsquo;h\u00f4pital. Sa cavale avait dur\u00e9 deux semaines. La permission de sortie d&rsquo;un d\u00e9tenu avec un tel profil a notamment suscit\u00e9 l&rsquo;indignation de syndicats d&rsquo;agents p\u00e9nitentiaires ces derniers jours.<\/p>\n<p>\u00abOn a dit qu\u2019il fallait les couper du monde (&#8230;) et aujourd\u2019hui on le laisse sortir dans la nature, tout seul\u00bb<\/p>\n<p class=\"fig-paragraph\">Le ministre de la Justice G\u00e9rald Darmanin a exprim\u00e9 dimanche son intention de modifier les r\u00e8gles d&rsquo;application des peines en mati\u00e8re de criminalit\u00e9 organis\u00e9e, en cr\u00e9ant, comme en mati\u00e8re de terrorisme, \u00abun droit sp\u00e9cifique et un juge d&rsquo;application sp\u00e9cialis\u00e9 qui conna\u00eet parfaitement les profils dangereux\u00bb. \u00abIl faut du bon sens, tout simplement\u00bb, a d\u00e9clar\u00e9 lundi Thomas Vaugrand, secr\u00e9taire g\u00e9n\u00e9ral du syndicat UFAP UNSa Justice dans les Hauts-de-France, pr\u00e9sent lundi matin \u00e0 Vendin-le-Vieil.<\/p>\n<p class=\"fig-paragraph\">Une telle permission de sortie de droit commun, \u00ab\u00e7a ne va pas avec les conditions d&rsquo;isolement\u00bb pr\u00e9vues pour les d\u00e9tenus narcotrafiquants dans les QLCO cr\u00e9\u00e9s depuis cette ann\u00e9e. \u00abOn a dit qu&rsquo;il fallait les couper du monde (&#8230;) et aujourd&rsquo;hui on le laisse sortir dans la nature, tout seul\u00bb, a ajout\u00e9 Vaugrand..<\/p>\n","protected":false},"excerpt":{"rendered":"Le d\u00e9tenu, lib\u00e9rable en 2029, a rendez-vous avec un potentiel employeur dans l\u2019agglom\u00e9ration lyonnaise. Il devrait s\u2019y rendre&hellip;\n","protected":false},"author":2,"featured_media":555114,"comment_status":"","ping_status":"","sticky":false,"template":"","format":"standard","meta":{"footnotes":""},"categories":[4],"tags":[11,1011,27,12,23862,806,25],"class_list":{"0":"post-555113","1":"post","2":"type-post","3":"status-publish","4":"format-standard","5":"has-post-thumbnail","7":"category-france","8":"tag-actualites","9":"tag-fr","10":"tag-france","11":"tag-news","12":"tag-pas-de-calais","13":"tag-prison","14":"tag-republique-francaise"},"share_on_mastodon":{"url":"https:\/\/pubeurope.com\/@fr\/115603990483031984","error":""},"_links":{"self":[{"href":"https:\/\/www.europesays.com\/fr\/wp-json\/wp\/v2\/posts\/555113","targetHints":{"allow":["GET"]}}],"collection":[{"href":"https:\/\/www.europesays.com\/fr\/wp-json\/wp\/v2\/posts"}],"about":[{"href":"https:\/\/www.europesays.com\/fr\/wp-json\/wp\/v2\/types\/post"}],"author":[{"embeddable":true,"href":"https:\/\/www.europesays.com\/fr\/wp-json\/wp\/v2\/users\/2"}],"replies":[{"embeddable":true,"href":"https:\/\/www.europesays.com\/fr\/wp-json\/wp\/v2\/comments?post=555113"}],"version-history":[{"count":0,"href":"https:\/\/www.europesays.com\/fr\/wp-json\/wp\/v2\/posts\/555113\/revisions"}],"wp:featuredmedia":[{"embeddable":true,"href":"https:\/\/www.europesays.com\/fr\/wp-json\/wp\/v2\/media\/555114"}],"wp:attachment":[{"href":"https:\/\/www.europesays.com\/fr\/wp-json\/wp\/v2\/media?parent=555113"}],"wp:term":[{"taxonomy":"category","embeddable":true,"href":"https:\/\/www.europesays.com\/fr\/wp-json\/wp\/v2\/categories?post=555113"},{"taxonomy":"post_tag","embeddable":true,"href":"https:\/\/www.europesays.com\/fr\/wp-json\/wp\/v2\/tags?post=555113"}],"curies":[{"name":"wp","href":"https:\/\/api.w.org\/{rel}","templated":true}]}}