{"id":555115,"date":"2025-11-24T09:34:25","date_gmt":"2025-11-24T09:34:25","guid":{"rendered":"https:\/\/www.europesays.com\/fr\/555115\/"},"modified":"2025-11-24T09:34:25","modified_gmt":"2025-11-24T09:34:25","slug":"france-australie-teddy-thomas-thibaud-flament-alexandre-fischer-comme-kalvin-gourgues-ils-ont-brille-des-leur-premiere-cape-chez-les-bleus-ces-dernieres-annees","status":"publish","type":"post","link":"https:\/\/www.europesays.com\/fr\/555115\/","title":{"rendered":"France-Australie. Teddy Thomas, Thibaud Flament, Alexandre Fischer\u2026 Comme Kalvin Gourgues, ils ont brill\u00e9 d\u00e8s leur premi\u00e8re cape chez les Bleus ces derni\u00e8res ann\u00e9es"},"content":{"rendered":"<p>\n                En quinze minutes, Kalvin Gourgues a conquis le c\u0153ur de nombreux supporters fran\u00e7ais. Tr\u00e8s attendu chez les Bleus apr\u00e8s un d\u00e9but de saison stratosph\u00e9rique avec le Stade toulousain, le polyvalent trois-quart de 20 ans n\u2019a pas manqu\u00e9 ses d\u00e9buts sur la pelouse du Stade de France. Sa monumentale perc\u00e9e un peu moins de dix minutes avant le coup de sifflet final est rest\u00e9e dans tous les esprits. Comme Gourgues, ils sont quelques-uns \u00e0 avoir fait parler d\u2019eux d\u00e8s leur d\u00e9pucelage sur la sc\u00e8ne internationale.\n            <\/p>\n<ul>\n<li>\n\tTeddy Thomas (France &#8211; Fidji le 8\u00a0novembre 2014)\n\t<\/li>\n<\/ul>\n<p>Premi\u00e8re cape\u00a0? Tripl\u00e9. Il y a un peu plus de dix ans, Teddy Thomas explose aux yeux du grand public. Apr\u00e8s avoir rejoint le Racing 92 lors de la pr\u00e9c\u00e9dente intersaison, l\u2019ailier est lanc\u00e9 par Philippe Saint-Andr\u00e9 lors d\u2019un test de novembre face aux Fidji. Sur la pelouse du V\u00e9lodrome de Marseille, l\u2019ancien du BO se r\u00e9gale dans son couloir gauche. R\u00e9sultat\u00a0: trois essais inscrits et des d\u00e9buts fracassants en s\u00e9lection. Une semaine plus tard, Thomas illuminera le Stade de France de sa classe avec un exploit personnel contre l\u2019Australie. Bref, sa premi\u00e8re et donc sa deuxi\u00e8me apparition avec le maillot bleu sur les \u00e9paules restent dans les annales du rugby fran\u00e7ais.<\/p>\n<ul>\n<li>\n\tGabriel Lacroix (France &#8211; Japon le 25\u00a0novembre 2017)\n\t<\/li>\n<\/ul>\n<p>C\u2019est l\u2019histoire d\u2019un destin bris\u00e9. Forc\u00e9 de stopper sa carri\u00e8re en raison de probl\u00e8mes physiques, Gabriel Lacroix \u00e9tait un joueur de rugby exceptionnel. En 2017, l\u2019ailier empile les grosses prestations avec La\u00a0Rochelle. Guy Nov\u00e8s, alors s\u00e9lectionneur, le r\u00e9compense en l\u2019alignant \u00e0 Lyon dans un match en semaine face aux All Blacks XV. Le Rochelais met un doubl\u00e9, sauf que cette partie ne compte pas comme une cape. Sa premi\u00e8re officielle sur la sc\u00e8ne internationale arrive quelques jours plus tard face au Japon. Sur la pelouse synth\u00e9tique de la Paris La D\u00e9fense Arena, Lacroix inscrit de nouveau un essai. Malgr\u00e9 tout, il n\u2019a pas pu \u00e9viter le triste match nul des Fran\u00e7ais contre les Nippons (23-23). Lui avait fait son match.<\/p>\n<ul>\n<li>\n\tThibaud Flament (France &#8211; Argentine le 6\u00a0novembre 2021)\n\t<\/li>\n<\/ul>\n<p>Arriv\u00e9 en 2020 \u00e0 Toulouse en provenance des London Wasps, Flament d\u00e9couvre l\u2019\u00e9quipe de France un peu moins d\u2019un an apr\u00e8s son tout premier match de Top 14. Fabien Galthi\u00e9 aligne le bonhomme en deuxi\u00e8me ligne face aux Pumas pour d\u00e9buter la tourn\u00e9e automnale. Comme \u00e0 son habitude d\u2019avant moderne, le Toulousain impressionne par son activit\u00e9 et sa facilit\u00e9 \u00e0 toujours faire le geste juste. La cerise sur le g\u00e2teau est pos\u00e9e \u00e0 la 49\u00e8me minute, quand, bien servi par Peato Mauvaka, il s\u2019est offert une course de vingt m\u00e8tres pour terminer dans l\u2019en-but argentin. Aujourd\u2019hui, Thibaud Flament est un cadre du XV de France.<\/p>\n<p>        <img decoding=\"async\" class=\"std-img__img responsive-img\" src=\"https:\/\/www.europesays.com\/fr\/wp-content\/uploads\/2025\/11\/1763976863_227_image.jpg\" alt=\"Thibaud Flament a d\u00e9but\u00e9 en 2021 avec les Bleus.\"\/><\/p>\n<p>                Thibaud Flament a d\u00e9but\u00e9 en 2021 avec les Bleus.<br \/>\n                                    ScoopDyga \/ Icon Sport<\/p>\n<ul>\n<li>\n\tOscar Jegou (Argentine &#8211; France le 6\u00a0juillet 2024)\n\t<\/li>\n<\/ul>\n<p>La copie qu\u2019il a rendue ce jour-l\u00e0 est rapidement pass\u00e9e au second plan avec \u00ab\u00a0l\u2019affaire de Mendoza\u00a0\u00bb. N\u00e9anmoins, en se concentrant seulement sur le sportif, force est de constater que la prestation ce jour-l\u00e0 du flanker rochelais fut remarquable. Titulaire en compagne de Lenni Nouchi et Jordan Joseph en troisi\u00e8me ligne, le champion de monde U20 en 2023 a tout r\u00e9ussi face aux Pumas. Il fut un des grands artisans de la large victoire fran\u00e7aise sur les terres argentines (13-28). De par sa facult\u00e9 \u00e0 jouer dans les bons espaces, J\u00e9gou a surpris son monde. Sa d\u00e9fense n\u2019y \u00e9tait pas non plus pour rien.<\/p>\n<ul>\n<li>\n\tLouis Bielle-Biarrey (\u00c9cosse &#8211; France le 5\u00a0ao\u00fbt 2023)\n\t<\/li>\n<\/ul>\n<p>On oublierait presque que le Girondin est en s\u00e9lection depuis seulement deux ans. Convoqu\u00e9 \u00e0 la surprise g\u00e9n\u00e9rale pour pr\u00e9parer le Mondial en 2023, \u00ab\u00a0LBB\u00a0\u00bb\u00a0est lanc\u00e9 par Fabien Galthi\u00e9 d\u00e8s le premier match de pr\u00e9paration des Bleus en \u00c9cosse. Le staff de l\u2019\u00e9quipe de France se rend \u00e0 Murrayfield avec une \u00e9quipe remani\u00e9e dans laquelle on retrouve la fus\u00e9e bordelo-b\u00e9glaise. En une seule mi-temps, tout le monde a compris le ph\u00e9nom\u00e8ne qu\u2019\u00e9tait l\u2019Is\u00e9rois de naissance. En plus de son essai, Bielle-Biarrey met le feu lors de chaque ballon touch\u00e9. Des d\u00e9buts qui ont facilement convaincu l\u2019encadrement tricolore de le retenir pour la Coupe du monde. La suite, on la conna\u00eet\u2026<\/p>\n<p><strong>Lire aussi :\u00a0<a href=\"https:\/\/www.rugbyrama.fr\/2025\/11\/23\/france-australie-la-revue-de-presse-etrangere-apres-la-victoire-des-bleus-spectaculaire-bielle-biarrey-match-sens-dessus-dessous-13068983.php\" target=\"_self\" rel=\"noopener\">La revue de presse \u00e9trang\u00e8re apr\u00e8s la victoire des Bleus : \u00ab\u00a0Spectaculaire Bielle-Biarrey\u00a0\u00bb, \u00ab\u00a0match sens dessus dessous\u00a0\u00bb<\/a><\/strong><\/p>\n<ul>\n<li>\n\tGabin Villi\u00e8re (France &#8211; Italie le 28\u00a0novembre 2020)\n\t<\/li>\n<\/ul>\n<p>Ce duel face \u00e0 la Squadra Azzurra \u00e9tait une occasion en or de marquer des points dans l\u2019esprit du staff. Dans l\u2019incapacit\u00e9 d\u2019aligner son \u00e9quipe type, Fabien Galthi\u00e9 et ses adjoints lancent du beau monde au Stade de France. Sur l\u2019aile gauche, on retrouve Gabin Villi\u00e8re. Le Toulonnais a saisi l\u2019opportunit\u00e9. Une performance consistante puis un exploit personnel venu donn\u00e9 un peu plus de relief \u00e0 sa prestation. Un quart d\u2019heure apr\u00e8s le d\u00e9but de la seconde p\u00e9riode, Villi\u00e8re a d\u00e9chir\u00e9 le rideau d\u00e9fensif italien pour terminer dans l\u2019en-but transalpin. Une premi\u00e8re qui en a appel\u00e9 d\u2019autres puisque l\u2019ailier a notamment remport\u00e9 le grand chelem en 2022.<\/p>\n<p>        <img decoding=\"async\" class=\"std-img__img responsive-img\" src=\"https:\/\/www.europesays.com\/fr\/wp-content\/uploads\/2025\/11\/1763976865_811_image.jpg\" alt=\"Gabin Villi\u00e8re a inscrit un essai lors de sa premi\u00e8re s\u00e9lection contre l\u2019Italie en 2020.\"\/><\/p>\n<p>                Gabin Villi\u00e8re a inscrit un essai lors de sa premi\u00e8re s\u00e9lection contre l\u2019Italie en 2020.<br \/>\n                                    Sandra Ruhaut \/ Icon Sport<\/p>\n<p>\u00a0<\/p>\n<ul>\n<li>\n\tAlexandre Fischer (Nouvelle-Z\u00e9lande &#8211; France le 5\u00a0juillet 2025)\n\t<\/li>\n<\/ul>\n<p>Tout comme Gabriel Lacroix, le joueur de Bayonne avait connu le maillot bleu quelques jours avant cette rencontre face \u00e0 l\u2019Angleterre A, mais ce duel ne r\u00e9compensait pas d\u2019une s\u00e9lection. Fischer a d\u00fb attendre le 5\u00a0juillet pour recevoir sa cape. C\u2019\u00e9tait \u00e0 Dunedin apr\u00e8s une rencontre haletante face aux All Blacks. Priv\u00e9s de nombreux cadres, les Fran\u00e7ais ont fait jeu \u00e9gal avec les Kiwis (d\u00e9faite 31-27). Alexandre Fischer, lui, s\u2019est permis de pourrir tous les rucks n\u00e9o-z\u00e9landais avec une efficacit\u00e9 aussi redoutable que d\u00e9concertante. Plusieurs grattages \u00e0 son actif et une partition digne d\u2019un grand troisi\u00e8me ligne. Peu \u00e9pargn\u00e9 par les blessures depuis le d\u00e9but de sa carri\u00e8re, l\u2019ancien de Clermont a connu le niveau international. Et il a prouv\u00e9 pourquoi.<\/p>\n","protected":false},"excerpt":{"rendered":"En quinze minutes, Kalvin Gourgues a conquis le c\u0153ur de nombreux supporters fran\u00e7ais. Tr\u00e8s attendu chez les Bleus&hellip;\n","protected":false},"author":2,"featured_media":555116,"comment_status":"","ping_status":"","sticky":false,"template":"","format":"standard","meta":{"footnotes":""},"categories":[2],"tags":[11,1011,27,12],"class_list":{"0":"post-555115","1":"post","2":"type-post","3":"status-publish","4":"format-standard","5":"has-post-thumbnail","7":"category-actualites","8":"tag-actualites","9":"tag-fr","10":"tag-france","11":"tag-news"},"share_on_mastodon":{"url":"https:\/\/pubeurope.com\/@fr\/115603995497657945","error":""},"_links":{"self":[{"href":"https:\/\/www.europesays.com\/fr\/wp-json\/wp\/v2\/posts\/555115","targetHints":{"allow":["GET"]}}],"collection":[{"href":"https:\/\/www.europesays.com\/fr\/wp-json\/wp\/v2\/posts"}],"about":[{"href":"https:\/\/www.europesays.com\/fr\/wp-json\/wp\/v2\/types\/post"}],"author":[{"embeddable":true,"href":"https:\/\/www.europesays.com\/fr\/wp-json\/wp\/v2\/users\/2"}],"replies":[{"embeddable":true,"href":"https:\/\/www.europesays.com\/fr\/wp-json\/wp\/v2\/comments?post=555115"}],"version-history":[{"count":0,"href":"https:\/\/www.europesays.com\/fr\/wp-json\/wp\/v2\/posts\/555115\/revisions"}],"wp:featuredmedia":[{"embeddable":true,"href":"https:\/\/www.europesays.com\/fr\/wp-json\/wp\/v2\/media\/555116"}],"wp:attachment":[{"href":"https:\/\/www.europesays.com\/fr\/wp-json\/wp\/v2\/media?parent=555115"}],"wp:term":[{"taxonomy":"category","embeddable":true,"href":"https:\/\/www.europesays.com\/fr\/wp-json\/wp\/v2\/categories?post=555115"},{"taxonomy":"post_tag","embeddable":true,"href":"https:\/\/www.europesays.com\/fr\/wp-json\/wp\/v2\/tags?post=555115"}],"curies":[{"name":"wp","href":"https:\/\/api.w.org\/{rel}","templated":true}]}}