{"id":555117,"date":"2025-11-24T09:35:13","date_gmt":"2025-11-24T09:35:13","guid":{"rendered":"https:\/\/www.europesays.com\/fr\/555117\/"},"modified":"2025-11-24T09:35:13","modified_gmt":"2025-11-24T09:35:13","slug":"saint-etienne-un-pere-de-famille-de-34-ans-meurt-dans-une-bagarre-ce-que-lon-sait","status":"publish","type":"post","link":"https:\/\/www.europesays.com\/fr\/555117\/","title":{"rendered":"Saint-Etienne. Un p\u00e8re de famille de 34 ans meurt dans une bagarre : ce que l&rsquo;on sait"},"content":{"rendered":"<p>                    Par<br \/>\n        <strong><br \/>\n            <a href=\"https:\/\/actu.fr\/auteur\/redaction-saint-etienne\" title=\"Consulter tous les articles de R\u00e9daction Saint-\u00c9tienne\" target=\"_blank\" rel=\"noopener\">R\u00e9daction Saint-\u00c9tienne<\/a><br \/>\n                    <\/strong><\/p>\n<p>        Publi\u00e9 le<\/p>\n<p>            24 nov. 2025 \u00e0 9h28        <\/p>\n<p>Un homme de 34 ans est d\u00e9c\u00e9d\u00e9 samedi soir apr\u00e8s avoir \u00e9t\u00e9 bless\u00e9 lors d\u2019une bagarre devant un after club de <a href=\"https:\/\/actu.fr\/saint-etienne\/\" target=\"_blank\" rel=\"noopener\">Saint-Etienne<\/a> (Loire) avec un individu qui est en fuite, a-t-on appris dimanche de source judiciaire.<\/p>\n<p>D\u00e9c\u00e9d\u00e9 des suites de ses blessures au CHU de Saint-Etienne<\/p>\n<p class=\" wall-content\">Ce p\u00e8re de trois enfants est \u00ab\u00a0d\u00e9c\u00e9d\u00e9 des suites de ses blessures au CHU de Saint-Etienne o\u00f9 il avait \u00e9t\u00e9 transport\u00e9 dans un \u00e9tat grave en tout d\u00e9but de journ\u00e9e\u00a0\u00bb samedi, a d\u00e9clar\u00e9 \u00e0 l\u2019AFP le parquet de Saint-Etienne, confirmant une information du quotidien r\u00e9gional Le Progr\u00e8s.<\/p>\n<p class=\" wall-content\">L\u2019homme qui a port\u00e9 les coups mortels \u00e0 ce client d\u2019un after club du centre de Saint-Etienne \u00e9tait \u00ab\u00a0toujours recherch\u00e9\u00a0\u00bb dimanche en d\u00e9but d\u2019apr\u00e8s-midi, a indiqu\u00e9 \u00e0 l\u2019AFP le procureur adjoint Aur\u00e9lien Buffart.<\/p>\n<p>La victime aurait re\u00e7u un violent coup de pied<\/p>\n<p class=\" wall-content\">Une enqu\u00eate pour \u00ab\u00a0violences volontaires ayant entra\u00een\u00e9 la mort sans intention de la donner\u00a0\u00bb a \u00e9t\u00e9 ouverte.<\/p>\n<p class=\" wall-content\">Selon les premiers \u00e9l\u00e9ments, la victime aurait notamment re\u00e7u un violent coup de pied \u00e0 la t\u00eate.<\/p>\n<p class=\" wall-content\"><strong>Avec AFP.<\/strong><\/p>\n<p class=\" wall-content\">Personnalisez votre actualit\u00e9 en ajoutant vos villes et m\u00e9dias en favori avec <a href=\"https:\/\/moncompte.actu.fr\" title=\"D\u00e9couvez Mon Actu\" rel=\"nofollow noopener\" data-trk=\"{&quot;cta&quot;:{&quot;action&quot;:&quot;https:\\\/\\\/moncompte.actu.fr&quot;,&quot;category&quot;:&quot;mon compte&quot;,&quot;from&quot;:&quot;article footer&quot;,&quot;name&quot;:&quot;Mon actu&quot;,&quot;type&quot;:&quot;cta&quot;}}\" target=\"_blank\">Mon Actu<\/a>.<\/p>\n","protected":false},"excerpt":{"rendered":"Par R\u00e9daction Saint-\u00c9tienne Publi\u00e9 le 24 nov. 2025 \u00e0 9h28 Un homme de 34 ans est d\u00e9c\u00e9d\u00e9 samedi&hellip;\n","protected":false},"author":2,"featured_media":555118,"comment_status":"","ping_status":"","sticky":false,"template":"","format":"standard","meta":{"footnotes":""},"categories":[9653],"tags":[1111,11,2430,1777,674,118,1011,27,12,1072,25,4001],"class_list":{"0":"post-555117","1":"post","2":"type-post","3":"status-publish","4":"format-standard","5":"has-post-thumbnail","7":"category-saint-etienne","8":"tag-actu","9":"tag-actualites","10":"tag-auvergne-rhone-alpes","11":"tag-eu","12":"tag-europe","13":"tag-faits-divers","14":"tag-fr","15":"tag-france","16":"tag-news","17":"tag-police","18":"tag-republique-francaise","19":"tag-saint-etienne"},"share_on_mastodon":{"url":"https:\/\/pubeurope.com\/@fr\/115603998323902255","error":""},"_links":{"self":[{"href":"https:\/\/www.europesays.com\/fr\/wp-json\/wp\/v2\/posts\/555117","targetHints":{"allow":["GET"]}}],"collection":[{"href":"https:\/\/www.europesays.com\/fr\/wp-json\/wp\/v2\/posts"}],"about":[{"href":"https:\/\/www.europesays.com\/fr\/wp-json\/wp\/v2\/types\/post"}],"author":[{"embeddable":true,"href":"https:\/\/www.europesays.com\/fr\/wp-json\/wp\/v2\/users\/2"}],"replies":[{"embeddable":true,"href":"https:\/\/www.europesays.com\/fr\/wp-json\/wp\/v2\/comments?post=555117"}],"version-history":[{"count":0,"href":"https:\/\/www.europesays.com\/fr\/wp-json\/wp\/v2\/posts\/555117\/revisions"}],"wp:featuredmedia":[{"embeddable":true,"href":"https:\/\/www.europesays.com\/fr\/wp-json\/wp\/v2\/media\/555118"}],"wp:attachment":[{"href":"https:\/\/www.europesays.com\/fr\/wp-json\/wp\/v2\/media?parent=555117"}],"wp:term":[{"taxonomy":"category","embeddable":true,"href":"https:\/\/www.europesays.com\/fr\/wp-json\/wp\/v2\/categories?post=555117"},{"taxonomy":"post_tag","embeddable":true,"href":"https:\/\/www.europesays.com\/fr\/wp-json\/wp\/v2\/tags?post=555117"}],"curies":[{"name":"wp","href":"https:\/\/api.w.org\/{rel}","templated":true}]}}