{"id":555123,"date":"2025-11-24T09:38:14","date_gmt":"2025-11-24T09:38:14","guid":{"rendered":"https:\/\/www.europesays.com\/fr\/555123\/"},"modified":"2025-11-24T09:38:14","modified_gmt":"2025-11-24T09:38:14","slug":"un-etudiant-en-medecine-retrouve-mort-en-bordure-de-la33-ce-que-lon-sait","status":"publish","type":"post","link":"https:\/\/www.europesays.com\/fr\/555123\/","title":{"rendered":"un \u00e9tudiant en m\u00e9decine retrouv\u00e9 mort en bordure de l&rsquo;A33, ce que l&rsquo;on sait"},"content":{"rendered":"<p>                    Par<br \/>\n        <strong><br \/>\n            <a href=\"https:\/\/actu.fr\/auteur\/redaction-lorraine\" title=\"Consulter tous les articles de R\u00e9daction Lorraine\" target=\"_blank\" rel=\"noopener\">R\u00e9daction Lorraine<\/a><br \/>\n                    <\/strong><\/p>\n<p>        Publi\u00e9 le<\/p>\n<p>            24 nov. 2025 \u00e0 9h32        <\/p>\n<p>Le <strong>corps sans vie<\/strong> d\u2019un <strong>\u00e9tudiant en deuxi\u00e8me ann\u00e9e de m\u00e9decine<\/strong> \u00e0 Nancy a \u00e9t\u00e9 retrouv\u00e9, jeudi 20 novembre 2025 au matin, en bordure de l\u2019<a href=\"https:\/\/actu.fr\/tag\/autoroute-33-a33\" target=\"_blank\" rel=\"noopener\">autoroute A33<\/a>, mais les <strong>circonstances de son d\u00e9c\u00e8s restent encore \u00e0 \u00e9claircir<\/strong>, a-t-on appris samedi aupr\u00e8s du parquet.<\/p>\n<p class=\" wall-content\">La victime, n\u00e9e en 2006, <strong>r\u00e9sidait \u00e0 proximit\u00e9 des lieux<\/strong> o\u00f9 son corps a \u00e9t\u00e9 retrouv\u00e9, pr\u00e8s de la sortie de l\u2019autoroute A33 menant au Centre hospitalier r\u00e9gional universitaire (CHRU) de Nancy.<\/p>\n<p>Il rentrait \u00e0 pied d\u2019une soir\u00e9e \u00e9tudiante<\/p>\n<p class=\" wall-content\">Il <strong>rentrait \u00e0 pied d\u2019une soir\u00e9e \u00e9tudiante<\/strong>, a pr\u00e9cis\u00e9 \u00e0 l\u2019AFP la procureure de la R\u00e9publique adjointe de Nancy, Clara Ziegler, confirmant une information de <a href=\"https:\/\/france3-regions.franceinfo.fr\/grand-est\/meurthe-et-moselle\/nancy\/un-etudiant-de-la-fac-de-medecine-meurt-sur-l-autoroute-de-nombreuses-zones-d-ombre-a-eclaircir-3253678.html\" target=\"_blank\" rel=\"noopener\">France 3 Lorraine<\/a>.<br \/>\u00ab\u00a0Un<strong> sac en plastique<\/strong>, tel que ceux donn\u00e9s dans la navette affr\u00e9t\u00e9e pour la soir\u00e9e et qu\u2019il avait emprunt\u00e9e, a \u00e9t\u00e9 <strong>retrouv\u00e9 sur sa t\u00eate<\/strong>, <strong>sans aucun lien de serrage<\/strong>\u00ab\u00a0, a indiqu\u00e9 la magistrate.<\/p>\n<p class=\" wall-content\">\u00ab\u00a0Le m\u00e9decin l\u00e9giste d\u00e9p\u00each\u00e9 sur place a \u00e9voqu\u00e9 la possibilit\u00e9 d\u2019un <strong>impact avec un v\u00e9hicule<\/strong>\u00ab\u00a0, a-t-elle ajout\u00e9. Une <strong>autopsie<\/strong> a \u00e9t\u00e9 sollicit\u00e9e par le parquet. Une enqu\u00eate a \u00e9t\u00e9 ouverte pour le d\u00e9lit d\u2019<strong>homicide involontaire<\/strong> par conducteur d\u2019un v\u00e9hicule terrestre.<br \/>Selon une source polici\u00e8re, la victime pr\u00e9sentait une <strong>blessure \u00e0 la t\u00eate<\/strong>.<\/p>\n<p class=\" wall-content\"><strong>Avec AFP<\/strong>.<\/p>\n<p class=\" wall-content\">Personnalisez votre actualit\u00e9 en ajoutant vos villes et m\u00e9dias en favori avec <a href=\"https:\/\/moncompte.actu.fr\" title=\"D\u00e9couvez Mon Actu\" rel=\"nofollow noopener\" data-trk=\"{&quot;cta&quot;:{&quot;action&quot;:&quot;https:\\\/\\\/moncompte.actu.fr&quot;,&quot;category&quot;:&quot;mon compte&quot;,&quot;from&quot;:&quot;article footer&quot;,&quot;name&quot;:&quot;Mon actu&quot;,&quot;type&quot;:&quot;cta&quot;}}\" target=\"_blank\">Mon Actu<\/a>.<\/p>\n","protected":false},"excerpt":{"rendered":"Par R\u00e9daction Lorraine Publi\u00e9 le 24 nov. 2025 \u00e0 9h32 Le corps sans vie d\u2019un \u00e9tudiant en deuxi\u00e8me&hellip;\n","protected":false},"author":2,"featured_media":555124,"comment_status":"","ping_status":"","sticky":false,"template":"","format":"standard","meta":{"footnotes":""},"categories":[9635],"tags":[1111,11,9672,1777,674,118,1011,27,775,1702,12,25],"class_list":{"0":"post-555123","1":"post","2":"type-post","3":"status-publish","4":"format-standard","5":"has-post-thumbnail","7":"category-nancy","8":"tag-actu","9":"tag-actualites","10":"tag-autoroute-33-a33","11":"tag-eu","12":"tag-europe","13":"tag-faits-divers","14":"tag-fr","15":"tag-france","16":"tag-grand-est","17":"tag-nancy","18":"tag-news","19":"tag-republique-francaise"},"share_on_mastodon":{"url":"https:\/\/pubeurope.com\/@fr\/115604010132165789","error":""},"_links":{"self":[{"href":"https:\/\/www.europesays.com\/fr\/wp-json\/wp\/v2\/posts\/555123","targetHints":{"allow":["GET"]}}],"collection":[{"href":"https:\/\/www.europesays.com\/fr\/wp-json\/wp\/v2\/posts"}],"about":[{"href":"https:\/\/www.europesays.com\/fr\/wp-json\/wp\/v2\/types\/post"}],"author":[{"embeddable":true,"href":"https:\/\/www.europesays.com\/fr\/wp-json\/wp\/v2\/users\/2"}],"replies":[{"embeddable":true,"href":"https:\/\/www.europesays.com\/fr\/wp-json\/wp\/v2\/comments?post=555123"}],"version-history":[{"count":0,"href":"https:\/\/www.europesays.com\/fr\/wp-json\/wp\/v2\/posts\/555123\/revisions"}],"wp:featuredmedia":[{"embeddable":true,"href":"https:\/\/www.europesays.com\/fr\/wp-json\/wp\/v2\/media\/555124"}],"wp:attachment":[{"href":"https:\/\/www.europesays.com\/fr\/wp-json\/wp\/v2\/media?parent=555123"}],"wp:term":[{"taxonomy":"category","embeddable":true,"href":"https:\/\/www.europesays.com\/fr\/wp-json\/wp\/v2\/categories?post=555123"},{"taxonomy":"post_tag","embeddable":true,"href":"https:\/\/www.europesays.com\/fr\/wp-json\/wp\/v2\/tags?post=555123"}],"curies":[{"name":"wp","href":"https:\/\/api.w.org\/{rel}","templated":true}]}}