{"id":55513,"date":"2025-04-26T23:22:11","date_gmt":"2025-04-26T23:22:11","guid":{"rendered":"https:\/\/www.europesays.com\/fr\/55513\/"},"modified":"2025-04-26T23:22:11","modified_gmt":"2025-04-26T23:22:11","slug":"la-premiere-fois-cette-saison-quon-na-rien-propose-grince-mignoni-toulon","status":"publish","type":"post","link":"https:\/\/www.europesays.com\/fr\/55513\/","title":{"rendered":"\u00abLa premi\u00e8re fois cette saison qu\u2019on n\u2019a rien propos\u00e9\u00bb, grince Mignoni (Toulon)"},"content":{"rendered":"<p>Le patron sportif du RCT assure \u00e9prouver \u00abun sentiment de honte\u00bb apr\u00e8s la d\u00e9faite de ses joueurs \u00e0 Vannes, 29-19<\/p>\n<p class=\"fig-paragraph\">Pierre Mignoni, directeur du rugby du RCT: \u00ab Vannes a m\u00e9rit\u00e9 sa victoire, je ne suis pas surpris car je savais ce que cette \u00e9quipe \u00e9tait capable de faire. J\u2019ai un sentiment de honte pour tous les supporters qui ont fait le d\u00e9placement et ceux qui sont rest\u00e9s l\u00e0-bas. On peut perdre un match mais comme \u00e7a c\u2019est dur et il faut reconna\u00eetre qu\u2019on n\u2019\u00e9tait pas l\u00e0. C\u2019est la premi\u00e8re fois depuis tr\u00e8s longtemps, en tout cas cette saison, qu\u2019on n\u2019a rien propos\u00e9. (&#8230;) Je vais me remettre en question. Il faut que je comprenne ce que j\u2019ai fait ou pas fait cette semaine pour qu\u2019on soit dans cet \u00e9tat-l\u00e0. Depuis le quart de finale (de Champions Cup, perdu \u00e0 Mayol contre Toulouse mi-avril), je nous trouve absents.\u00bb<\/p>\n<p class=\"fig-paragraph\">Th\u00e9o Beziat (talonneur de Vannes): \u00abC\u2019\u00e9tait un match \u00e0 la vie \u00e0 la mort, il fallait sortir un grand match car Toulon est candidat au Top 2, je ne crois pas qu\u2019on ait fait beaucoup de match avec cette intensit\u00e9 cette saison. Je suis tr\u00e8s fier du groupe. On regarde le classement, on savait que comptablement si on avait perdu, on se serait tir\u00e9 une deuxi\u00e8me balle dans le pied. Rien n\u2019est encore fait mais il fallait absolument la victoire aujourd\u2019hui.\u00bb<\/p>\n","protected":false},"excerpt":{"rendered":"Le patron sportif du RCT assure \u00e9prouver \u00abun sentiment de honte\u00bb apr\u00e8s la d\u00e9faite de ses joueurs \u00e0&hellip;\n","protected":false},"author":2,"featured_media":55514,"comment_status":"","ping_status":"","sticky":false,"template":"","format":"standard","meta":{"footnotes":""},"categories":[9619],"tags":[1111,11,525,4590,1981,2313,814,1777,674,1011,27,955,12,4589,882,2311,3164,3461,25,1980,479,2259,478,2310,2312],"class_list":{"0":"post-55513","1":"post","2":"type-post","3":"status-publish","4":"format-standard","5":"has-post-thumbnail","7":"category-toulon","8":"tag-actu","9":"tag-actualites","10":"tag-calendrier","11":"tag-championnat-france","12":"tag-classement","13":"tag-clermont","14":"tag-direct","15":"tag-eu","16":"tag-europe","17":"tag-fr","18":"tag-france","19":"tag-match","20":"tag-news","21":"tag-phase-finale","22":"tag-provence-alpes-cote-dazur","23":"tag-racing","24":"tag-rc-vannes","25":"tag-rct","26":"tag-republique-francaise","27":"tag-resultats","28":"tag-rugby","29":"tag-score","30":"tag-top-14","31":"tag-toulon","32":"tag-toulouse"},"share_on_mastodon":{"url":"https:\/\/pubeurope.com\/@fr\/114406840262905850","error":""},"_links":{"self":[{"href":"https:\/\/www.europesays.com\/fr\/wp-json\/wp\/v2\/posts\/55513","targetHints":{"allow":["GET"]}}],"collection":[{"href":"https:\/\/www.europesays.com\/fr\/wp-json\/wp\/v2\/posts"}],"about":[{"href":"https:\/\/www.europesays.com\/fr\/wp-json\/wp\/v2\/types\/post"}],"author":[{"embeddable":true,"href":"https:\/\/www.europesays.com\/fr\/wp-json\/wp\/v2\/users\/2"}],"replies":[{"embeddable":true,"href":"https:\/\/www.europesays.com\/fr\/wp-json\/wp\/v2\/comments?post=55513"}],"version-history":[{"count":0,"href":"https:\/\/www.europesays.com\/fr\/wp-json\/wp\/v2\/posts\/55513\/revisions"}],"wp:featuredmedia":[{"embeddable":true,"href":"https:\/\/www.europesays.com\/fr\/wp-json\/wp\/v2\/media\/55514"}],"wp:attachment":[{"href":"https:\/\/www.europesays.com\/fr\/wp-json\/wp\/v2\/media?parent=55513"}],"wp:term":[{"taxonomy":"category","embeddable":true,"href":"https:\/\/www.europesays.com\/fr\/wp-json\/wp\/v2\/categories?post=55513"},{"taxonomy":"post_tag","embeddable":true,"href":"https:\/\/www.europesays.com\/fr\/wp-json\/wp\/v2\/tags?post=55513"}],"curies":[{"name":"wp","href":"https:\/\/api.w.org\/{rel}","templated":true}]}}