{"id":555133,"date":"2025-11-24T09:43:11","date_gmt":"2025-11-24T09:43:11","guid":{"rendered":"https:\/\/www.europesays.com\/fr\/555133\/"},"modified":"2025-11-24T09:43:11","modified_gmt":"2025-11-24T09:43:11","slug":"seine-maritime-une-bombe-anglaise-de-222kg-doit-etre-neutralisee-un-perimetre-de-securite-est-mis-en-place","status":"publish","type":"post","link":"https:\/\/www.europesays.com\/fr\/555133\/","title":{"rendered":"Seine-Maritime. Une bombe anglaise de 222kg doit \u00eatre neutralis\u00e9e, un p\u00e9rim\u00e8tre de s\u00e9curit\u00e9 est mis en place"},"content":{"rendered":"<p melodystyle=\"texte\">C&rsquo;est <a href=\"https:\/\/www.tendanceouest.com\/actualite-429925-le-havre-un-obus-a-deminer-a-dollemard-des-habitations-evacuees-pendant-l-operation\" target=\"_blank\" rel=\"noopener\">une op\u00e9ration commune en Seine-Maritime<\/a>. Elle requiert malgr\u00e9 tout des pr\u00e9cautions particuli\u00e8res.<\/p>\n<p melodystyle=\"texte\">Une bombe anglaise de 222kg qui contient 69kg de charge explosive doit \u00eatre neutralis\u00e9e par <a href=\"https:\/\/www.tendanceouest.com\/actualite-431563-calvados-16-obus-de-la-seconde-guerre-mondiale-traites-par-l-equipe-de-deminage-de-la-marine-nationale\" target=\"_blank\" rel=\"noopener\">le centre de d\u00e9minage de Caen<\/a>, lundi 24\u00a0novembre \u00e0 Bosc-le-Hard. Les professionnels doivent intervenir d\u00e8s 10h et jusqu&rsquo;\u00e0 16h environ.<\/p>\n<p>Les habitants \u00e9vacu\u00e9s<\/p>\n<p melodystyle=\"texte\">Un p\u00e9rim\u00e8tre de s\u00e9curit\u00e9 de 270 m\u00e8tres autour de l&rsquo;engin explosif a \u00e9t\u00e9 mis en place d\u00e8s 8h du matin, et pour toute la dur\u00e9e de l&rsquo;op\u00e9ration. Les habitants ont \u00e9t\u00e9 somm\u00e9s d&rsquo;\u00e9vacuer la zone. Ils peuvent au besoin \u00eatre accueillis au sein de la r\u00e9sidence autonomie Saint-Jean du village. La circulation routi\u00e8re est aussi interrompue sur la RD25 dans le p\u00e9rim\u00e8tre.<\/p>\n<p melodystyle=\"texte\">La munition de la Seconde Guerre mondiale a \u00e9t\u00e9 d\u00e9couverte dans un champ, samedi 20\u00a0septembre. Elle a \u00e9t\u00e9 recouverte de s\u00e9diments et prot\u00e9g\u00e9e par un merlon de bottes de paille pour la s\u00e9curit\u00e9 des habitants, en attendant l&rsquo;intervention du jour.<\/p>\n<p melodystyle=\"texte\">Apr\u00e8s sa neutralisation aujourd&rsquo;hui, les d\u00e9mineurs proc\u00e9deront \u00e0 la destruction de la bombe au sein de la carri\u00e8re Lafarge situ\u00e9e \u00e0 Saint-Vigor-d&rsquo;Ymonville, mardi 25\u00a0novembre \u00e0 partir de 12h.<\/p>\n","protected":false},"excerpt":{"rendered":"C&rsquo;est une op\u00e9ration commune en Seine-Maritime. Elle requiert malgr\u00e9 tout des pr\u00e9cautions particuli\u00e8res. Une bombe anglaise de 222kg&hellip;\n","protected":false},"author":2,"featured_media":555134,"comment_status":"","ping_status":"","sticky":false,"template":"","format":"standard","meta":{"footnotes":""},"categories":[9587],"tags":[1111,11,1777,674,1011,27,12,5161,25,9590],"class_list":{"0":"post-555133","1":"post","2":"type-post","3":"status-publish","4":"format-standard","5":"has-post-thumbnail","7":"category-rouen","8":"tag-actu","9":"tag-actualites","10":"tag-eu","11":"tag-europe","12":"tag-fr","13":"tag-france","14":"tag-news","15":"tag-normandie","16":"tag-republique-francaise","17":"tag-rouen"},"share_on_mastodon":{"url":"https:\/\/pubeurope.com\/@fr\/115604029708585904","error":""},"_links":{"self":[{"href":"https:\/\/www.europesays.com\/fr\/wp-json\/wp\/v2\/posts\/555133","targetHints":{"allow":["GET"]}}],"collection":[{"href":"https:\/\/www.europesays.com\/fr\/wp-json\/wp\/v2\/posts"}],"about":[{"href":"https:\/\/www.europesays.com\/fr\/wp-json\/wp\/v2\/types\/post"}],"author":[{"embeddable":true,"href":"https:\/\/www.europesays.com\/fr\/wp-json\/wp\/v2\/users\/2"}],"replies":[{"embeddable":true,"href":"https:\/\/www.europesays.com\/fr\/wp-json\/wp\/v2\/comments?post=555133"}],"version-history":[{"count":0,"href":"https:\/\/www.europesays.com\/fr\/wp-json\/wp\/v2\/posts\/555133\/revisions"}],"wp:featuredmedia":[{"embeddable":true,"href":"https:\/\/www.europesays.com\/fr\/wp-json\/wp\/v2\/media\/555134"}],"wp:attachment":[{"href":"https:\/\/www.europesays.com\/fr\/wp-json\/wp\/v2\/media?parent=555133"}],"wp:term":[{"taxonomy":"category","embeddable":true,"href":"https:\/\/www.europesays.com\/fr\/wp-json\/wp\/v2\/categories?post=555133"},{"taxonomy":"post_tag","embeddable":true,"href":"https:\/\/www.europesays.com\/fr\/wp-json\/wp\/v2\/tags?post=555133"}],"curies":[{"name":"wp","href":"https:\/\/api.w.org\/{rel}","templated":true}]}}