{"id":555135,"date":"2025-11-24T09:44:14","date_gmt":"2025-11-24T09:44:14","guid":{"rendered":"https:\/\/www.europesays.com\/fr\/555135\/"},"modified":"2025-11-24T09:44:14","modified_gmt":"2025-11-24T09:44:14","slug":"national-un-match-amical-au-menu-de-rouen-en-fin-de-semaine","status":"publish","type":"post","link":"https:\/\/www.europesays.com\/fr\/555135\/","title":{"rendered":"National. Un match amical au menu de Rouen en fin de semaine"},"content":{"rendered":"<p><img loading=\"lazy\" decoding=\"async\" width=\"696\" height=\"463\" class=\"lazyload entry-thumb\" src=\"https:\/\/www.europesays.com\/fr\/wp-content\/uploads\/2025\/11\/FC-Versailles-FC-Rouen.07.03.25-242-696x463.jpg\" alt=\"National J24 FC Versailles - FC Rouen (Photo Bernard Morvan)\" title=\"National J24 FC Versailles - FC Rouen\"\/>National J24 FC Versailles &#8211; FC Rouen  (Photo Bernard Morvan)<\/p>\n<p style=\"font-size:20px\"><strong>D\u00e9j\u00e0 \u00e9limin\u00e9 en Coupe de France, le FC Rouen, leader du National, va conserver le rythme et pr\u00e9parer la suite du championnat avec un match amical en cette fin de semaine.<\/strong><\/p>\n<p>D\u2019apr\u00e8s <a href=\"https:\/\/www.paris-normandie.fr\/id676701\/article\/2025-11-23\/football-national-un-nouveau-match-amical-pour-le-fc-rouen-mais-huis-clos\" target=\"_blank\" rel=\"noopener\">Paris Normandie<\/a>, les Diables Rouges affronteront ainsi le groupe \u00e9lite du RC Lens ce vendredi 28 novembre au stade Robert-Diochin. La rencontre se d\u00e9roulera \u00e0 huis-clos.<\/p>\n<p>Le vendredi 5 d\u00e9cembre, l\u2019\u00e9quipe de R\u00e9gis Brouard aura une reprise compliqu\u00e9e sur le terrain du SC Aubagne Air-Bel, une des formations en forme du championnat. Il restera ensuite une \u00e9ch\u00e9ance avant la tr\u00eave des confiseurs, mais de taille : la r\u00e9ception de QRM pour le derby rouennais toujours tr\u00e8s attendu.<\/p>\n<p><a href=\"https:\/\/footamateur.ouest-france.fr\/author\/fred\/\" class=\"url\" title=\"Fr\u00e9d\u00e9ric Sougey\" target=\"_blank\" rel=\"noopener\"> <img decoding=\"async\" src=\"https:\/\/www.europesays.com\/fr\/wp-content\/uploads\/2025\/04\/gnlpcfya_400x400.jpg\" class=\"lazyload photo\" width=\"250\" alt=\"Fr\u00e9d\u00e9ric Sougey\"\/><\/a><\/p>\n<p>Journaliste chez Sports M\u00e9dia<\/p>\n<p>Elev\u00e9 au c\u0153ur des Alpes, Fred quitte (temporairement) son Grenoble ador\u00e9 pour pr\u00eater sa plume et son regard au monde amateur et plus particuli\u00e8rement au Championnat National dont il est un assidu observateur. Fan de tartiflette, de Karim Mokeddem et de Mulholland Drive. Les bonnes choses de la vie, en somme.<\/p>\n<p><a href=\"https:\/\/footamateur.ouest-france.fr\/author\/fred\/\" class=\"url\" title=\"Fr\u00e9d\u00e9ric Sougey\" target=\"_blank\" rel=\"noopener\"><img decoding=\"async\" src=\"https:\/\/www.europesays.com\/fr\/wp-content\/uploads\/2025\/04\/gnlpcfya_400x400.jpg\" class=\"lazyload photo\" width=\"250\" alt=\"Fr\u00e9d\u00e9ric Sougey\"\/><\/a>Les derniers articles par Fr\u00e9d\u00e9ric Sougey (<a href=\"https:\/\/footamateur.ouest-france.fr\/author\/fred\/\" target=\"_blank\" rel=\"noopener\">tout voir<\/a>)<\/p>\n","protected":false},"excerpt":{"rendered":"National J24 FC Versailles &#8211; FC Rouen (Photo Bernard Morvan) D\u00e9j\u00e0 \u00e9limin\u00e9 en Coupe de France, le FC&hellip;\n","protected":false},"author":2,"featured_media":555136,"comment_status":"","ping_status":"","sticky":false,"template":"","format":"standard","meta":{"footnotes":""},"categories":[9587],"tags":[1111,11,1777,674,1011,27,12,5161,25,9590],"class_list":{"0":"post-555135","1":"post","2":"type-post","3":"status-publish","4":"format-standard","5":"has-post-thumbnail","7":"category-rouen","8":"tag-actu","9":"tag-actualites","10":"tag-eu","11":"tag-europe","12":"tag-fr","13":"tag-france","14":"tag-news","15":"tag-normandie","16":"tag-republique-francaise","17":"tag-rouen"},"share_on_mastodon":{"url":"https:\/\/pubeurope.com\/@fr\/115604036023995765","error":""},"_links":{"self":[{"href":"https:\/\/www.europesays.com\/fr\/wp-json\/wp\/v2\/posts\/555135","targetHints":{"allow":["GET"]}}],"collection":[{"href":"https:\/\/www.europesays.com\/fr\/wp-json\/wp\/v2\/posts"}],"about":[{"href":"https:\/\/www.europesays.com\/fr\/wp-json\/wp\/v2\/types\/post"}],"author":[{"embeddable":true,"href":"https:\/\/www.europesays.com\/fr\/wp-json\/wp\/v2\/users\/2"}],"replies":[{"embeddable":true,"href":"https:\/\/www.europesays.com\/fr\/wp-json\/wp\/v2\/comments?post=555135"}],"version-history":[{"count":0,"href":"https:\/\/www.europesays.com\/fr\/wp-json\/wp\/v2\/posts\/555135\/revisions"}],"wp:featuredmedia":[{"embeddable":true,"href":"https:\/\/www.europesays.com\/fr\/wp-json\/wp\/v2\/media\/555136"}],"wp:attachment":[{"href":"https:\/\/www.europesays.com\/fr\/wp-json\/wp\/v2\/media?parent=555135"}],"wp:term":[{"taxonomy":"category","embeddable":true,"href":"https:\/\/www.europesays.com\/fr\/wp-json\/wp\/v2\/categories?post=555135"},{"taxonomy":"post_tag","embeddable":true,"href":"https:\/\/www.europesays.com\/fr\/wp-json\/wp\/v2\/tags?post=555135"}],"curies":[{"name":"wp","href":"https:\/\/api.w.org\/{rel}","templated":true}]}}