{"id":555145,"date":"2025-11-24T09:54:16","date_gmt":"2025-11-24T09:54:16","guid":{"rendered":"https:\/\/www.europesays.com\/fr\/555145\/"},"modified":"2025-11-24T09:54:16","modified_gmt":"2025-11-24T09:54:16","slug":"societe-la-deuxieme-rencontre-de-strasbourg-secrit-ensemble-avec-catherine-trautmann-ce-mardi","status":"publish","type":"post","link":"https:\/\/www.europesays.com\/fr\/555145\/","title":{"rendered":"Soci\u00e9t\u00e9. La deuxi\u00e8me rencontre de \u201cStrasbourg s&rsquo;\u00e9crit ensemble, avec Catherine Trautmann\u201d, ce mardi"},"content":{"rendered":"<p style=\"text-align: justify;\">\u00c0 l&rsquo;occasion de la deuxi\u00e8me rencontre \u201cStrasbourg s&rsquo;\u00e9crit ensemble, avec <a href=\"https:\/\/www.dna.fr\/p\/catherine-trautmann\" target=\"_blank\" rel=\"noopener\">Catherine Trautmann<\/a>\u201d, la candidate aux \u00e9lections municipales invite les\u00a0habitants de Strasbourg \u00e0\u00a0partager leurs id\u00e9es et leurs r\u00e9alit\u00e9s\u00a0autour de d\u00e9fis concrets.\u00a0La\u00a0th\u00e9matique\u00a0est : \u201cComment Strasbourg peut r\u00e9inventer les mobilit\u00e9s, pour ses habitants, ses visiteurs et pour la plan\u00e8te ?\u201d<\/p>\n<p style=\"text-align: justify;\">Par rapport \u00e0 l&rsquo;annonce initiale, le lieu de la rencontre a chang\u00e9 pour pouvoir accueillir un plus grand nombre de participants.\u00a0Elle\u00a0se d\u00e9roulera <strong>ce\u00a0mardi 25 novembre<\/strong> \u00e0\u00a0<strong>The People Hostel au 7, rue de la Krutenau \u00e0 Strasbourg<\/strong>.\u00a0<\/p>\n","protected":false},"excerpt":{"rendered":"\u00c0 l&rsquo;occasion de la deuxi\u00e8me rencontre \u201cStrasbourg s&rsquo;\u00e9crit ensemble, avec Catherine Trautmann\u201d, la candidate aux \u00e9lections municipales invite&hellip;\n","protected":false},"author":2,"featured_media":555146,"comment_status":"","ping_status":"","sticky":false,"template":"","format":"standard","meta":{"footnotes":""},"categories":[2820],"tags":[1111,11,2880,1777,674,1011,27,775,12,316,25,801,104,640],"class_list":{"0":"post-555145","1":"post","2":"type-post","3":"status-publish","4":"format-standard","5":"has-post-thumbnail","7":"category-strasbourg","8":"tag-actu","9":"tag-actualites","10":"tag-edition-strasbourg","11":"tag-eu","12":"tag-europe","13":"tag-fr","14":"tag-france","15":"tag-grand-est","16":"tag-news","17":"tag-politique","18":"tag-republique-francaise","19":"tag-social","20":"tag-societe","21":"tag-strasbourg"},"share_on_mastodon":{"url":"https:\/\/pubeurope.com\/@fr\/115604073063573507","error":""},"_links":{"self":[{"href":"https:\/\/www.europesays.com\/fr\/wp-json\/wp\/v2\/posts\/555145","targetHints":{"allow":["GET"]}}],"collection":[{"href":"https:\/\/www.europesays.com\/fr\/wp-json\/wp\/v2\/posts"}],"about":[{"href":"https:\/\/www.europesays.com\/fr\/wp-json\/wp\/v2\/types\/post"}],"author":[{"embeddable":true,"href":"https:\/\/www.europesays.com\/fr\/wp-json\/wp\/v2\/users\/2"}],"replies":[{"embeddable":true,"href":"https:\/\/www.europesays.com\/fr\/wp-json\/wp\/v2\/comments?post=555145"}],"version-history":[{"count":0,"href":"https:\/\/www.europesays.com\/fr\/wp-json\/wp\/v2\/posts\/555145\/revisions"}],"wp:featuredmedia":[{"embeddable":true,"href":"https:\/\/www.europesays.com\/fr\/wp-json\/wp\/v2\/media\/555146"}],"wp:attachment":[{"href":"https:\/\/www.europesays.com\/fr\/wp-json\/wp\/v2\/media?parent=555145"}],"wp:term":[{"taxonomy":"category","embeddable":true,"href":"https:\/\/www.europesays.com\/fr\/wp-json\/wp\/v2\/categories?post=555145"},{"taxonomy":"post_tag","embeddable":true,"href":"https:\/\/www.europesays.com\/fr\/wp-json\/wp\/v2\/tags?post=555145"}],"curies":[{"name":"wp","href":"https:\/\/api.w.org\/{rel}","templated":true}]}}