{"id":55515,"date":"2025-04-26T23:23:09","date_gmt":"2025-04-26T23:23:09","guid":{"rendered":"https:\/\/www.europesays.com\/fr\/55515\/"},"modified":"2025-04-26T23:23:09","modified_gmt":"2025-04-26T23:23:09","slug":"previsions-du-dimanche-27-avril-2025","status":"publish","type":"post","link":"https:\/\/www.europesays.com\/fr\/55515\/","title":{"rendered":"pr\u00e9visions du dimanche 27 avril 2025"},"content":{"rendered":"<p>C&rsquo;est sous un ciel gris que va se d\u00e9rouler la journ\u00e9e. Les nuages perdurent sur Montpellier. Les maximales atteindront les 20\u00b0C alors que les minimales seront de 13\u00b0C. Toujours de la grisaille le matin. Les nuages vont s&rsquo;attarder. Le temps sera ponctu\u00e9 par des pluies \u00e9parses. On anticipe des temp\u00e9ratures d&rsquo;environ 15\u00b0C. Un vent de nord rafra\u00eechira sensiblement l&rsquo;atmosph\u00e8re. Le ciel sera relativement lumineux, avec quelques \u00e9claircies l&rsquo;apr\u00e8s-midi. C&rsquo;est une hausse de quelques degr\u00e9s que vont enregistrer les temp\u00e9ratures. Les valeurs seront comprises entre 18 et 20\u00b0C. Le ciel sera clair dans la nuit de dimanche \u00e0 lundi.<\/p>\n<p>C&rsquo;est un soleil \u00e9clatant qui va se montrer demain sur Montpellier. Il fera environ 17\u00b0C. Dans la matin\u00e9e, les temp\u00e9ratures seront de 18\u00b0C. Une l\u00e9g\u00e8re brise de nord-est soufflera. Les temp\u00e9ratures seront de 18\u00b0C au plus bas et de 20\u00b0C au maximum l&rsquo;apr\u00e8s-midi. Les valeurs tourneront autour des 16\u00b0C au cours de la soir\u00e9e. Un vent de sud-est soufflera l\u00e9g\u00e8rement, avec 5 km\/h.<\/p>\n<p>La m\u00e9t\u00e9o restera inchang\u00e9e les prochains jours. Le temps sera ensoleill\u00e9 avec des temp\u00e9ratures avoisinant 17\u00b0C.<\/p>\n<p><\/p>\n","protected":false},"excerpt":{"rendered":"C&rsquo;est sous un ciel gris que va se d\u00e9rouler la journ\u00e9e. Les nuages perdurent sur Montpellier. Les maximales&hellip;\n","protected":false},"author":2,"featured_media":55516,"comment_status":"","ping_status":"","sticky":false,"template":"","format":"standard","meta":{"footnotes":""},"categories":[9599],"tags":[1111,11,1777,674,1011,27,7089,2681,2208,12,2680,2119,25],"class_list":{"0":"post-55515","1":"post","2":"type-post","3":"status-publish","4":"format-standard","5":"has-post-thumbnail","7":"category-montpellier","8":"tag-actu","9":"tag-actualites","10":"tag-eu","11":"tag-europe","12":"tag-fr","13":"tag-france","14":"tag-herault","15":"tag-languedoc-roussillon","16":"tag-montpellier","17":"tag-news","18":"tag-occitanie","19":"tag-previsions-meteo","20":"tag-republique-francaise"},"share_on_mastodon":{"url":"https:\/\/pubeurope.com\/@fr\/114406844241488541","error":""},"_links":{"self":[{"href":"https:\/\/www.europesays.com\/fr\/wp-json\/wp\/v2\/posts\/55515","targetHints":{"allow":["GET"]}}],"collection":[{"href":"https:\/\/www.europesays.com\/fr\/wp-json\/wp\/v2\/posts"}],"about":[{"href":"https:\/\/www.europesays.com\/fr\/wp-json\/wp\/v2\/types\/post"}],"author":[{"embeddable":true,"href":"https:\/\/www.europesays.com\/fr\/wp-json\/wp\/v2\/users\/2"}],"replies":[{"embeddable":true,"href":"https:\/\/www.europesays.com\/fr\/wp-json\/wp\/v2\/comments?post=55515"}],"version-history":[{"count":0,"href":"https:\/\/www.europesays.com\/fr\/wp-json\/wp\/v2\/posts\/55515\/revisions"}],"wp:featuredmedia":[{"embeddable":true,"href":"https:\/\/www.europesays.com\/fr\/wp-json\/wp\/v2\/media\/55516"}],"wp:attachment":[{"href":"https:\/\/www.europesays.com\/fr\/wp-json\/wp\/v2\/media?parent=55515"}],"wp:term":[{"taxonomy":"category","embeddable":true,"href":"https:\/\/www.europesays.com\/fr\/wp-json\/wp\/v2\/categories?post=55515"},{"taxonomy":"post_tag","embeddable":true,"href":"https:\/\/www.europesays.com\/fr\/wp-json\/wp\/v2\/tags?post=55515"}],"curies":[{"name":"wp","href":"https:\/\/api.w.org\/{rel}","templated":true}]}}