{"id":555157,"date":"2025-11-24T10:00:13","date_gmt":"2025-11-24T10:00:13","guid":{"rendered":"https:\/\/www.europesays.com\/fr\/555157\/"},"modified":"2025-11-24T10:00:13","modified_gmt":"2025-11-24T10:00:13","slug":"une-journee-dediee-a-la-reduction-des-dechets-au-chateau-de-thouars","status":"publish","type":"post","link":"https:\/\/www.europesays.com\/fr\/555157\/","title":{"rendered":"une journ\u00e9e d\u00e9di\u00e9e \u00e0 la r\u00e9duction des d\u00e9chets au ch\u00e2teau de Thouars"},"content":{"rendered":"<p>Cette journ\u00e9e s\u2019ouvrira autour de \u00ab\u00a0l\u2019upcycling cr\u00e9atif\u00a0\u00bb (cr\u00e9ation d\u2019encres v\u00e9g\u00e9tales avec \u00c9lise Alard) et se poursuivra autour de la solidarit\u00e9 (r\u00e9emploi de v\u00eatements avec La Cravate solidaire) et le d\u00e9veloppement \u00e9conomique durable.<\/p>\n<p>Des stands (e-graine, Utopiac, R\u00e9par\u2019acteurs, etc.) seront install\u00e9s toute la journ\u00e9e pour des ateliers pratiques (\u00e9nergie, cuisine z\u00e9ro d\u00e9chet, beaut\u00e9, r\u00e9paration\u2026)<\/p>\n","protected":false},"excerpt":{"rendered":"Cette journ\u00e9e s\u2019ouvrira autour de \u00ab\u00a0l\u2019upcycling cr\u00e9atif\u00a0\u00bb (cr\u00e9ation d\u2019encres v\u00e9g\u00e9tales avec \u00c9lise Alard) et se poursuivra autour de&hellip;\n","protected":false},"author":2,"featured_media":555158,"comment_status":"","ping_status":"","sticky":false,"template":"","format":"standard","meta":{"footnotes":""},"categories":[2817],"tags":[1111,11,1997,1777,674,1011,27,12,2219,25],"class_list":{"0":"post-555157","1":"post","2":"type-post","3":"status-publish","4":"format-standard","5":"has-post-thumbnail","7":"category-bordeaux","8":"tag-actu","9":"tag-actualites","10":"tag-bordeaux","11":"tag-eu","12":"tag-europe","13":"tag-fr","14":"tag-france","15":"tag-news","16":"tag-nouvelle-aquitaine","17":"tag-republique-francaise"},"share_on_mastodon":{"url":"https:\/\/pubeurope.com\/@fr\/115604096542558700","error":""},"_links":{"self":[{"href":"https:\/\/www.europesays.com\/fr\/wp-json\/wp\/v2\/posts\/555157","targetHints":{"allow":["GET"]}}],"collection":[{"href":"https:\/\/www.europesays.com\/fr\/wp-json\/wp\/v2\/posts"}],"about":[{"href":"https:\/\/www.europesays.com\/fr\/wp-json\/wp\/v2\/types\/post"}],"author":[{"embeddable":true,"href":"https:\/\/www.europesays.com\/fr\/wp-json\/wp\/v2\/users\/2"}],"replies":[{"embeddable":true,"href":"https:\/\/www.europesays.com\/fr\/wp-json\/wp\/v2\/comments?post=555157"}],"version-history":[{"count":0,"href":"https:\/\/www.europesays.com\/fr\/wp-json\/wp\/v2\/posts\/555157\/revisions"}],"wp:featuredmedia":[{"embeddable":true,"href":"https:\/\/www.europesays.com\/fr\/wp-json\/wp\/v2\/media\/555158"}],"wp:attachment":[{"href":"https:\/\/www.europesays.com\/fr\/wp-json\/wp\/v2\/media?parent=555157"}],"wp:term":[{"taxonomy":"category","embeddable":true,"href":"https:\/\/www.europesays.com\/fr\/wp-json\/wp\/v2\/categories?post=555157"},{"taxonomy":"post_tag","embeddable":true,"href":"https:\/\/www.europesays.com\/fr\/wp-json\/wp\/v2\/tags?post=555157"}],"curies":[{"name":"wp","href":"https:\/\/api.w.org\/{rel}","templated":true}]}}