{"id":555159,"date":"2025-11-24T10:02:12","date_gmt":"2025-11-24T10:02:12","guid":{"rendered":"https:\/\/www.europesays.com\/fr\/555159\/"},"modified":"2025-11-24T10:02:12","modified_gmt":"2025-11-24T10:02:12","slug":"la-gironde-placee-en-double-vigilance","status":"publish","type":"post","link":"https:\/\/www.europesays.com\/fr\/555159\/","title":{"rendered":"la Gironde plac\u00e9e en double vigilance"},"content":{"rendered":"<p>                    Par<br \/>\n        <strong><br \/>\n            <a href=\"https:\/\/actu.fr\/auteur\/julian-doubax\" title=\"Consulter tous les articles de Julian Doubax\" target=\"_blank\" rel=\"noopener\">Julian Doubax<\/a><br \/>\n                    <\/strong><\/p>\n<p>        Publi\u00e9 le<\/p>\n<p>            24 nov. 2025 \u00e0 10h22        <\/p>\n<p>Apr\u00e8s <a href=\"https:\/\/actu.fr\/nouvelle-aquitaine\/bordeaux_33063\/en-gironde-les-temperatures-degringolent-avec-l-arrivee-d-un-air-d-origine-polaire_63446612.html\" target=\"_blank\" rel=\"noopener\">une semaine de froid<\/a> o\u00f9 les temp\u00e9ratures n\u00e9gatives avaient d\u00e9barqu\u00e9 en Gironde, place \u00e0 la pluie. Ce lundi 24 novembre 2025, M\u00e9t\u00e9o France a plac\u00e9 le d\u00e9partement en double vigilance : <strong>orange<\/strong> pour les risques de <strong>pluie-inondation<\/strong> et <strong>jaune<\/strong> pour les <strong>orages<\/strong>.\u00a0<\/p>\n<p class=\" wall-content\">Les fortes perturbations devraient d\u00e9buter en milieu de matin\u00e9e et se poursuivre jusqu\u2019\u00e0 la fin de l\u2019apr\u00e8s-midi. Un \u00ab\u00a0\u00e9pisode <strong>pluvieux persistant<\/strong> n\u00e9cessitant une attention particuli\u00e8re en raison des cumuls attendus\u00a0\u00bb est annonc\u00e9 par M\u00e9t\u00e9o France dans son <a href=\"https:\/\/vigilance.meteofrance.fr\/fr\/gironde\" target=\"_blank\" rel=\"noopener\">bulletin des pr\u00e9visions<\/a>.\u00a0<\/p>\n<p class=\" wall-content\">\u00ab\u00a0On attend pour le reste de la journ\u00e9e <strong>20 \u00e0 30 mm suppl\u00e9mentaires<\/strong> sur ces trois d\u00e9partements (Gironde, Corr\u00e8ze et Dordogne). Ces cumuls viennent s\u2019ajouter \u00e0 ceux d\u00e9j\u00e0 tomb\u00e9s dans la nuit, donnant, en 24h, des cumuls de l\u2019ordre de <strong>50 \u00e0 60 mm<\/strong>, localement 70 mm.\u00a0\u00bb<\/p>\n<p class=\" wall-content\">Pour ces pluies, aucun secteur du d\u00e9partement n\u2019est \u00e9pargn\u00e9. Dans l\u2019apr\u00e8s-midi, des \u00e9claircies devraient pointer le bout de leur nez sur le <a href=\"https:\/\/actu.fr\/tag\/bassin-d-arcachon\" target=\"_blank\" rel=\"noopener\">bassin d\u2019Arcachon<\/a>, dans la m\u00e9tropole bordelaise et dans le Libournais.\u00a0<\/p>\n<p class=\" wall-content\">La vigilance jaune pour les orages<strong> d\u00e9butera vers 16h<\/strong> en Gironde. De fortes averses sont attendues sur la pointe du M\u00e9doc, \u00e0 Bordeaux ou encore dans le Libournais.\u00a0<\/p>\n<p class=\" wall-content\">Le pr\u00e9fet de la Gironde appelle chacun \u00ab\u00a0\u00e0 la plus grande vigilance et invite notamment les usagers de la route \u00e0<strong> adapter leurs comportements<\/strong> et \u00e0 ne pas s\u2019engager sur une voie immerg\u00e9e\u00a0\u00bb. Il attire \u00e9galement l\u2019attention des <strong>exploitants<\/strong> des campings, de chapiteaux et les organisateurs de manifestations en plein air afin \u00ab\u00a0qu\u2019ils prennent toutes les mesures pour assurer la s\u00e9curit\u00e9 des biens et des personnes\u00a0\u00bb.<\/p>\n<p class=\" wall-content\">Personnalisez votre actualit\u00e9 en ajoutant vos villes et m\u00e9dias en favori avec <a href=\"https:\/\/moncompte.actu.fr\" title=\"D\u00e9couvez Mon Actu\" rel=\"nofollow noopener\" data-trk=\"{&quot;cta&quot;:{&quot;action&quot;:&quot;https:\\\/\\\/moncompte.actu.fr&quot;,&quot;category&quot;:&quot;mon compte&quot;,&quot;from&quot;:&quot;article footer&quot;,&quot;name&quot;:&quot;Mon actu&quot;,&quot;type&quot;:&quot;cta&quot;}}\" target=\"_blank\">Mon Actu<\/a>.<\/p>\n","protected":false},"excerpt":{"rendered":"Par Julian Doubax Publi\u00e9 le 24 nov. 2025 \u00e0 10h22 Apr\u00e8s une semaine de froid o\u00f9 les temp\u00e9ratures&hellip;\n","protected":false},"author":2,"featured_media":555160,"comment_status":"","ping_status":"","sticky":false,"template":"","format":"standard","meta":{"footnotes":""},"categories":[2817],"tags":[1111,11,1997,1777,674,1011,27,2487,2357,12,2219,4594,4459,25],"class_list":{"0":"post-555159","1":"post","2":"type-post","3":"status-publish","4":"format-standard","5":"has-post-thumbnail","7":"category-bordeaux","8":"tag-actu","9":"tag-actualites","10":"tag-bordeaux","11":"tag-eu","12":"tag-europe","13":"tag-fr","14":"tag-france","15":"tag-meteo","16":"tag-meteo-france","17":"tag-news","18":"tag-nouvelle-aquitaine","19":"tag-orages","20":"tag-pluie","21":"tag-republique-francaise"},"share_on_mastodon":{"url":"https:\/\/pubeurope.com\/@fr\/115604104469134352","error":""},"_links":{"self":[{"href":"https:\/\/www.europesays.com\/fr\/wp-json\/wp\/v2\/posts\/555159","targetHints":{"allow":["GET"]}}],"collection":[{"href":"https:\/\/www.europesays.com\/fr\/wp-json\/wp\/v2\/posts"}],"about":[{"href":"https:\/\/www.europesays.com\/fr\/wp-json\/wp\/v2\/types\/post"}],"author":[{"embeddable":true,"href":"https:\/\/www.europesays.com\/fr\/wp-json\/wp\/v2\/users\/2"}],"replies":[{"embeddable":true,"href":"https:\/\/www.europesays.com\/fr\/wp-json\/wp\/v2\/comments?post=555159"}],"version-history":[{"count":0,"href":"https:\/\/www.europesays.com\/fr\/wp-json\/wp\/v2\/posts\/555159\/revisions"}],"wp:featuredmedia":[{"embeddable":true,"href":"https:\/\/www.europesays.com\/fr\/wp-json\/wp\/v2\/media\/555160"}],"wp:attachment":[{"href":"https:\/\/www.europesays.com\/fr\/wp-json\/wp\/v2\/media?parent=555159"}],"wp:term":[{"taxonomy":"category","embeddable":true,"href":"https:\/\/www.europesays.com\/fr\/wp-json\/wp\/v2\/categories?post=555159"},{"taxonomy":"post_tag","embeddable":true,"href":"https:\/\/www.europesays.com\/fr\/wp-json\/wp\/v2\/tags?post=555159"}],"curies":[{"name":"wp","href":"https:\/\/api.w.org\/{rel}","templated":true}]}}