{"id":555161,"date":"2025-11-24T10:03:10","date_gmt":"2025-11-24T10:03:10","guid":{"rendered":"https:\/\/www.europesays.com\/fr\/555161\/"},"modified":"2025-11-24T10:03:10","modified_gmt":"2025-11-24T10:03:10","slug":"15-kilometres-de-bouchons-cumules-sur-les-voies-rapides","status":"publish","type":"post","link":"https:\/\/www.europesays.com\/fr\/555161\/","title":{"rendered":"15 kilom\u00e8tres de bouchons cumul\u00e9s sur les voies rapides"},"content":{"rendered":"<p>                    Par<br \/>\n        <strong><br \/>\n            <a href=\"https:\/\/actu.fr\/auteur\/david-saint-sernin\" title=\"Consulter tous les articles de David Saint-Sernin\" target=\"_blank\" rel=\"noopener\">David Saint-Sernin<\/a><br \/>\n                    <\/strong><\/p>\n<p>        Publi\u00e9 le<\/p>\n<p>            24 nov. 2025 \u00e0 8h36        <\/p>\n<p>Lundi 24\u00a0novembre 2025, <strong>plusieurs accidents<\/strong> engendrent des perturbations importantes sur les voies rapides de Toulouse,<a href=\"https:\/\/actu.fr\/tag\/peripherique-de-toulouse\" target=\"_blank\" rel=\"noopener\"> dont le p\u00e9riph\u00e9rique.<\/a><\/p>\n<p>Accident sur l\u2019autoroute A62<\/p>\n<p class=\" wall-content\">Au nord, en direction de la Ville rose, sur l\u2019autoroute A 62, un accident entre deux v\u00e9hicules s\u2019est produit sur la voie de gauche. Le trafic ne s\u2019\u00e9coule que sur deux voies au lieu de trois.<\/p>\n<p class=\" wall-content\">Du c\u00f4t\u00e9 de l\u2019a\u00e9roport de Toulouse-Blagnac, un accident entre un v\u00e9hicule l\u00e9ger et un poids lourd\u00a0provoque un petit bouchon en direction de Toulouse.<\/p>\n<p class=\" wall-content\">Sur l\u2019autoroute A68, Bison Fut\u00e9 fait \u00e9tat d\u2019une <strong>dizaine de kilom\u00e8tres de ralentissements<\/strong>.<\/p>\n<p>Dix kilom\u00e8tres de bouchons sur le p\u00e9riph\u00e9rique sud<\/p>\n<p class=\" wall-content\">C\u2019est \u00e9galement tr\u00e8s compliqu\u00e9 au sud de Toulouse, sur le p\u00e9riph\u00e9rique, avec une dizaine de kilom\u00e8tres de bouchon depuis le Palays pour ensuite remonter vers Blagnac. \u00ab\u2009Il faut 30 \u00e0 40\u00a0minutes pour faire 10 \u00e012 kilom\u00e8tres\u2009\u00bb, indique Radio Vinci Autoroute.<\/p>\n<p class=\" wall-content\">C\u2019est \u00e9galement tr\u00e8s compliqu\u00e9 sur l\u2019autoroute A 64, depuis la Barri\u00e8re de P\u00e9age de Muret.<\/p>\n<p>Vid\u00e9os : en ce moment sur Actu<\/p>\n<p class=\" wall-content\">Peu apr\u00e8s 8h, Bison Fut\u00e9 enregistrait<strong> 15 kilom\u00e8tres de bouchons durs cumul\u00e9s<\/strong> dans l\u2019agglom\u00e9ration de Toulouse qui voit rouge.<\/p>\n<p class=\" wall-content\">Personnalisez votre actualit\u00e9 en ajoutant vos villes et m\u00e9dias en favori avec <a href=\"https:\/\/moncompte.actu.fr\" title=\"D\u00e9couvez Mon Actu\" rel=\"nofollow noopener\" data-trk=\"{&quot;cta&quot;:{&quot;action&quot;:&quot;https:\\\/\\\/moncompte.actu.fr&quot;,&quot;category&quot;:&quot;mon compte&quot;,&quot;from&quot;:&quot;article footer&quot;,&quot;name&quot;:&quot;Mon actu&quot;,&quot;type&quot;:&quot;cta&quot;}}\" target=\"_blank\">Mon Actu<\/a>.<\/p>\n","protected":false},"excerpt":{"rendered":"Par David Saint-Sernin Publi\u00e9 le 24 nov. 2025 \u00e0 8h36 Lundi 24\u00a0novembre 2025, plusieurs accidents engendrent des perturbations&hellip;\n","protected":false},"author":2,"featured_media":555162,"comment_status":"","ping_status":"","sticky":false,"template":"","format":"standard","meta":{"footnotes":""},"categories":[2816],"tags":[119,1111,11,1777,674,1011,27,12,2680,4800,25,104,2312],"class_list":{"0":"post-555161","1":"post","2":"type-post","3":"status-publish","4":"format-standard","5":"has-post-thumbnail","7":"category-toulouse","8":"tag-accident","9":"tag-actu","10":"tag-actualites","11":"tag-eu","12":"tag-europe","13":"tag-fr","14":"tag-france","15":"tag-news","16":"tag-occitanie","17":"tag-peripherique-de-toulouse","18":"tag-republique-francaise","19":"tag-societe","20":"tag-toulouse"},"share_on_mastodon":{"url":"https:\/\/pubeurope.com\/@fr\/115604108502038114","error":""},"_links":{"self":[{"href":"https:\/\/www.europesays.com\/fr\/wp-json\/wp\/v2\/posts\/555161","targetHints":{"allow":["GET"]}}],"collection":[{"href":"https:\/\/www.europesays.com\/fr\/wp-json\/wp\/v2\/posts"}],"about":[{"href":"https:\/\/www.europesays.com\/fr\/wp-json\/wp\/v2\/types\/post"}],"author":[{"embeddable":true,"href":"https:\/\/www.europesays.com\/fr\/wp-json\/wp\/v2\/users\/2"}],"replies":[{"embeddable":true,"href":"https:\/\/www.europesays.com\/fr\/wp-json\/wp\/v2\/comments?post=555161"}],"version-history":[{"count":0,"href":"https:\/\/www.europesays.com\/fr\/wp-json\/wp\/v2\/posts\/555161\/revisions"}],"wp:featuredmedia":[{"embeddable":true,"href":"https:\/\/www.europesays.com\/fr\/wp-json\/wp\/v2\/media\/555162"}],"wp:attachment":[{"href":"https:\/\/www.europesays.com\/fr\/wp-json\/wp\/v2\/media?parent=555161"}],"wp:term":[{"taxonomy":"category","embeddable":true,"href":"https:\/\/www.europesays.com\/fr\/wp-json\/wp\/v2\/categories?post=555161"},{"taxonomy":"post_tag","embeddable":true,"href":"https:\/\/www.europesays.com\/fr\/wp-json\/wp\/v2\/tags?post=555161"}],"curies":[{"name":"wp","href":"https:\/\/api.w.org\/{rel}","templated":true}]}}