{"id":555165,"date":"2025-11-24T10:05:12","date_gmt":"2025-11-24T10:05:12","guid":{"rendered":"https:\/\/www.europesays.com\/fr\/555165\/"},"modified":"2025-11-24T10:05:12","modified_gmt":"2025-11-24T10:05:12","slug":"un-grand-festival-gratuit-dedie-au-welsh-aura-lieu-tout-le-week-end","status":"publish","type":"post","link":"https:\/\/www.europesays.com\/fr\/555165\/","title":{"rendered":"un grand festival gratuit d\u00e9di\u00e9 au welsh aura lieu tout le week-end\u00a0!"},"content":{"rendered":"<p>                    Par<br \/>\n        <strong><br \/>\n            <a href=\"https:\/\/actu.fr\/auteur\/nicolas-demollien\" title=\"Consulter tous les articles de Nicolas Demollien\" target=\"_blank\" rel=\"noopener\">Nicolas Demollien<\/a><br \/>\n                    <\/strong><\/p>\n<p>        Publi\u00e9 le<\/p>\n<p>            24 nov. 2025 \u00e0 10h58        <\/p>\n<p>Place au \u00ab\u00a0<b>Welsh\u2019Fest<\/b>\u00a0\u00bb ! Ce week-end des <b>samedi 29 et dimanche 30 novembre 2025<\/b> sera d\u00e9di\u00e9 au <b>fameux plat<\/b> du <a href=\"https:\/\/actu.fr\/hauts-de-france\/nord_59\" target=\"_blank\" rel=\"noopener\">Nord<\/a> qui d\u00e9borde de <b>cheddar<\/b> \u00e0 <a href=\"https:\/\/actu.fr\/hauts-de-france\/lille_59350\" target=\"_blank\" rel=\"noopener\">Lille<\/a> (Nord). Des <b>concours et de nombreuses animations<\/b> seront mises en place pour les gourmands comme les simples curieux. Et en plus l\u2019<b>entr\u00e9e est gratuite<\/b> !<\/p>\n<p>Le concours international du welsh int\u00e9gr\u00e9 au Welsh\u2019Fest \u00e0 Lille<\/p>\n<p class=\" wall-content\">Cela se passera du c\u00f4t\u00e9 de la<b> gare Saint-Sauveur<\/b> durant deux jours avec un menu all\u00e9chant. Car cette ann\u00e9e, le concours international du Welsh 2025 est int\u00e9gr\u00e9 dans ce tout <b>nouvel \u00e9v\u00e8nement<\/b>.<\/p>\n<p class=\" wall-content\">Tout au long du week-end seront propos\u00e9s :\u00a0<\/p>\n<ul class=\" wall-content\">\n<li>March\u00e9 gourmand &amp; animations ;<\/li>\n<li>Produits locaux : fromages, bi\u00e8res, moutardes, et autres p\u00e9pites artisanales ;<\/li>\n<li>Ateliers cuisine avec des chefs ;<\/li>\n<li>Shows culinaires et d\u00e9monstrations ;<\/li>\n<li>Foodtrucks ;<\/li>\n<li>\u00c9cole du Welsh.<\/li>\n<\/ul>\n<p class=\" wall-content\">Plus de 14 restaurateurs seront r\u00e9unis pour votre plus grand plaisir.<\/p>\n<p class=\" wall-content\">Samedi 29 novembre verra aussi le lancement du concours dans les cat\u00e9gories espoir et amateur tandis qu\u2019une soir\u00e9e en musique conclura cette premi\u00e8re journ\u00e9e festive.<\/p>\n<p>    <a href=\"https:\/\/www.facebook.com\/plugins\/post.php?href=https%3A%2F%2Fwww.facebook.com%2Ffestivalduwelsh%2Fposts%2Fpfbid02abyhsxefrtTwwy8qniRdKyDnFrqPnoq4nxpTbueaa4TJwdiANzUbBL2BV1nzvZPFl&amp;show_text=true&amp;width=350\" title=\"Ouvrie le lien\" target=\"_blank\" rel=\"noopener\">Cliquez ici pour visualiser le contenu<\/a><\/p>\n<p>Votre r\u00e9gion, votre actu !<\/p>\n<p>Recevez chaque jour les infos qui comptent pour vous.<\/p>\n<p>\t<a href=\"https:\/\/actu.fr\/newsletter\" class=\"ac-btn ac-btn--corner ac-btn--medium ac-btn--blue800\" target=\"_blank\" rel=\"noopener\">S&rsquo;incrire<\/a><\/p>\n<p class=\" wall-content\">Les animations continueront le dimanche tandis que les concours sera r\u00e9serv\u00e9 aux professionnels. Autant de super moments \u00e0 ne pas rater !<\/p>\n<p class=\" wall-content\">Plus d\u2019infos sur le site <a href=\"https:\/\/garesaintsauveur.lille3000.com\/event\/concours-international-du-welsh-2025\" target=\"_blank\" rel=\"noopener\">garesaintsauveur.lille3000.com<\/a><\/p>\n<p class=\" wall-content\">Personnalisez votre actualit\u00e9 en ajoutant vos villes et m\u00e9dias en favori avec <a href=\"https:\/\/moncompte.actu.fr\" title=\"D\u00e9couvez Mon Actu\" rel=\"nofollow noopener\" data-trk=\"{&quot;cta&quot;:{&quot;action&quot;:&quot;https:\\\/\\\/moncompte.actu.fr&quot;,&quot;category&quot;:&quot;mon compte&quot;,&quot;from&quot;:&quot;article footer&quot;,&quot;name&quot;:&quot;Mon actu&quot;,&quot;type&quot;:&quot;cta&quot;}}\" target=\"_blank\">Mon Actu<\/a>.<\/p>\n","protected":false},"excerpt":{"rendered":"Par Nicolas Demollien Publi\u00e9 le 24 nov. 2025 \u00e0 10h58 Place au \u00ab\u00a0Welsh\u2019Fest\u00a0\u00bb ! Ce week-end des samedi&hellip;\n","protected":false},"author":2,"featured_media":555166,"comment_status":"","ping_status":"","sticky":false,"template":"","format":"standard","meta":{"footnotes":""},"categories":[2815],"tags":[1111,11,6557,1777,674,1011,27,1661,811,1307,1652,12,25],"class_list":{"0":"post-555165","1":"post","2":"type-post","3":"status-publish","4":"format-standard","5":"has-post-thumbnail","7":"category-lille","8":"tag-actu","9":"tag-actualites","10":"tag-bon-plan-a-lille","11":"tag-eu","12":"tag-europe","13":"tag-fr","14":"tag-france","15":"tag-gastronomie","16":"tag-hauts-de-france","17":"tag-lille","18":"tag-loisirs-culture","19":"tag-news","20":"tag-republique-francaise"},"share_on_mastodon":{"url":"https:\/\/pubeurope.com\/@fr\/115604116255398798","error":""},"_links":{"self":[{"href":"https:\/\/www.europesays.com\/fr\/wp-json\/wp\/v2\/posts\/555165","targetHints":{"allow":["GET"]}}],"collection":[{"href":"https:\/\/www.europesays.com\/fr\/wp-json\/wp\/v2\/posts"}],"about":[{"href":"https:\/\/www.europesays.com\/fr\/wp-json\/wp\/v2\/types\/post"}],"author":[{"embeddable":true,"href":"https:\/\/www.europesays.com\/fr\/wp-json\/wp\/v2\/users\/2"}],"replies":[{"embeddable":true,"href":"https:\/\/www.europesays.com\/fr\/wp-json\/wp\/v2\/comments?post=555165"}],"version-history":[{"count":0,"href":"https:\/\/www.europesays.com\/fr\/wp-json\/wp\/v2\/posts\/555165\/revisions"}],"wp:featuredmedia":[{"embeddable":true,"href":"https:\/\/www.europesays.com\/fr\/wp-json\/wp\/v2\/media\/555166"}],"wp:attachment":[{"href":"https:\/\/www.europesays.com\/fr\/wp-json\/wp\/v2\/media?parent=555165"}],"wp:term":[{"taxonomy":"category","embeddable":true,"href":"https:\/\/www.europesays.com\/fr\/wp-json\/wp\/v2\/categories?post=555165"},{"taxonomy":"post_tag","embeddable":true,"href":"https:\/\/www.europesays.com\/fr\/wp-json\/wp\/v2\/tags?post=555165"}],"curies":[{"name":"wp","href":"https:\/\/api.w.org\/{rel}","templated":true}]}}