{"id":555169,"date":"2025-11-24T10:07:19","date_gmt":"2025-11-24T10:07:19","guid":{"rendered":"https:\/\/www.europesays.com\/fr\/555169\/"},"modified":"2025-11-24T10:07:19","modified_gmt":"2025-11-24T10:07:19","slug":"agenda-les-temps-forts-du-24-au-28-novembre","status":"publish","type":"post","link":"https:\/\/www.europesays.com\/fr\/555169\/","title":{"rendered":"Agenda : les temps forts du 24 au 28 novembre"},"content":{"rendered":"<p>Lundi 24<\/p>\n<p>11h, <strong>Aix.<\/strong> Signature de la convention entre le Fonds pour l\u2019insertion des personnes handicap\u00e9es dans la fonction publique (FIPHFP) et le Centre hospitalier Montperrin. La signature de cette 2e convention marque une \u00e9tape dans le renouvellement de l\u2019engagement de l\u2019\u00e9tablissement en faveur de l\u2019inclusion et du maintien dans l\u2019emploi des agents en situation de handicap.<\/p>\n<p>12h, <strong>Aix.<\/strong> Inauguration des nouveaux locaux de la Chambre des M\u00e9tiers et de l\u2019Artisanat Provence-Alpes-C\u00f4te d\u2019Azur.<\/p>\n<p>17h30, <strong>Sept\u00e8mes-les-Vallons<\/strong>. Fibois Sud propose une journ\u00e9e de formation et de visites pour ma\u00eetriser l\u2019utilisation des bois locaux dans la construction. A destination des architectes, entreprises de construction, artisans, bureaux d\u2019\u00e9tudes, \u00e9conomistes de la construction, ma\u00eetres d\u2019\u0153uvre, ma\u00eetres d\u2019ouvrage.<\/p>\n<p><a data-no-instant=\"1\" href=\"https:\/\/www.emergingvalley.online\/\" rel=\"noopener nofollow\" class=\"a2t-link\" target=\"_blank\" aria-label=\"WhatsApp Image 2025-11-18 at 11.48.26 1200*148\"><img loading=\"lazy\" decoding=\"async\" src=\"data:image\/svg+xml,%3Csvg%20xmlns=\" http:=\"\" alt=\"\" data-lazy- data-lazy- width=\"1600\" height=\"197\" style=\"display: inline-block;\" data-lazy-src=\"https:\/\/www.europesays.com\/fr\/wp-content\/uploads\/2025\/11\/whatsapp-image-2025-11-18-at-11.48.26-1200148.jpeg\"\/><\/a><\/p>\n<p>17h45, <strong>Marseille.<\/strong> Ouverture de la soir\u00e9e des 100 ans de l\u2019Institut Paoli Calmettes.<\/p>\n<p>19h,<strong> Aix.<\/strong> La commission \u00ab Actions Citoyennes &amp; Solidaire \u00bb du Gepa et son partenaire la Fondation MMA des Entrepreneurs de Futur, organisent \u00e0 The Camp une soir\u00e9e autour de la compr\u00e9hension et de la lutte contre les risques majeurs et naturels auxquelles toutes nos activit\u00e9s sont expos\u00e9es. Le changement climatique en cours, le renforcement de l\u2019exposition aux risques, la rar\u00e9faction des ressources naturelles, les normes RSE \u2026 imposent d\u00e9sormais aux acteurs \u00e9conomiques de trouver les voies de l\u2019action au profit de la r\u00e9silience de leurs activit\u00e9s.<\/p>\n<p>Mardi 25<\/p>\n<p>9h, <strong>Salon de Provence<\/strong>. Le Centre d\u2019excellence cyberd\u00e9fense a\u00e9rospatiale (CEC) de l\u2019\u00c9cole de l\u2019air et de l\u2019espace organise la troisi\u00e8me \u00e9dition de Cyb\u2019Air Sud, le rendez-vous de la cybers\u00e9curit\u00e9 dans le secteur a\u00e9ronautique et spatial. Le th\u00e8me de cette \u00e9dition : l\u2019analyse de malware, un enjeu cl\u00e9 de la cybers\u00e9curit\u00e9. <a href=\"https:\/\/cybair-sud.fr\/pages\/ed_2025.html\" data-type=\"link\" data-id=\"https:\/\/cybair-sud.fr\/pages\/ed_2025.html\" target=\"_blank\" rel=\"noopener\"><strong>Informations et inscriptions<\/strong><\/a>.<\/p>\n<p>9h, <strong>Marseille<\/strong>. St\u00e9phane Benhamou, pr\u00e9sident du Medef Sud vous convie un petit-d\u00e9jeuner presse Le mardi 25 novembre 2025 de 9h00 \u00e0 10h00 Club Le 29 Tour La Marseillaise, 29\u00e8me \u00e9tage \u2013 2 quai d\u2019Arenc, Marseille 2\u00e8me<\/p>\n<p>9h30, <strong>Marseille.<\/strong> Le P\u00f4le Mer M\u00e9diterran\u00e9e a le plaisir de vous inviter au discours d\u2019ouverture de Sudeole, le nouvel \u00e9v\u00e9nement sur l\u2019\u00e9olien offshore flottant en r\u00e9gion sud, en pr\u00e9sence de l\u2019\u00e9quipe du P\u00f4le Mer M\u00e9diterran\u00e9e, Manon Pedroni, directrice adjointe du P\u00f4le Mer M\u00e9diterran\u00e9e, Pierre Sparacia, administrateur du P\u00f4le Mer M\u00e9diterran\u00e9e, des repr\u00e9sentants des collectivit\u00e9s partenaires Anne-Claudius Petit, pr\u00e9sidente de la Commission Transition \u00e9nerg\u00e9tique strat\u00e9gique, des d\u00e9chets, qualit\u00e9 de l\u2019air \u00e0 la R\u00e9gion Sud, Pascale Pietta, directrice g\u00e9n\u00e9rale d\u00e9l\u00e9gu\u00e9e D\u00e9veloppement \u00c9conomique, Innovation, Attractivit\u00e9, Relations Internationales \u00e0 la M\u00e9tropole Aix-Marseille-Provence S\u00e9bastien Barles, adjoint au maire en charge de la transition \u00e9cologique, de la lutte et de l\u2019adaptation au bouleversement climatique \u00e0 la Ville de Marseille et du partenaire Christine de Jouette, directrice du projet Provence Grand Large.<\/p>\n<p>10h, <strong>Marseille. <\/strong>Pr\u00e9sentation de la nouvelle saison d\u2019Opera Mundi qui d\u00e9marre les 28 et 29 novembre \u00e0 Marseille avec le temps fort \u00ab Penser l\u2019alimentation aujourd\u2019hui \u00bb. Cette 11e saison de conf\u00e9rences et ateliers pluridisciplinaires propose une large r\u00e9flexion sur les enjeux li\u00e9s \u00e0 l\u2019alimentation port\u00e9e par un avant festival \u2013 28 et 29 novembre 2025 \u00ab Penser l\u2019alimentation aujourd\u2019hui. \u00bb Le festival Opera Mundi #2 \u2013 02 au 07 f\u00e9vrier 2026 \u00ab Nourrir et relier les mondes. \u00bb<\/p>\n<p>10h30, <strong>Marseille.<\/strong> Atelier num\u00e9rique \u00ab\u00a0D\u00e9couvrir l\u2019Intelligence artificielle\u00a0\u00bb mis en place conjointement par Orange et France Travail \u00e0 destination des demandeurs d\u2019emploi et pr\u00e9sentation des actions communes\u00a0mises en place afin d\u2019accompagner les demandeurs d\u2019emploi les plus \u00e9loign\u00e9s du num\u00e9rique\u00a0(France Travail Belle de Mai \u2013 26 rue Jobin).<\/p>\n<p>13h30, <strong>Marseille.<\/strong> 2e Journ\u00e9e des r\u00e9ussites RSE au World Trade Center : 13h30 \u2013 Ouverture du salon de la RSE (stands) 14h00 \u2013 Le grand d\u00e9bat : La RSE promesse d\u2019avenir ? 14h45 \u00e0 18h15 \u2013 11 Pitchs inspirants 15h00 \u00e0 18h15 \u2013 4 ateliers 18h40 \u2013 D\u00e9fil\u00e9 de mode 19h00 \u2013 21e Soir\u00e9e des troph\u00e9es des transitions et de la RSE. 21h00 \u2013 Cocktail dinatoire \u2013 d\u00e9fil\u00e9 de mode (<strong><a href=\"https:\/\/gomet.net\/reussites-et-trophees-rse-le-rendez-vous-de-ceux-qui-faconnent-la-transition-responsable\/\" target=\"_blank\" data-type=\"link\" data-id=\"https:\/\/gomet.net\/reussites-et-trophees-rse-le-rendez-vous-de-ceux-qui-faconnent-la-transition-responsable\/\" rel=\"noreferrer noopener\">lire notre article<\/a><\/strong>).<\/p>\n<p>18h, <strong>Marseille.<\/strong> C\u00e9r\u00e9monie exceptionnelle de remise des m\u00e9dailles du CNRS en Provence et Corse 2025 (auditorium du Mucem) : 12 chercheuses, chercheurs, ing\u00e9nieures et ing\u00e9nieurs verront la qualit\u00e9 de leurs travaux de recherche r\u00e9compens\u00e9e par la m\u00e9daille d\u2019argent, la m\u00e9daille de bronze et la m\u00e9daille de cristal du CNRS. Deux \u00e9quipes d\u2019accompagnement et d\u2019appui \u00e0 la recherche se verront \u00e9galement remettre un cristal collectif du CNRS. C\u2019est la premi\u00e8re fois que le CNRS d\u00e9cerne autant de m\u00e9dailles \u00e0 des proven\u00e7aux.<\/p>\n<p>Mercredi 26<\/p>\n<p>9h, <strong>Marseille.<\/strong> Nouvelle \u00e9dition d\u2019Emerging Valley le rendez-vous incontournable de la tech africaine pour les investisseurs, les startups et les \u00e9cosyst\u00e8mes num\u00e9riques africains et \u00e9mergents (lire<strong> <a href=\"https:\/\/gomet.net\/samir-abdelkrim-la-diaspora-technologique-est-un-pont-entre-nos-continents\/\" data-type=\"link\" data-id=\"https:\/\/gomet.net\/samir-abdelkrim-la-diaspora-technologique-est-un-pont-entre-nos-continents\/\" target=\"_blank\" rel=\"noopener\">notre interview de Samir Abdelkrim<\/a><\/strong>, le fondateur de l\u2019\u00e9v\u00e8nement).<\/p>\n<p>17h15, <strong>Marseille. <\/strong>C\u00e9r\u00e9monie en l\u2019honneur de l\u2019\u00e9quipe r\u00e9gionale de la 48e comp\u00e9tition des m\u00e9tiers WorldSkills 2025 en pr\u00e9sence de Marie-Florence Bulteau-Rambaud, vice-pr\u00e9sidente de la R\u00e9gion Provence-Alpes-C\u00f4te d\u2019Azur en charge de l\u2019Education, des Lyc\u00e9es, de l\u2019orientation et de l\u2019apprentissage, vice-pr\u00e9sidente de WorldSkills France.<\/p>\n<p>18h, <strong>Marseille<\/strong>. Sud Place Financi\u00e8re organise sa grande soir\u00e9e annuelle au si\u00e8ge de la Caisse d\u2019\u00c9pargne CEPAC. La soir\u00e9e sera notamment marqu\u00e9e par l\u2019intervention de Jean-Daniel L\u00e9vy, directeur d\u00e9l\u00e9gu\u00e9 de Toluna Harris Interactive, reconnu pour son expertise dans l\u2019analyse de l\u2019opinion publique et des dynamiques de soci\u00e9t\u00e9.<\/p>\n<p>Jeudi 27<\/p>\n<p>8h30, <strong>Cannes.<\/strong> 4\u1d49 Rencontres du spatial en r\u00e9gion sud au Palais des Festivals. Un \u00e9v\u00e9nement organis\u00e9 par le P\u00f4le Safe et le p\u00f4le m\u00e9tropolitain Cap Azur*, en partenariat avec ACRI-ST, Bertin Technologies, Soditech, Thales Alenia Space, le CNES et la R\u00e9gion Sud Provence-Alpes-C\u00f4te d\u2019Azur, avec le soutien d\u2019Aktantis. Cette 4\u1d49 \u00e9dition doit r\u00e9unir plus de 400 acteurs \u2014 institutionnels, industriels, acad\u00e9miques, investisseurs et experts \u2014 autour d\u2019un programme ax\u00e9 sur la souverainet\u00e9, l\u2019innovation et la coop\u00e9ration europ\u00e9enne. .<\/p>\n<p>9h,<strong> Toulon. <\/strong>Nouvelle \u00e9dition du 2MF (Mediterranean Maintenance Forum). Les objectifs de cet \u00e9v\u00e9nement sont de favoriser l\u2019\u00e9change de bonnes pratiques et partager l\u2019\u00e9tat de l\u2019art au sein d\u2019un \u00e9cosyst\u00e8me dynamique et innovant ; cr\u00e9er des relations privil\u00e9gi\u00e9es entre PME et grands groupes sur la th\u00e9matique de la maintenance industrielle, et g\u00e9n\u00e9rer des partenariats interentreprises pour r\u00e9pondre \u00e0 des projets d\u2019ampleur ; donner une image valorisante des m\u00e9tiers de la maintenance afin d\u2019accroitre l\u2019attractivit\u00e9 de ces m\u00e9tiers en s\u2019adressant \u00e0 la fois aux lyc\u00e9ens et aux \u00e9tudiants en proposant emplois et offres de stage. Pour cette 4e \u00e9dition, le forum prend de l\u2019ampleur et accueillera plus d\u2019une quarantaine d\u2019entreprises industrielles. Plus de 1000 lyc\u00e9ens et \u00e9tudiants sont \u00e9galement attendus, ainsi que plusieurs centaines de demandeurs d\u2019emploi gr\u00e2ce \u00e0 un partenariat avec France Travail.<\/p>\n<p>9h15, <strong>Aix.<\/strong> 7e \u00e9dition convention annuelle des maires de la r\u00e9gion sud sur le th\u00e8me : \u00ab R\u00e9gion-communes, un p\u00f4le de stabilit\u00e9 et d\u2019actions pour les territoires \u00bb en pr\u00e9sence de G\u00e9rard Larcher, Pr\u00e9sident du S\u00e9nat.<\/p>\n<p>11h, <strong>Toulon<\/strong>. C\u00e9r\u00e9monie de livraison du B\u00e2timent Ravitailleur de Forces (BRF) Jacques Stosskopf \u00e0 la Marine nationale. La c\u00e9r\u00e9monie de livraison sera pr\u00e9sid\u00e9e par le vice-amiral d\u2019escadre Christophe Cluzel, commandant de la Force d\u2019action navale. Plusieurs acteurs cl\u00e9s ayant jou\u00e9 un r\u00f4le majeur dans le processus de livraison du BRF seront \u00e9galement pr\u00e9sents tels que l\u2019OCCAR, Naval Group, les Chantiers de l\u2019Atlantique et la DGA.<\/p>\n<p>Vendredi 28<\/p>\n<p>11h30, <strong>Marseille.<\/strong> Conf\u00e9rence de presse d\u2019Isabelle Campagnola-Savon, pr\u00e9sidente d\u2019Eurom\u00e9diterran\u00e9e.<\/p>\n","protected":false},"excerpt":{"rendered":"Lundi 24 11h, Aix. Signature de la convention entre le Fonds pour l\u2019insertion des personnes handicap\u00e9es dans la&hellip;\n","protected":false},"author":2,"featured_media":43241,"comment_status":"","ping_status":"","sticky":false,"template":"","format":"standard","meta":{"footnotes":""},"categories":[2814],"tags":[1111,11,1777,674,1011,27,884,12,882,25],"class_list":{"0":"post-555169","1":"post","2":"type-post","3":"status-publish","4":"format-standard","5":"has-post-thumbnail","7":"category-marseille","8":"tag-actu","9":"tag-actualites","10":"tag-eu","11":"tag-europe","12":"tag-fr","13":"tag-france","14":"tag-marseille","15":"tag-news","16":"tag-provence-alpes-cote-dazur","17":"tag-republique-francaise"},"share_on_mastodon":{"url":"https:\/\/pubeurope.com\/@fr\/115604124188101209","error":""},"_links":{"self":[{"href":"https:\/\/www.europesays.com\/fr\/wp-json\/wp\/v2\/posts\/555169","targetHints":{"allow":["GET"]}}],"collection":[{"href":"https:\/\/www.europesays.com\/fr\/wp-json\/wp\/v2\/posts"}],"about":[{"href":"https:\/\/www.europesays.com\/fr\/wp-json\/wp\/v2\/types\/post"}],"author":[{"embeddable":true,"href":"https:\/\/www.europesays.com\/fr\/wp-json\/wp\/v2\/users\/2"}],"replies":[{"embeddable":true,"href":"https:\/\/www.europesays.com\/fr\/wp-json\/wp\/v2\/comments?post=555169"}],"version-history":[{"count":0,"href":"https:\/\/www.europesays.com\/fr\/wp-json\/wp\/v2\/posts\/555169\/revisions"}],"wp:featuredmedia":[{"embeddable":true,"href":"https:\/\/www.europesays.com\/fr\/wp-json\/wp\/v2\/media\/43241"}],"wp:attachment":[{"href":"https:\/\/www.europesays.com\/fr\/wp-json\/wp\/v2\/media?parent=555169"}],"wp:term":[{"taxonomy":"category","embeddable":true,"href":"https:\/\/www.europesays.com\/fr\/wp-json\/wp\/v2\/categories?post=555169"},{"taxonomy":"post_tag","embeddable":true,"href":"https:\/\/www.europesays.com\/fr\/wp-json\/wp\/v2\/tags?post=555169"}],"curies":[{"name":"wp","href":"https:\/\/api.w.org\/{rel}","templated":true}]}}