{"id":55517,"date":"2025-04-26T23:24:17","date_gmt":"2025-04-26T23:24:17","guid":{"rendered":"https:\/\/www.europesays.com\/fr\/55517\/"},"modified":"2025-04-26T23:24:17","modified_gmt":"2025-04-26T23:24:17","slug":"football-fin-de-lespoir-pour-montpellier-officiellement-relegue-en-ligue-2","status":"publish","type":"post","link":"https:\/\/www.europesays.com\/fr\/55517\/","title":{"rendered":"Football. Fin de l&rsquo;espoir pour Montpellier, officiellement rel\u00e9gu\u00e9 en Ligue 2"},"content":{"rendered":"<p>Le club de Montpellier, champion de France en 2012 et qui \u00e9voluait dans l&rsquo;\u00e9lite depuis 16 saisons, a \u00e9t\u00e9 officiellement rel\u00e9gu\u00e9 samedi en Ligue 2, avant m\u00eame de jouer dimanche contre Reims son match de la 31e journ\u00e9e de Ligue 1.<\/p>\n<p><strong><a href=\"https:\/\/www.bienpublic.com\/sport\/classement\/football\/national-ligue-1\" target=\"_blank\" rel=\"nofollow noopener\">&gt;&gt; Le classement de Ligue 1<\/a><\/strong><\/p>\n<p>Le match nul obtenu par Le Havre contre Monaco (1-1) condamne en effet les Montpelli\u00e9rains, derniers du championnat et qui ne peuvent plus rattraper les Normands, actuellement en position de barragiste.<\/p>\n<p>Une \u00e9quipe abandonn\u00e9e par ses cadres<\/p>\n<p>\u00c0 quatre matches du terme, l&rsquo;\u00e9quipe d\u00e9sormais entra\u00een\u00e9e par Zoumana Camara compte 13 points de retard sur Le Havre et est donc certaine de finir \u00e0 l&rsquo;une des deux derni\u00e8res places, qui envoient en Ligue 2.<\/p>\n<p>Avant d&rsquo;affronter Reims dimanche, Montpellier reste sur 12 d\u00e9faites d&rsquo;affil\u00e9e depuis le mercato. L&rsquo;\u00e9quipe h\u00e9raultaise, tr\u00e8s t\u00f4t en difficult\u00e9, a plong\u00e9 \u00e0 pic en seconde moiti\u00e9 de saison.<\/p>\n<p>Ni Michel Der Zakarian, ni Jean-Louis Gasset, qui ont pr\u00e9c\u00e9d\u00e9 Camara sur le banc du MHSC, n&rsquo;ont r\u00e9ussi \u00e0 trouver les cl\u00e9s pour lancer une \u00e9quipe abandonn\u00e9e par ses cadres et en souffrance en attaque comme en d\u00e9fense. <\/p>\n","protected":false},"excerpt":{"rendered":"Le club de Montpellier, champion de France en 2012 et qui \u00e9voluait dans l&rsquo;\u00e9lite depuis 16 saisons, a&hellip;\n","protected":false},"author":2,"featured_media":55518,"comment_status":"","ping_status":"","sticky":false,"template":"","format":"standard","meta":{"footnotes":""},"categories":[9599],"tags":[1111,11,1777,674,107,63,1011,27,2208,12,2680,25,517,1947],"class_list":{"0":"post-55517","1":"post","2":"type-post","3":"status-publish","4":"format-standard","5":"has-post-thumbnail","7":"category-montpellier","8":"tag-actu","9":"tag-actualites","10":"tag-eu","11":"tag-europe","12":"tag-fil-info","13":"tag-football","14":"tag-fr","15":"tag-france","16":"tag-montpellier","17":"tag-news","18":"tag-occitanie","19":"tag-republique-francaise","20":"tag-sport","21":"tag-sport-national"},"share_on_mastodon":{"url":"https:\/\/pubeurope.com\/@fr\/114406848094278312","error":""},"_links":{"self":[{"href":"https:\/\/www.europesays.com\/fr\/wp-json\/wp\/v2\/posts\/55517","targetHints":{"allow":["GET"]}}],"collection":[{"href":"https:\/\/www.europesays.com\/fr\/wp-json\/wp\/v2\/posts"}],"about":[{"href":"https:\/\/www.europesays.com\/fr\/wp-json\/wp\/v2\/types\/post"}],"author":[{"embeddable":true,"href":"https:\/\/www.europesays.com\/fr\/wp-json\/wp\/v2\/users\/2"}],"replies":[{"embeddable":true,"href":"https:\/\/www.europesays.com\/fr\/wp-json\/wp\/v2\/comments?post=55517"}],"version-history":[{"count":0,"href":"https:\/\/www.europesays.com\/fr\/wp-json\/wp\/v2\/posts\/55517\/revisions"}],"wp:featuredmedia":[{"embeddable":true,"href":"https:\/\/www.europesays.com\/fr\/wp-json\/wp\/v2\/media\/55518"}],"wp:attachment":[{"href":"https:\/\/www.europesays.com\/fr\/wp-json\/wp\/v2\/media?parent=55517"}],"wp:term":[{"taxonomy":"category","embeddable":true,"href":"https:\/\/www.europesays.com\/fr\/wp-json\/wp\/v2\/categories?post=55517"},{"taxonomy":"post_tag","embeddable":true,"href":"https:\/\/www.europesays.com\/fr\/wp-json\/wp\/v2\/tags?post=55517"}],"curies":[{"name":"wp","href":"https:\/\/api.w.org\/{rel}","templated":true}]}}