{"id":555170,"date":"2025-11-24T10:08:24","date_gmt":"2025-11-24T10:08:24","guid":{"rendered":"https:\/\/www.europesays.com\/fr\/555170\/"},"modified":"2025-11-24T10:08:24","modified_gmt":"2025-11-24T10:08:24","slug":"retour-de-marseille-le-gouvernement-va-t-il-encore-faire-semblant","status":"publish","type":"post","link":"https:\/\/www.europesays.com\/fr\/555170\/","title":{"rendered":"Retour de Marseille : le gouvernement va-t-il encore faire semblant ?"},"content":{"rendered":"<p><img fetchpriority=\"high\" decoding=\"async\" width=\"1024\" height=\"569\" src=\"https:\/\/www.europesays.com\/fr\/wp-content\/uploads\/2025\/11\/Capture-decran-2025-11-24-a-10.13.51-1024x569.png\" alt=\"\" class=\"wp-image-18804\"  \/><\/p>\n<p>J\u2019\u00e9tais ce samedi apr\u00e8s-midi \u00e0 Marseille, pour la \u00ab\u00a0marche\u00a0\u00bb blanche en hommage \u00e0 Mehdi Kessaci.<\/p>\n<p>Un moment digne, de recueillement.<\/p>\n<p>Les mots de la m\u00e8re.<\/p>\n<p>Ceux du fr\u00e8re.<\/p>\n<p>Les mains en l\u2019air, lev\u00e9es vers le ciel.<\/p>\n<p>Le silence, la souffrance.<\/p>\n<p>Et maintenant\u00a0?<\/p>\n<p>Cet assassinat est, \u00e0 coup s\u00fbr, sinon un \u00ab\u00a0point de bascule\u00a0\u00bb, du moins un franchissement de seuil quant \u00e0 la violence des narcotrafiquants. Mais est-ce que ce sera un point de bascule quant \u00e0 la r\u00e9action de l\u2019Etat\u00a0?<\/p>\n<p>Je ne le crois pas.<\/p>\n<p>Et en v\u00e9rit\u00e9, les citoyens pr\u00e9sents samedi, autour de moi, eux non plus n\u2019y croient pas, m\u00eame s\u2019ils l\u2019esp\u00e8rent.<\/p>\n<p>Au contraire, il me semble\u00a0: se dessine un recul de plus, la mafia impose son omerta.<\/p>\n<p>Et avec cette crainte\u00a0: que, dans ce combat, l\u2019Etat fasse encore semblant.<\/p>\n<p>Plusieurs alertes.<\/p>\n<p>Samedi, la \u00ab\u00a0marche\u00a0\u00bb \u00e9tait en fait statique, un rassemblement. Pourquoi\u00a0? \u00ab\u00a0C\u2019est un choix de la Pr\u00e9fecture\u00a0\u00bb, nous ont dit des organisateurs. \u00ab\u00a0Pour des raisons de s\u00e9curit\u00e9.\u00a0\u00bb C\u2019est-\u00e0-dire que les policiers n\u2019\u00e9taient pas en mesure d\u2019assurer la s\u00fbret\u00e9 d\u2019un \u00e9v\u00e9nement exceptionnel, dans les rues de Marseille, et malgr\u00e9 la pr\u00e9sence de personnalit\u00e9s, des membres du gouvernement annonc\u00e9s. Comment les forces de l\u2019ordre pourraient-elles, alors, prot\u00e9ger les Marseillaises, les Marseillais, qui d\u00e9cideraient de parler\u00a0?<\/p>\n<p>A la sortie de la manifestation, un membre de Conscience \u2013 l\u2019association d\u2019Amine Kessaci \u2013 me disait que la Pr\u00e9fecture leur avait conseill\u00e9, durant un temps, de mettre leurs activit\u00e9s en veilleuse. J\u2019ignore si c\u2019est vrai. En revanche, on pouvait lire \u00e7a dans le Canard encha\u00een\u00e9 de cette semaine\u00a0: \u00ab\u00a0Plus de son, plus d\u2019image\u2026 Les auteurs de \u2018<a href=\"https:\/\/www.fnac.com\/a21711818\/Eric-Miguet-Cartel-Nord-Plongee-dans-une-nouvelle-ere-de-la-terreur\" target=\"_blank\" rel=\"noreferrer noopener\">Cartel nord. Plong\u00e9e dans la nouvelle \u00e8re du narcotrafic marseillais<\/a>\u2019, de Eric Miguet et Jean-Guillaume Bayart, ont d\u00e9cid\u00e9 de stopper net la promotion de leur ouvrage. Les \u00e9ditions du Cherche Midi leur avaient pourtant concoct\u00e9 un imposant plan m\u00e9dia. Les deux journalistes de La Provence devaient ainsi participer \u00e0 Quotidien, l\u2019influent talk-show de TMC. Mais les narcotrafiquants n\u2019ont pas appr\u00e9ci\u00e9 que les deux confr\u00e8res fourrent leur nez dans leurs affaires. Et ils ont menac\u00e9 de leur trouer la peau\u00a0! Mis au parfum, les flics et le proc\u2019 de Marseille ont recommand\u00e9 une di\u00e8te m\u00e9diatique totale et imm\u00e9diate\u2026\u00a0\u00bb<\/p>\n<p>L\u2019Etat a donc recommand\u00e9 aux auteurs de se taire, l\u2019Etat s\u2019est fait le relais de l\u2019omerta. Non par volont\u00e9, j\u2019entends bien, mais par impuissance \u00e0 prot\u00e9ger des lanceurs d\u2019alerte.<\/p>\n<p>Enfin, et surtout\u00a0: bien s\u00fbr, les ministres de la Justice et de la police sont descendus sur place. Mais y a-t-il un sursaut, un \u00e9lectrochoc, une strat\u00e9gie nouvelle\u00a0?<\/p>\n<p>Depuis des ann\u00e9es, les morts s\u2019empilent, pas seulement \u00e0 Marseille, partout, chez moi \u00e0 Amiens, trois en un an, \u00e0 Grenoble, \u00e0 Rennes, ailleurs\u00a0: vengeances entre clans, innocents qui prennent des balles perdues\u2026 Mais au-del\u00e0, c\u2019est la peur qui r\u00e8gne dans les quartiers, la peur pour les parents, et m\u00eame la double peur\u00a0: que leurs enfants soient victimes, mais aussi, qu\u2019ils soient eux-m\u00eames, surtout les gar\u00e7ons, \u00e0 l\u2019adolescence, rattrap\u00e9s par la rue, la d\u00e9linquance, le trafic, qu\u2019ils tombent dedans.<\/p>\n<p>Les crimes se suivent. La drogue s\u2019installe.<\/p>\n<p>Et pourquoi le gouvernement, le pr\u00e9sident ne r\u00e9agissent pas plus que \u00e7a\u00a0?<\/p>\n<p>Parce que ce ne sont pas leurs fils, leurs filles, qui sont touch\u00e9s, tout simplement. Ni les fils et les filles de leurs amis, de leur milieu. Ce ne sont pas les leurs, pas les miens, qui sont frapp\u00e9s, ce ne sont pas les miens. Eux, elles, sont prot\u00e9g\u00e9s (et tant mieux). Voil\u00e0 pourquoi c\u2019est accept\u00e9, pourquoi ils ne mettent pas le paquet.<\/p>\n<p>Que r\u00e9clamons-nous (pour rappel)\u00a0?<\/p>\n<ul class=\"wp-block-list\">\n<li><strong>La r\u00e9pression<\/strong>, bien s\u00fbr, des sanctions. Pas par des op\u00e9rations \u00ab\u00a0Place Nette\u00a0\u00bb ou XXL, qui rel\u00e8vent de la com\u2019 plus que de la s\u00e9curit\u00e9, des images pour la t\u00e9l\u00e9. Par des enqu\u00eateurs, une police judiciaire, des douaniers, des inspecteurs du fisc, une \u00e9quipe anti-stup, avec du temps et de l\u2019argent, avec pour principe\u00a0: \u00ab<strong>\u00a0Follow the money\u00a0! \u00bb <\/strong>Pour taper les gros bonnets au porte-monnaie, pour les traquer jusque Duba\u00ef.<\/li>\n<li><strong>La pr\u00e9vention.<\/strong> La guerre contre la drogue ne se gagnera pas de l\u2019ext\u00e9rieur, mais de l\u2019int\u00e9rieur. Avec les parents, les assos, les centres sociaux, pour alli\u00e9s. Avec, pour la jeunesse, un autre horizon que la mort ou la prison. Mais dans les quartiers, depuis des ann\u00e9es, l\u2019Etat ne se renforce pas, il choisit de s\u2019affaiblir\u00a0: le plan Borloo tomb\u00e9 \u00e0 l\u2019eau, le budget politique de la Ville chaque ann\u00e9e r\u00e9tr\u00e9ci, cinq mille contrats adultes relais supprim\u00e9s\u2026<\/li>\n<li><strong>Contr\u00f4ler les marchandises.<\/strong> Comment pr\u00e9tendre lutter contre la drogue quand, les yeux ferm\u00e9s, on laisse tout rentrer\u00a0? Le libre-\u00e9change, c\u2019est l\u2019absence de contr\u00f4les aux fronti\u00e8res, c\u2019est dans le port du Havre un container sur cinq mille qui est ouvert\u00a0!<\/li>\n<\/ul>\n<p>Ce message, dans le deuil et le consensus ambiants, n\u2019a rien d\u2019agr\u00e9able. Mais si aujourd\u2019hui, des v\u00e9rit\u00e9s ne sont pas dites, si le d\u00e9bat n\u2019est pas ouvert, ce sera jamais. Si le sursaut n\u2019a pas lieu maintenant, il n\u2019y aura plus de changements.<\/p>\n<p>Malgr\u00e9 toutes nos inqui\u00e9tudes, nous sommes encore tenus par l\u2019espoir. Il le faut, pas seulement \u00e0 Marseille pour <strong>Mehdi<\/strong> et la famille de Sokha\u00efna, mais pour <strong>Sofiane<\/strong>, coll\u00e9gien d\u2019Amiens, qui aimait le ping-pong et le foot, riant et souriant, qui n\u2019avait rien \u00e0 voir avec le trafic. Trois hommes cagoul\u00e9s, d\u00e9guis\u00e9s en policiers, sont entr\u00e9s dans sa maison au petit matin. Ils cherchaient son grand fr\u00e8re. Ne le trouvant pas, ils ont tu\u00e9 Sofiane, encore au lit, et bless\u00e9 \u00e0 vie, gri\u00e8vement, son jumeau Rayan. Il le faut pour <strong>Samira<\/strong> et les animateurs du quartier Valdegour de N\u00eemes. H\u00e9ros du quotidien lorsque des fusillades \u00e9clatent, accourant aupr\u00e8s des bless\u00e9s avec compresses et d\u00e9sinfectant dans le sac \u00e0 dos. La peur au ventre, pour eux, bien s\u00fbr, et pour les gamins du coin, encore plus\u00a0: \u00ab\u00a0Ils sont oblig\u00e9s de faire des d\u00e9tours entre l\u2019\u00e9cole et chez eux, pour \u00e9viter les endroits qui craignent.\u00a0\u00bb Il le faut pour <strong>Elyane<\/strong>, habitante des quartiers nord d\u2019Amiens, qui n\u2019en peut plus de vivre enferm\u00e9e, apeur\u00e9e, stress\u00e9e\u00a0: \u00ab\u00a0A partir d\u2019une certaine heure, le quartier se transforme. Devant ma fen\u00eatre, tous les soirs, une bande qui se retrouve, qui fume, qui boit, qui met de la musique, et qui deale. Pour rentrer chez moi, dans le hall, il faut que je demande l\u2019autorisation.\u00a0\u00bb Il le faut pour <strong>Jean,<\/strong> \u00e0 Montmagny. \u00ab\u00a0Mes quatre enfants, je les ai tous \u00e9lev\u00e9s pareil\u00a0: \u2018Tu rentres de l\u2019\u00e9cole, tu prends ton go\u00fbter, ta douche, tu fais tes devoirs.\u2019 Jamais ils ne sont sortis, jamais.<br \/>-A cause de la drogue\u00a0?<br \/>-Bien s\u00fbr.<br \/>-La r\u00e9ussite scolaire, elle se fait au prix d\u2019une surveillance\u00a0?<br \/>-24 heures sur 24.\u00a0\u00bb<strong>\u00a0<\/strong><\/p>\n<p>Il le faut pour <strong>Khadija<\/strong> et ses b\u00e9n\u00e9voles \u00e0 Villeurbanne. Elles font du fitness dans la rue, pour garder la forme, oui, mais aussi pour reconqu\u00e9rir l\u2019espace public, pour ne pas le laisser aux trafiquants. Il le faut pour <strong>Madame X<\/strong>, que nous avions invit\u00e9e \u00e0 un colloque sur le narcotrafic \u00e0 l\u2019Assembl\u00e9e nationale. Sa chaise \u00e9tait rest\u00e9e vide. Au dernier moment, cette m\u00e8re de famille s\u2019est d\u00e9command\u00e9e. Par peur, par crainte des repr\u00e9sailles.<\/p>\n","protected":false},"excerpt":{"rendered":"J\u2019\u00e9tais ce samedi apr\u00e8s-midi \u00e0 Marseille, pour la \u00ab\u00a0marche\u00a0\u00bb blanche en hommage \u00e0 Mehdi Kessaci. Un moment digne,&hellip;\n","protected":false},"author":2,"featured_media":555171,"comment_status":"","ping_status":"","sticky":false,"template":"","format":"standard","meta":{"footnotes":""},"categories":[2814],"tags":[1111,11,1777,674,1011,27,884,12,882,25],"class_list":{"0":"post-555170","1":"post","2":"type-post","3":"status-publish","4":"format-standard","5":"has-post-thumbnail","7":"category-marseille","8":"tag-actu","9":"tag-actualites","10":"tag-eu","11":"tag-europe","12":"tag-fr","13":"tag-france","14":"tag-marseille","15":"tag-news","16":"tag-provence-alpes-cote-dazur","17":"tag-republique-francaise"},"share_on_mastodon":{"url":"https:\/\/pubeurope.com\/@fr\/115604128805415333","error":""},"_links":{"self":[{"href":"https:\/\/www.europesays.com\/fr\/wp-json\/wp\/v2\/posts\/555170","targetHints":{"allow":["GET"]}}],"collection":[{"href":"https:\/\/www.europesays.com\/fr\/wp-json\/wp\/v2\/posts"}],"about":[{"href":"https:\/\/www.europesays.com\/fr\/wp-json\/wp\/v2\/types\/post"}],"author":[{"embeddable":true,"href":"https:\/\/www.europesays.com\/fr\/wp-json\/wp\/v2\/users\/2"}],"replies":[{"embeddable":true,"href":"https:\/\/www.europesays.com\/fr\/wp-json\/wp\/v2\/comments?post=555170"}],"version-history":[{"count":0,"href":"https:\/\/www.europesays.com\/fr\/wp-json\/wp\/v2\/posts\/555170\/revisions"}],"wp:featuredmedia":[{"embeddable":true,"href":"https:\/\/www.europesays.com\/fr\/wp-json\/wp\/v2\/media\/555171"}],"wp:attachment":[{"href":"https:\/\/www.europesays.com\/fr\/wp-json\/wp\/v2\/media?parent=555170"}],"wp:term":[{"taxonomy":"category","embeddable":true,"href":"https:\/\/www.europesays.com\/fr\/wp-json\/wp\/v2\/categories?post=555170"},{"taxonomy":"post_tag","embeddable":true,"href":"https:\/\/www.europesays.com\/fr\/wp-json\/wp\/v2\/tags?post=555170"}],"curies":[{"name":"wp","href":"https:\/\/api.w.org\/{rel}","templated":true}]}}