{"id":555172,"date":"2025-11-24T10:09:14","date_gmt":"2025-11-24T10:09:14","guid":{"rendered":"https:\/\/www.europesays.com\/fr\/555172\/"},"modified":"2025-11-24T10:09:14","modified_gmt":"2025-11-24T10:09:14","slug":"cette-strategie-qui-a-pris-les-deux-dealers-au-piege-en-quelques-minutes","status":"publish","type":"post","link":"https:\/\/www.europesays.com\/fr\/555172\/","title":{"rendered":"cette strat\u00e9gie qui a pris les deux dealers au pi\u00e8ge en quelques minutes"},"content":{"rendered":"<p itemprop=\"description\"><strong>Un dispositif discret de la BST a permis, dimanche, de mettre fin \u00e0 un trafic observ\u00e9 depuis plusieurs jours.<\/strong><\/p>\n<p>Les policiers de la Brigade sp\u00e9cialis\u00e9e de terrain (BST) du 8e arrondissement ont proc\u00e9d\u00e9, dimanche 23 novembre 2025, \u00e0 deux s\u00e9ries d\u2019interpellations sur le boulevard des \u00c9tats-Unis \u00e0 Lyon. L\u2019op\u00e9ration a \u00e9t\u00e9 men\u00e9e dans le cadre d\u2019un\u00a0flagrant d\u00e9lit, apr\u00e8s la mise en place d\u2019un dispositif de surveillance sur un point de trafic situ\u00e9 \u00e0 l\u2019arri\u00e8re du PMU de la rue Professeur Beauvisage (Lyon 8e).<\/p>\n<p>Selon nos informations, des effectifs en civil positionn\u00e9s en appui \u2014 l\u2019un en point haut, l\u2019autre \u00e0 trottinette \u2014 ont pu observer deux individus en train de se livrer \u00e0 un trafic de produits stup\u00e9fiants.<\/p>\n<p>\u00c0\u00a017h15, les policiers interpellent un premier homme, pr\u00e9sent\u00e9 comme l\u2019acheteur, devant le\u00a0166 boulevard des \u00c9tats-Unis. Il s\u2019agit d\u2019un jeune de 22 ans originaire de Guin\u00e9e.<\/p>\n<p>Accompagn\u00e9s de la\u00a0GSP, les agents de la BST retournent ensuite sur le point de deal afin d\u2019interpeller les deux vendeurs. Alors que les fonctionnaires se pr\u00e9sentent, l\u2019un d\u2019eux tente de prendre la fuite en trottinette. \u00c0 la vue des policiers, il percute involontairement le policier en civil plac\u00e9 en surveillance, avant de poursuivre sa fuite \u00e0 pied. Il est finalement rattrap\u00e9 et interpell\u00e9 par ce m\u00eame fonctionnaire. Le policier souffre d\u2019un h\u00e9matome au tibia, sans gravit\u00e9.<\/p>\n<p>Les deux vendeurs, l&rsquo;un \u00e2g\u00e9s de\u00a019 ans, n\u00e9 \u00e0 Biella (Italie), sans domicile fixe, et l&rsquo;autre ag\u00e9 de\u00a024 ans, n\u00e9 \u00e0 Tlemcen (Alg\u00e9rie), \u00e9galement sans domicile fixe, sont plac\u00e9s en garde \u00e0 vue.<\/p>\n<p>Gr\u00e2ce aux indications transmises par l\u2019effectif en surveillance, les policiers d\u00e9couvrent sur place plusieurs cachettes contenant : 25 tulipes de r\u00e9sine de cannabis, 12 capsules de r\u00e9sine de cannabis.<\/p>\n","protected":false},"excerpt":{"rendered":"Un dispositif discret de la BST a permis, dimanche, de mettre fin \u00e0 un trafic observ\u00e9 depuis plusieurs&hellip;\n","protected":false},"author":2,"featured_media":555173,"comment_status":"","ping_status":"","sticky":false,"template":"","format":"standard","meta":{"footnotes":""},"categories":[1889],"tags":[1111,11,2813,2190,2430,1109,251,1112,2811,1777,674,118,1011,27,1922,1110,1114,2428,2810,12,241,316,25,2812,517,800],"class_list":{"0":"post-555172","1":"post","2":"type-post","3":"status-publish","4":"format-standard","5":"has-post-thumbnail","7":"category-lyon","8":"tag-actu","9":"tag-actualites","10":"tag-article","11":"tag-asvel","12":"tag-auvergne-rhone-alpes","13":"tag-breves","14":"tag-culture","15":"tag-depeches","16":"tag-economique","17":"tag-eu","18":"tag-europe","19":"tag-faits-divers","20":"tag-fr","21":"tag-france","22":"tag-info","23":"tag-informations","24":"tag-infos","25":"tag-lyon","26":"tag-lyonmag","27":"tag-news","28":"tag-ol","29":"tag-politique","30":"tag-republique-francaise","31":"tag-sociale","32":"tag-sport","33":"tag-transports"},"share_on_mastodon":{"url":"https:\/\/pubeurope.com\/@fr\/115604132006235222","error":""},"_links":{"self":[{"href":"https:\/\/www.europesays.com\/fr\/wp-json\/wp\/v2\/posts\/555172","targetHints":{"allow":["GET"]}}],"collection":[{"href":"https:\/\/www.europesays.com\/fr\/wp-json\/wp\/v2\/posts"}],"about":[{"href":"https:\/\/www.europesays.com\/fr\/wp-json\/wp\/v2\/types\/post"}],"author":[{"embeddable":true,"href":"https:\/\/www.europesays.com\/fr\/wp-json\/wp\/v2\/users\/2"}],"replies":[{"embeddable":true,"href":"https:\/\/www.europesays.com\/fr\/wp-json\/wp\/v2\/comments?post=555172"}],"version-history":[{"count":0,"href":"https:\/\/www.europesays.com\/fr\/wp-json\/wp\/v2\/posts\/555172\/revisions"}],"wp:featuredmedia":[{"embeddable":true,"href":"https:\/\/www.europesays.com\/fr\/wp-json\/wp\/v2\/media\/555173"}],"wp:attachment":[{"href":"https:\/\/www.europesays.com\/fr\/wp-json\/wp\/v2\/media?parent=555172"}],"wp:term":[{"taxonomy":"category","embeddable":true,"href":"https:\/\/www.europesays.com\/fr\/wp-json\/wp\/v2\/categories?post=555172"},{"taxonomy":"post_tag","embeddable":true,"href":"https:\/\/www.europesays.com\/fr\/wp-json\/wp\/v2\/tags?post=555172"}],"curies":[{"name":"wp","href":"https:\/\/api.w.org\/{rel}","templated":true}]}}