{"id":555176,"date":"2025-11-24T10:12:35","date_gmt":"2025-11-24T10:12:35","guid":{"rendered":"https:\/\/www.europesays.com\/fr\/555176\/"},"modified":"2025-11-24T10:12:35","modified_gmt":"2025-11-24T10:12:35","slug":"4-pour-la-construction-en-2024","status":"publish","type":"post","link":"https:\/\/www.europesays.com\/fr\/555176\/","title":{"rendered":"-4 % pour la construction en 2024"},"content":{"rendered":"<p>Avec 43,8 Mds d\u2019euros enregistr\u00e9s en 2024, la f\u00e9d\u00e9ration fran\u00e7aise du b\u00e2timent observe une l\u00e9g\u00e8re baisse d\u2019activit\u00e9 en r\u00e9gion parisienne, apr\u00e8s une ann\u00e9e 2023 record.<\/p>\n<p class=\"c-paragraph\">La f\u00e9d\u00e9ration fran\u00e7aise du b\u00e2timent (FFB) Ile-de-France d\u00e9voilait ses statistiques de l\u2019activit\u00e9 construction en 2024 : <b>43,8 Mds<\/b> de chiffre d\u2019affaires ont \u00e9t\u00e9 cumul\u00e9s, dont<b> 24,9 Mds en r\u00e9novation<\/b>, 8,3 Mds sur le logement neuf, et <b>10,6 Mds sur le neuf non-r\u00e9sidentiel<\/b>. <b>La r\u00e9novation est port\u00e9e \u00e0 60 % par le logement<\/b>. L\u00e9g\u00e8re baisse d\u2019activit\u00e9 constat\u00e9e donc puisqu\u2019en <b>2023<\/b>, les 45,6 Mds \u20ac enregistr\u00e9s marquaient un <b>record enregistr\u00e9<\/b> par la f\u00e9d\u00e9ration, dont 22 Mds pour r\u00e9novation.<\/p>\n<p><img decoding=\"async\" data-chromatic=\"ignore\" alt=\"FFB IdF\" class=\"c-image\" loading=\"lazy\" src=\"https:\/\/www.europesays.com\/fr\/wp-content\/uploads\/2025\/11\/Q2T4DGUDQFDURC2MDP64HE2U2I.png\"  width=\"800\" height=\"564\"\/>FFB IdF Evolution du chiffre d&rsquo;affaires de la construction en Ile-de-France, recens\u00e9e par la F\u00e9d\u00e9ration Fran\u00e7aise du B\u00e2timent. <\/p>\n<p class=\"c-paragraph\">En 2024, la r\u00e9gion parisienne observait <b>45 349 mises en chantier de logement<\/b> et 2 627 b\u00e2timents non r\u00e9sidentiels. Entre 2022 et 2025, les mises en chantier en r\u00e9gion parisienne ont <b>chut\u00e9 de 31 %<\/b>, tandis que les autorisations de construction ont baiss\u00e9 de 22 %. Entre 2024 et 2025, l\u2019activit\u00e9 a tout de m\u00eame connu un <b>l\u00e9ger rebond des autorisations (+11,4 %)<\/b>.<\/p>\n<p><img decoding=\"async\" data-chromatic=\"ignore\" alt=\"FFB IdF\" class=\"c-image\" loading=\"lazy\" src=\"https:\/\/www.europesays.com\/fr\/wp-content\/uploads\/2025\/11\/PEVADYQ27VGRZBIGOYGODRNJJQ.png\"  width=\"800\" height=\"445\"\/>FFB IdF R\u00e9partition des salari\u00e9s du b\u00e2timent en Ile-de-France <\/p>\n<p class=\"c-paragraph\">En 2022, parmi les <b>88 892 entreprises<\/b> de la FFB, la f\u00e9d\u00e9ration recensait <b>333 663 travailleurs<\/b>, dont 271 731 salari\u00e9s, 46 251 artisans individuels et 15 681 int\u00e9rimaires ETP. \u00c9galement, en 2023-24, <b>12 865 apprentis<\/b> \u00e9taient enregistr\u00e9s, soit une <b>augmentation de 4,54 % sur un an<\/b>. Enfin, parmi l\u2019activit\u00e9 des adh\u00e9rents de la FFB Ile-de-France en 2024, 29 % concernait le gros \u0153uvre et <b>71 % le second \u0153uvre<\/b>.<\/p>\n","protected":false},"excerpt":{"rendered":"Avec 43,8 Mds d\u2019euros enregistr\u00e9s en 2024, la f\u00e9d\u00e9ration fran\u00e7aise du b\u00e2timent observe une l\u00e9g\u00e8re baisse d\u2019activit\u00e9 en&hellip;\n","protected":false},"author":2,"featured_media":555177,"comment_status":"","ping_status":"","sticky":false,"template":"","format":"standard","meta":{"footnotes":""},"categories":[1592],"tags":[1111,11,18004,1777,674,32230,1011,27,662,6530,67274,12,626,25,60628],"class_list":{"0":"post-555176","1":"post","2":"type-post","3":"status-publish","4":"format-standard","5":"has-post-thumbnail","7":"category-ile-de-france","8":"tag-actu","9":"tag-actualites","10":"tag-artisans","11":"tag-eu","12":"tag-europe","13":"tag-ffb","14":"tag-fr","15":"tag-france","16":"tag-ile-de-france","17":"tag-negoce","18":"tag-negoscope","19":"tag-news","20":"tag-paris","21":"tag-republique-francaise","22":"tag-stores-et-fermetures"},"share_on_mastodon":{"url":"https:\/\/pubeurope.com\/@fr\/115604144532189680","error":""},"_links":{"self":[{"href":"https:\/\/www.europesays.com\/fr\/wp-json\/wp\/v2\/posts\/555176","targetHints":{"allow":["GET"]}}],"collection":[{"href":"https:\/\/www.europesays.com\/fr\/wp-json\/wp\/v2\/posts"}],"about":[{"href":"https:\/\/www.europesays.com\/fr\/wp-json\/wp\/v2\/types\/post"}],"author":[{"embeddable":true,"href":"https:\/\/www.europesays.com\/fr\/wp-json\/wp\/v2\/users\/2"}],"replies":[{"embeddable":true,"href":"https:\/\/www.europesays.com\/fr\/wp-json\/wp\/v2\/comments?post=555176"}],"version-history":[{"count":0,"href":"https:\/\/www.europesays.com\/fr\/wp-json\/wp\/v2\/posts\/555176\/revisions"}],"wp:featuredmedia":[{"embeddable":true,"href":"https:\/\/www.europesays.com\/fr\/wp-json\/wp\/v2\/media\/555177"}],"wp:attachment":[{"href":"https:\/\/www.europesays.com\/fr\/wp-json\/wp\/v2\/media?parent=555176"}],"wp:term":[{"taxonomy":"category","embeddable":true,"href":"https:\/\/www.europesays.com\/fr\/wp-json\/wp\/v2\/categories?post=555176"},{"taxonomy":"post_tag","embeddable":true,"href":"https:\/\/www.europesays.com\/fr\/wp-json\/wp\/v2\/tags?post=555176"}],"curies":[{"name":"wp","href":"https:\/\/api.w.org\/{rel}","templated":true}]}}