{"id":555180,"date":"2025-11-24T10:14:15","date_gmt":"2025-11-24T10:14:15","guid":{"rendered":"https:\/\/www.europesays.com\/fr\/555180\/"},"modified":"2025-11-24T10:14:15","modified_gmt":"2025-11-24T10:14:15","slug":"un-concert-caritatif-rare-et-intimiste-aux-folies-bergere","status":"publish","type":"post","link":"https:\/\/www.europesays.com\/fr\/555180\/","title":{"rendered":"un concert caritatif rare et intimiste aux Folies Berg\u00e8re"},"content":{"rendered":"<p itemprop=\"description\"><strong>En pleine pause pour Coldplay, Chris Martin fera une apparition exceptionnelle \u00e0 Paris le 5 d\u00e9cembre. Il chantera lors de la soir\u00e9e caritative Hope Power, au profit du Projet Imagine.<\/strong><\/p>\n<p data-start=\"539\" data-end=\"1274\">Tandis que <a href=\"https:\/\/virginradio.fr\/news\/pop-rock\/7094\/coldplay-un-hit-des-annees-2000-de-retour-dans-les-charts-grace-a-tiktok\" target=\"_blank\" rel=\"noopener\">Coldplay<\/a> a mis un terme provisoire \u00e0 sa gigantesque tourn\u00e9e \u00ab\u00a0Music of the Spheres\u00a0\u00bb, <a href=\"https:\/\/virginradio.fr\/news\/rock\/7238\/coldplay-apres-la-polemique-de-la-kiss-cam-chris-martin-prend-des-precautions-avant-de-filmer-son-public\" target=\"_blank\" rel=\"noopener\">Chris Martin<\/a> <strong>refuse de rester loin du public<\/strong>. Apr\u00e8s <strong>225 concerts<\/strong> et <strong>plus de 13 millions de spectateurs<\/strong>, le groupe savoure un repos bien m\u00e9rit\u00e9 avant de pr\u00e9parer une nouvelle salve de dates annonc\u00e9e pour 2027. <a href=\"https:\/\/virginradio.fr\/news\/rock\/6560\/coldplay-les-conseils-de-chris-martin-pour-lutter-contre-la-depression\" target=\"_blank\" rel=\"noopener\">Le leader britannique<\/a> profite de cette pause pour <strong>multiplier les projets personnels<\/strong>. Sa venue \u00e0 Paris marque ainsi un moment rare : un concert en solo, loin des stades, dans un format intimiste enti\u00e8rement d\u00e9di\u00e9 <strong>\u00e0 une cause humanitaire<\/strong>.<\/p>\n<p data-start=\"539\" data-end=\"1274\"><strong>Le 5 d\u00e9cembre<\/strong>, Chris Martin sera la t\u00eate d\u2019affiche de \u00ab\u00a0<strong data-start=\"1397\" data-end=\"1411\">Hope Power<\/strong>\u00ab\u00a0, un \u00e9v\u00e9nement port\u00e9 par l\u2019ONG \u00ab\u00a0<strong data-start=\"1442\" data-end=\"1460\">Projet Imagine<\/strong>\u00ab\u00a0, reconnue par l\u2019ONU pour son engagement <strong>en faveur d\u2019un monde plus inclusif<\/strong>. Dans le cadre prestigieux des\u00a0<strong data-start=\"1567\" data-end=\"1585\">Folies Berg\u00e8re<\/strong>, il interpr\u00e9tera une s\u00e9lection de titres symbolisant l\u2019humanisme, la g\u00e9n\u00e9rosit\u00e9 et le vivre-ensemble. Autour de lui, des artistes tels que Camille, MC Solaar, Mosimann ou Yoann Bourgeois viendront ponctuer cette soir\u00e9e. L\u2019objectif : <strong>mobiliser le public<\/strong> et mettre en avant <strong>des initiatives solidaires<\/strong>.<\/p>\n<p data-start=\"539\" data-end=\"1274\">Ce concert, <strong>\u00e0 mille lieues<\/strong> <a href=\"https:\/\/virginradio.fr\/news\/rock\/5956\/nouveau-record-pour-coldplay-qui-a-joue-le-plus-gros-concert-du-siecle\" target=\"_blank\" rel=\"noopener\">des gigantesques productions<\/a> auxquelles <a href=\"https:\/\/virginradio.fr\/news\/rock\/6983\/coldplay-viva-la-vida-fete-ses-17-ans-retour-sur-un-album-qui-a-retourne-l-industrie-du-rock-dans-les-annees-2000\" target=\"_blank\" rel=\"noopener\">Coldplay<\/a> nous a habitu\u00e9s, risque tout de m\u00eame d\u2019attirer <strong>un grand nombre de fans<\/strong>. C\u2019est une chance rare de voir Chris Martin \u00e9voluer dans un cadre r\u00e9duit, avec une \u00e9motion plus brute et une proximit\u00e9 in\u00e9dite. Les derniers billets, propos\u00e9s entre 80 et 750 euros, sont encore en vente mais <strong>devraient<\/strong> <strong>rapidement trouver preneur<\/strong> au vu de l\u2019engouement d\u00e9j\u00e0 palpable. Un moment qui promet de m\u00ealer musique, engagement et chaleur humaine.<\/p>\n<p data-start=\"1984\" data-end=\"2655\">\u00a0<\/p>\n<blockquote class=\"instagram-media\" style=\"background: #FFF; border: 0; border-radius: 3px; box-shadow: 0 0 1px 0 rgba(0,0,0,0.5),0 1px 10px 0 rgba(0,0,0,0.15); margin: 1px; max-width: 540px; min-width: 326px; padding: 0; width: calc(100% - 2px);\" data-instgrm-captioned=\"\" data-instgrm-permalink=\"https:\/\/www.instagram.com\/p\/DRNColdjV5V\/?utm_source=ig_embed&amp;utm_campaign=loading\" data-instgrm-version=\"14\"><p>&#13;<br \/>\n&#13;\n<\/p><\/blockquote>\n<p>\t\t\t\t\t\t\t\t\t\t\t\t\t\t\t\t\t\t\t<script async src=\"\/\/www.instagram.com\/embed.js\"><\/script><\/p>\n","protected":false},"excerpt":{"rendered":"En pleine pause pour Coldplay, Chris Martin fera une apparition exceptionnelle \u00e0 Paris le 5 d\u00e9cembre. Il chantera&hellip;\n","protected":false},"author":2,"featured_media":555181,"comment_status":"","ping_status":"","sticky":false,"template":"","format":"standard","meta":{"footnotes":""},"categories":[1888],"tags":[1111,1928,11,1927,650,19312,7734,11500,2889,2263,1777,674,19311,1011,27,1922,6417,1114,19315,4662,19313,12,1926,19314,626,1925,19316,3725,1825,19310,66653,25,7040,3758,19307,19309,19308],"class_list":{"0":"post-555180","1":"post","2":"type-post","3":"status-publish","4":"format-standard","5":"has-post-thumbnail","7":"category-paris","8":"tag-actu","9":"tag-actu-paris","10":"tag-actualites","11":"tag-actualites-paris","12":"tag-cinema","13":"tag-dab","14":"tag-ecoute","15":"tag-electro","16":"tag-emission","17":"tag-equipe","18":"tag-eu","19":"tag-europe","20":"tag-fm","21":"tag-fr","22":"tag-france","23":"tag-info","24":"tag-information","25":"tag-infos","26":"tag-interviews-rock","27":"tag-journal","28":"tag-musique-rock","29":"tag-news","30":"tag-news-paris","31":"tag-nouveautes-rock","32":"tag-paris","33":"tag-paris-news","34":"tag-playlists-rock","35":"tag-podcast","36":"tag-radio","37":"tag-radio-en-ligne","38":"tag-radio-rock","39":"tag-republique-francaise","40":"tag-rock","41":"tag-station","42":"tag-virgin","43":"tag-virgin-radio","44":"tag-virginradio"},"share_on_mastodon":{"url":"https:\/\/pubeurope.com\/@fr\/115604151714976844","error":""},"_links":{"self":[{"href":"https:\/\/www.europesays.com\/fr\/wp-json\/wp\/v2\/posts\/555180","targetHints":{"allow":["GET"]}}],"collection":[{"href":"https:\/\/www.europesays.com\/fr\/wp-json\/wp\/v2\/posts"}],"about":[{"href":"https:\/\/www.europesays.com\/fr\/wp-json\/wp\/v2\/types\/post"}],"author":[{"embeddable":true,"href":"https:\/\/www.europesays.com\/fr\/wp-json\/wp\/v2\/users\/2"}],"replies":[{"embeddable":true,"href":"https:\/\/www.europesays.com\/fr\/wp-json\/wp\/v2\/comments?post=555180"}],"version-history":[{"count":0,"href":"https:\/\/www.europesays.com\/fr\/wp-json\/wp\/v2\/posts\/555180\/revisions"}],"wp:featuredmedia":[{"embeddable":true,"href":"https:\/\/www.europesays.com\/fr\/wp-json\/wp\/v2\/media\/555181"}],"wp:attachment":[{"href":"https:\/\/www.europesays.com\/fr\/wp-json\/wp\/v2\/media?parent=555180"}],"wp:term":[{"taxonomy":"category","embeddable":true,"href":"https:\/\/www.europesays.com\/fr\/wp-json\/wp\/v2\/categories?post=555180"},{"taxonomy":"post_tag","embeddable":true,"href":"https:\/\/www.europesays.com\/fr\/wp-json\/wp\/v2\/tags?post=555180"}],"curies":[{"name":"wp","href":"https:\/\/api.w.org\/{rel}","templated":true}]}}