{"id":555182,"date":"2025-11-24T10:15:15","date_gmt":"2025-11-24T10:15:15","guid":{"rendered":"https:\/\/www.europesays.com\/fr\/555182\/"},"modified":"2025-11-24T10:15:15","modified_gmt":"2025-11-24T10:15:15","slug":"en-pleine-rue-une-femme-gravement-blessee-apres-avoir-recu-un-equipement-de-sport-sur-la-tete","status":"publish","type":"post","link":"https:\/\/www.europesays.com\/fr\/555182\/","title":{"rendered":"en pleine rue, une femme gravement bless\u00e9e apr\u00e8s avoir re\u00e7u un \u00e9quipement de sport sur la t\u00eate"},"content":{"rendered":"<p>                    Par<br \/>\n        <strong><br \/>\n            <a href=\"https:\/\/actu.fr\/auteur\/antoine-blanchet\" title=\"Consulter tous les articles de Antoine Blanchet\" target=\"_blank\" rel=\"noopener\">Antoine Blanchet<\/a><br \/>\n                    <\/strong><\/p>\n<p>        Publi\u00e9 le<\/p>\n<p>            24 nov. 2025 \u00e0 11h02        <\/p>\n<p>Un lancer volontaire\u2009? Samedi 22\u00a0novembre 2025, une femme de 38\u00a0ans a \u00e9t\u00e9 s\u00e9rieusement bless\u00e9e dans le <a href=\"https:\/\/actu.fr\/ile-de-france\/paris_75056\/pourquoi-le-quartier-latin-l-un-des-plus-connus-de-paris-s-appelle-ainsi_50395989.html\" target=\"_blank\" rel=\"noopener\">quartier Latin<\/a> \u00e0 <a href=\"https:\/\/actu.fr\/paris\/\" target=\"_blank\" rel=\"noopener\">Paris<\/a> <strong>par le jet d\u2019une balance de sport<\/strong> depuis une fen\u00eatre, nous indique le parquet, confirmant une information du <a href=\"https:\/\/www.leparisien.fr\/faits-divers\/paris-une-cycliste-grievement-blessee-a-la-tete-par-un-objet-jete-dun-etage-eleve-23-11-2025-3E6LM2G2RFEIXC462B3C2LBME4.php\" target=\"_blank\" rel=\"noopener\">Parisien<\/a>. L\u2019auteur pr\u00e9sum\u00e9 a \u00e9t\u00e9 interpell\u00e9. Une enqu\u00eate pour <a href=\"https:\/\/actu.fr\/tag\/meurtre\" target=\"_blank\" rel=\"noopener\">tentative de meurtre<\/a> a \u00e9t\u00e9 ouverte.<\/p>\n<p>Les jours de la victime ne sont pas en danger<\/p>\n<p class=\" wall-content\">Les faits se sont produits peu apr\u00e8s 23\u00a0heures au niveau de la <strong>rue Monge<\/strong> dans le 5e arrondissement. La victime circulait \u00e0 v\u00e9lo lorsqu\u2019une balance de sport d\u2019un peu plus de 7 kg, lanc\u00e9e depuis un appartement, lui est tomb\u00e9e dessus. Bless\u00e9e \u00e0 la t\u00eate, la trentenaire a \u00e9t\u00e9 conduite \u00e0 l\u2019h\u00f4pital. Souffrant d\u2019un <a href=\"https:\/\/actu.fr\/normandie\/mortagne-au-perche_61293\/sante-traumatisme-cranien-des-sequelles-irreversibles_6235237.html\" target=\"_blank\" rel=\"noopener\">traumatisme cr\u00e2nien<\/a>, ses jours ne sont pas en danger, pr\u00e9cise le parquet.<\/p>\n<p class=\" wall-content\">\u00ab\u2009Certains t\u00e9moins ayant laiss\u00e9 penser qu\u2019il pouvait s\u2019agir du jet volontaire de cet objet, une enqu\u00eate a \u00e9t\u00e9 ouverte pour tentative d\u2019homicide\u2009\u00bb, r\u00e9v\u00e8le le parquet. Rapidement identifi\u00e9, l\u2019auteur du jet a \u00e9t\u00e9 plac\u00e9 en garde \u00e0 vue. Les investigations sont actuellement men\u00e9es par le troisi\u00e8me district de police judiciaire.<\/p>\n<p class=\" wall-content\">Personnalisez votre actualit\u00e9 en ajoutant vos villes et m\u00e9dias en favori avec <a href=\"https:\/\/moncompte.actu.fr\" title=\"D\u00e9couvez Mon Actu\" rel=\"nofollow noopener\" data-trk=\"{&quot;cta&quot;:{&quot;action&quot;:&quot;https:\\\/\\\/moncompte.actu.fr&quot;,&quot;category&quot;:&quot;mon compte&quot;,&quot;from&quot;:&quot;article footer&quot;,&quot;name&quot;:&quot;Mon actu&quot;,&quot;type&quot;:&quot;cta&quot;}}\" target=\"_blank\">Mon Actu<\/a>.<\/p>\n","protected":false},"excerpt":{"rendered":"Par Antoine Blanchet Publi\u00e9 le 24 nov. 2025 \u00e0 11h02 Un lancer volontaire\u2009? Samedi 22\u00a0novembre 2025, une femme&hellip;\n","protected":false},"author":2,"featured_media":555183,"comment_status":"","ping_status":"","sticky":false,"template":"","format":"standard","meta":{"footnotes":""},"categories":[1888],"tags":[11,1777,674,118,1011,27,12,626,1072,25],"class_list":{"0":"post-555182","1":"post","2":"type-post","3":"status-publish","4":"format-standard","5":"has-post-thumbnail","7":"category-paris","8":"tag-actualites","9":"tag-eu","10":"tag-europe","11":"tag-faits-divers","12":"tag-fr","13":"tag-france","14":"tag-news","15":"tag-paris","16":"tag-police","17":"tag-republique-francaise"},"share_on_mastodon":{"url":"https:\/\/pubeurope.com\/@fr\/115604155608743685","error":""},"_links":{"self":[{"href":"https:\/\/www.europesays.com\/fr\/wp-json\/wp\/v2\/posts\/555182","targetHints":{"allow":["GET"]}}],"collection":[{"href":"https:\/\/www.europesays.com\/fr\/wp-json\/wp\/v2\/posts"}],"about":[{"href":"https:\/\/www.europesays.com\/fr\/wp-json\/wp\/v2\/types\/post"}],"author":[{"embeddable":true,"href":"https:\/\/www.europesays.com\/fr\/wp-json\/wp\/v2\/users\/2"}],"replies":[{"embeddable":true,"href":"https:\/\/www.europesays.com\/fr\/wp-json\/wp\/v2\/comments?post=555182"}],"version-history":[{"count":0,"href":"https:\/\/www.europesays.com\/fr\/wp-json\/wp\/v2\/posts\/555182\/revisions"}],"wp:featuredmedia":[{"embeddable":true,"href":"https:\/\/www.europesays.com\/fr\/wp-json\/wp\/v2\/media\/555183"}],"wp:attachment":[{"href":"https:\/\/www.europesays.com\/fr\/wp-json\/wp\/v2\/media?parent=555182"}],"wp:term":[{"taxonomy":"category","embeddable":true,"href":"https:\/\/www.europesays.com\/fr\/wp-json\/wp\/v2\/categories?post=555182"},{"taxonomy":"post_tag","embeddable":true,"href":"https:\/\/www.europesays.com\/fr\/wp-json\/wp\/v2\/tags?post=555182"}],"curies":[{"name":"wp","href":"https:\/\/api.w.org\/{rel}","templated":true}]}}