{"id":555186,"date":"2025-11-24T10:17:13","date_gmt":"2025-11-24T10:17:13","guid":{"rendered":"https:\/\/www.europesays.com\/fr\/555186\/"},"modified":"2025-11-24T10:17:13","modified_gmt":"2025-11-24T10:17:13","slug":"une-coupe-du-monde-organisee-par-la-russie-avec-les-non-qualifies-de-2026","status":"publish","type":"post","link":"https:\/\/www.europesays.com\/fr\/555186\/","title":{"rendered":"Une \u00abCoupe du monde\u00bb organis\u00e9e par la Russie avec les non-qualifi\u00e9s de 2026 ?"},"content":{"rendered":"<p>\n    Plusieurs sources avancent que la Russie, \u00e9cart\u00e9e par la FIFA depuis la guerre en Ukraine, aurait pour projet d\u2019organiser sa propre Coupe du monde l\u2019\u00e9t\u00e9 prochain. Ubuesque.<\/p>\n<p class=\"fig-paragraph\"><a href=\"http:\/\/www.lefigaro.fr\/sports\/football\/coupe-du-monde\/quete-d-une-troisieme-etoile-et-reve-legendaire-vivement-2026-pour-les-bleus-20251117\" data-fig-type=\"NewsFlash\" data-gtm-custom-categorie=\"navigation\" data-gtm-custom-action=\"crossclick\" data-gtm-custom-label=\"Contextuel\" data-gtm-event=\"customEventSPE\" data-fig-domain=\"LEFIGARO\" target=\"_blank\" rel=\"noopener\">Une Coupe du monde\u00a0<\/a>dissidente pour tenter de garder la t\u00eate haute\u00a0? C\u2019est en tout cas ce qu\u2019avance le m\u00e9dia ADN Deportes. La radio chilienne informe que la Russie, exclue de toute comp\u00e9tition officielle de la Fifa depuis l\u2019invasion de l\u2019Ukraine en 2022, serait encline \u00e0 organiser un Mondial l\u2019\u00e9t\u00e9 prochain avec certaines nations non qualifi\u00e9es pour le grand raout international pr\u00e9vu aux \u00c9tats-Unis, Mexique et Canada (11 juin-19 juillet 2026). Pour rappel, le tirage au sort de la Coupe du monde, auquel prendra part\u00a0<a href=\"http:\/\/www.lefigaro.fr\/sports\/football\/proces-deschamps-riolo-merci-coach-a-bientot-les-sms-echanges-entre-benzema-et-le-selectionneur-des-bleus-devoiles-20251121\" data-fig-type=\"NewsFlash\" data-gtm-custom-categorie=\"navigation\" data-gtm-custom-action=\"crossclick\" data-gtm-custom-label=\"Contextuel\" data-gtm-event=\"customEventSPE\" data-fig-domain=\"LEFIGARO\" target=\"_blank\" rel=\"noopener\">Didier Deschamps<\/a>\u00a0pour repr\u00e9senter l\u2019\u00e9quipe de France, est attendu le 5 d\u00e9cembre prochain \u00e0 Washington.<\/p>\n<p>Coup de communication ou nouvelle provocation de la Russie\u00a0?<\/p>\n<p class=\"fig-paragraph\">Selon nos confr\u00e8res, la Russie, mise au ban du football international, aurait d\u00e9j\u00e0 contact\u00e9 des nations non qualifi\u00e9es pour la comp\u00e9tition officielle, \u00e0 savoir le P\u00e9rou, le Venezuela, l\u2019Angola ou encore la Zambie, le Luxembourg, Finlande, Malte mais aussi le Cameroun, le Chili, le Nigeria voire la Gr\u00e8ce et la Serbie. Rien que \u00e7a.<\/p>\n<p class=\"fig-body-link\">\n            \u00c0 lire aussi<br \/>\n        <a class=\"fig-body-link__link\" href=\"http:\/\/www.lefigaro.fr\/sports\/football\/coupe-du-monde\/dembele-camp-de-base-zidane-les-cinq-defis-de-deschamps-avant-le-mondial-20251117\" data-fig-type=\"NewsFlash\" data-gtm-custom-categorie=\"navigation\" data-gtm-custom-action=\"crossclick\" data-gtm-custom-label=\"Contextuel\" data-gtm-event=\"customEventSPE\" data-fig-domain=\"LEFIGARO\" target=\"_blank\" rel=\"noopener\"><\/p>\n<p>        Demb\u00e9l\u00e9, camp de base, Zidane\u00a0: les cinq d\u00e9fis de Deschamps avant le Mondial<br \/>\n    <\/a>\n<\/p>\n<p>                                    <a class=\"fig-a11y-skip a11y-hidden\" href=\"#fig-a11y-skip-main-inarticle\"><br \/>\n        Passer la publicit\u00e9<br \/>\n    <\/a><\/p>\n<p class=\"fig-paragraph\">Simple coup de communication\u00a0? Nouvelle provocation\u00a0? Toujours est-il que cette id\u00e9e para\u00eet lunaire et totalement hors de sens. Les matches seraient programm\u00e9s l\u2019\u00e9t\u00e9 prochain, \u00e0 Washington, avec l\u2019id\u00e9e pour la Russie de revenir, par le biais du sport, dans le concert du football international. Le projet n\u2019en serait qu\u2019\u00e0 sa phase de planification. Esp\u00e9rons qu\u2019il ne d\u00e9passe pas ce stade.<\/p>\n<p>    <a href=\"https:\/\/photo.lefigaro.fr\/sports\/autres-sports\/l-om-etincelant-le-xv-de-france-rassurant-le-fiasco-de-mclaren-en-images-nos-tops-et-flops-du-week-end-sport-20251124\" target=\"_blank\" rel=\"noopener\"><\/p>\n<p class=\"fig-slideshow__title\">\n                    L\u2019OM \u00e9tincelant, le XV de France rassurant, le fiasco de McLaren&#8230; En images, nos tops et flops du week-end sport\n                <\/p>\n<p>Acc\u00e9der au diaporama (16)<\/p>\n<p>    <\/a><\/p>\n","protected":false},"excerpt":{"rendered":"Plusieurs sources avancent que la Russie, \u00e9cart\u00e9e par la FIFA depuis la guerre en Ukraine, aurait pour projet&hellip;\n","protected":false},"author":2,"featured_media":555187,"comment_status":"","ping_status":"","sticky":false,"template":"","format":"standard","meta":{"footnotes":""},"categories":[1591],"tags":[11,451,1887,12,1885,1886,132],"class_list":{"0":"post-555186","1":"post","2":"type-post","3":"status-publish","4":"format-standard","5":"has-post-thumbnail","7":"category-russie","8":"tag-actualites","9":"tag-coupe-du-monde","10":"tag-federation-de-russie","11":"tag-news","12":"tag-russia","13":"tag-russian-federation","14":"tag-russie"},"share_on_mastodon":{"url":"https:\/\/pubeurope.com\/@fr\/115604163408930470","error":""},"_links":{"self":[{"href":"https:\/\/www.europesays.com\/fr\/wp-json\/wp\/v2\/posts\/555186","targetHints":{"allow":["GET"]}}],"collection":[{"href":"https:\/\/www.europesays.com\/fr\/wp-json\/wp\/v2\/posts"}],"about":[{"href":"https:\/\/www.europesays.com\/fr\/wp-json\/wp\/v2\/types\/post"}],"author":[{"embeddable":true,"href":"https:\/\/www.europesays.com\/fr\/wp-json\/wp\/v2\/users\/2"}],"replies":[{"embeddable":true,"href":"https:\/\/www.europesays.com\/fr\/wp-json\/wp\/v2\/comments?post=555186"}],"version-history":[{"count":0,"href":"https:\/\/www.europesays.com\/fr\/wp-json\/wp\/v2\/posts\/555186\/revisions"}],"wp:featuredmedia":[{"embeddable":true,"href":"https:\/\/www.europesays.com\/fr\/wp-json\/wp\/v2\/media\/555187"}],"wp:attachment":[{"href":"https:\/\/www.europesays.com\/fr\/wp-json\/wp\/v2\/media?parent=555186"}],"wp:term":[{"taxonomy":"category","embeddable":true,"href":"https:\/\/www.europesays.com\/fr\/wp-json\/wp\/v2\/categories?post=555186"},{"taxonomy":"post_tag","embeddable":true,"href":"https:\/\/www.europesays.com\/fr\/wp-json\/wp\/v2\/tags?post=555186"}],"curies":[{"name":"wp","href":"https:\/\/api.w.org\/{rel}","templated":true}]}}