{"id":555197,"date":"2025-11-24T10:23:15","date_gmt":"2025-11-24T10:23:15","guid":{"rendered":"https:\/\/www.europesays.com\/fr\/555197\/"},"modified":"2025-11-24T10:23:15","modified_gmt":"2025-11-24T10:23:15","slug":"accord-ue-mercosur-la-confederation-paysanne-se-mobilise-devant-le-parlement-europeen","status":"publish","type":"post","link":"https:\/\/www.europesays.com\/fr\/555197\/","title":{"rendered":"Accord UE-Mercosur\u00a0: la Conf\u00e9d\u00e9ration paysanne se mobilise devant le Parlement europ\u00e9en"},"content":{"rendered":"<p>Alors que la commission europ\u00e9enne se donne jusqu\u2019au 20\u00a0d\u00e9cembre pour obtenir le feu vert des \u00c9tats europ\u00e9ens sur <a href=\"https:\/\/www.humanite.fr\/politique\/mercosur\/macron-maquille-sa-capitulation-sur-le-mercosur\" data-type=\"link\" data-id=\"https:\/\/www.humanite.fr\/politique\/mercosur\/macron-maquille-sa-capitulation-sur-le-mercosur\" target=\"_blank\" rel=\"noopener\">l\u2019accord commercial<\/a> avec les pays latino-am\u00e9ricains du Mercosur, la Conf\u00e9d\u00e9ration paysanne d\u2019Alsace, <a href=\"https:\/\/www.humanite.fr\/environnement\/agriculture\/accord-eu-mercosur-a-paris-les-paysans-dans-la-rue-pour-denoncer-un-traite-mortifere-pour-lagriculture-francaise\" data-type=\"link\" data-id=\"https:\/\/www.humanite.fr\/environnement\/agriculture\/accord-eu-mercosur-a-paris-les-paysans-dans-la-rue-pour-denoncer-un-traite-mortifere-pour-lagriculture-francaise\" target=\"_blank\" rel=\"noopener\">la Conf\u00e9d\u00e9ration paysanne nationale<\/a> et ECVC, la Coordination Europ\u00e9enne \u2013 qui regroupe 27 organisations paysannes et organisations de travailleurs agricoles de 18 pays d\u2019Europe \u2013 appellent \u00e0 se mobiliser, avec tracteurs, ce lundi 24\u00a0novembre \u00e0 Strasbourg devant le Parlement europ\u00e9en.<\/p>\n<p>Le vote des Vingt-Sept, \u00e0 la majorit\u00e9 qualifi\u00e9e, pourrait intervenir d\u00e9but d\u00e9cembre, selon une source au sein de la Commission, rapporte l\u2019Agence France-Presse. \u00ab\u00a0Cet accord aura <a href=\"https:\/\/www.humanite.fr\/social-et-economie\/accord-de-libre-echange\/on-peut-decider-de-ne-pas-laisser-les-marches-fixer-les-prix-agricoles-entretien-avec-leconomiste-maxime-combes-ok-manque-photo\" data-type=\"link\" data-id=\"https:\/\/www.humanite.fr\/social-et-economie\/accord-de-libre-echange\/on-peut-decider-de-ne-pas-laisser-les-marches-fixer-les-prix-agricoles-entretien-avec-leconomiste-maxime-combes-ok-manque-photo\" target=\"_blank\" rel=\"noopener\">des cons\u00e9quences dramatiques pour notre agriculture<\/a> et notre alimentation\u00a0\u00bb, d\u00e9noncent les signataires.<\/p>\n<p>\u00ab\u00a0La course au moins-disant social et environnemental\u00a0\u00bb<\/p>\n<p>Via un communiqu\u00e9 de presse, les trois organisations reprochent \u00e0 ces types d\u2019accords de libre-\u00e9change d\u2019organiser \u00ab\u00a0la course au moins-disant social et environnemental\u00a0\u00bb. Ils d\u00e9plorent \u00e9galement que ces trait\u00e9s \u00ab\u00a0retirent dans les faits toute possibilit\u00e9 d\u2019initiative parlementaire pour prot\u00e9ger les citoyen\u00b7nes europ\u00e9en\u00b7nes dans le champ social, \u00e9conomique et environnemental\u00a0\u00bb.<\/p>\n<p>Les signataires d\u00e9noncent \u00e9galement le \u00ab\u00a0m\u00e9canisme de r\u00e9\u00e9quilibrage\u00a0\u00bb inscrit dans l\u2019accord UE-Mercosur\u00a0: \u00ab\u00a0c\u2019est aussi le pouvoir de l\u00e9gif\u00e9rer des parlementaires europ\u00e9ens qui est remis en cause\u00a0\u00bb, \u00e9crivent les organisations dans le communiqu\u00e9.<\/p>\n<p>\u00ab<a href=\"https:\/\/www.humanite.fr\/environnement\/mercosur\/infonde-et-injustifiable-face-a-un-macron-plutot-positif-sur-le-traite-de-libre-echange-avec-le-mercosur-les-associations-denoncent-le-reviremen\" data-type=\"link\" data-id=\"https:\/\/www.humanite.fr\/environnement\/mercosur\/infonde-et-injustifiable-face-a-un-macron-plutot-positif-sur-le-traite-de-libre-echange-avec-le-mercosur-les-associations-denoncent-le-reviremen\" target=\"_blank\" rel=\"noopener\">\u00a0Plut\u00f4t positif<\/a>\u00a0\u00bb lors d\u2019un d\u00e9placement au Br\u00e9sil, le pr\u00e9sident Emmanuel Macron avait sembl\u00e9 faire un pas en faveur de l\u2019accord, avant de r\u00e9trop\u00e9daler apr\u00e8s le toll\u00e9 provoqu\u00e9 par ses propos. La porte-parole du gouvernement Maud Bregeon a r\u00e9p\u00e9t\u00e9, mercredi 19\u00a0novembre, son opposition \u00e0 ce trait\u00e9 de libre-\u00e9change \u00ab\u00a0toujours pas acceptable\u00a0\u00bb en l\u2019\u00e9tat. Pas suffisant pour convaincre.<\/p>\n<p>Avant de partir, une derni\u00e8re chose\u2026<\/p>\n<p>Contrairement \u00e0 90% des m\u00e9dias fran\u00e7ais aujourd\u2019hui, <strong>l\u2019Humanit\u00e9 ne d\u00e9pend ni de grands groupes ni de milliardaires<\/strong>. Cela signifie que : <\/p>\n<ul class=\"wp-block-list\">\n<li>nous vous apportons des informations impartiales, sans compromis. Mais aussi que <\/li>\n<li>nous n\u2019avons pas les moyens financiers dont b\u00e9n\u00e9ficient les autres m\u00e9dias.<\/li>\n<\/ul>\n<p><strong>L\u2019information ind\u00e9pendante et de qualit\u00e9 a un co\u00fbt<\/strong>. Payez-le.<br \/><a href=\"https:\/\/stage.preprod.humanite.fr\/lhumanite-cest-vous\" data-type=\"link\" data-id=\"https:\/\/stage.preprod.humanite.fr\/lhumanite-cest-vous\" target=\"_blank\" rel=\"noopener\">Je veux en savoir plus<\/a><\/p>\n","protected":false},"excerpt":{"rendered":"Alors que la commission europ\u00e9enne se donne jusqu\u2019au 20\u00a0d\u00e9cembre pour obtenir le feu vert des \u00c9tats europ\u00e9ens sur&hellip;\n","protected":false},"author":2,"featured_media":555198,"comment_status":"","ping_status":"","sticky":false,"template":"","format":"standard","meta":{"footnotes":""},"categories":[1586],"tags":[11,1777,674,1779,1011,27,21426,12,25,1778,32180,364],"class_list":{"0":"post-555197","1":"post","2":"type-post","3":"status-publish","4":"format-standard","5":"has-post-thumbnail","7":"category-europe","8":"tag-actualites","9":"tag-eu","10":"tag-europe","11":"tag-european-union","12":"tag-fr","13":"tag-france","14":"tag-mercosur","15":"tag-news","16":"tag-republique-francaise","17":"tag-ue","18":"tag-ue-mercosur","19":"tag-union-europeenne"},"share_on_mastodon":{"url":"https:\/\/pubeurope.com\/@fr\/115604187159384744","error":""},"_links":{"self":[{"href":"https:\/\/www.europesays.com\/fr\/wp-json\/wp\/v2\/posts\/555197","targetHints":{"allow":["GET"]}}],"collection":[{"href":"https:\/\/www.europesays.com\/fr\/wp-json\/wp\/v2\/posts"}],"about":[{"href":"https:\/\/www.europesays.com\/fr\/wp-json\/wp\/v2\/types\/post"}],"author":[{"embeddable":true,"href":"https:\/\/www.europesays.com\/fr\/wp-json\/wp\/v2\/users\/2"}],"replies":[{"embeddable":true,"href":"https:\/\/www.europesays.com\/fr\/wp-json\/wp\/v2\/comments?post=555197"}],"version-history":[{"count":0,"href":"https:\/\/www.europesays.com\/fr\/wp-json\/wp\/v2\/posts\/555197\/revisions"}],"wp:featuredmedia":[{"embeddable":true,"href":"https:\/\/www.europesays.com\/fr\/wp-json\/wp\/v2\/media\/555198"}],"wp:attachment":[{"href":"https:\/\/www.europesays.com\/fr\/wp-json\/wp\/v2\/media?parent=555197"}],"wp:term":[{"taxonomy":"category","embeddable":true,"href":"https:\/\/www.europesays.com\/fr\/wp-json\/wp\/v2\/categories?post=555197"},{"taxonomy":"post_tag","embeddable":true,"href":"https:\/\/www.europesays.com\/fr\/wp-json\/wp\/v2\/tags?post=555197"}],"curies":[{"name":"wp","href":"https:\/\/api.w.org\/{rel}","templated":true}]}}