{"id":555199,"date":"2025-11-24T10:24:20","date_gmt":"2025-11-24T10:24:20","guid":{"rendered":"https:\/\/www.europesays.com\/fr\/555199\/"},"modified":"2025-11-24T10:24:20","modified_gmt":"2025-11-24T10:24:20","slug":"debut-de-la-permission-de-sortie-dun-detenu-narcotrafiquant-a-vendin-le-vieil","status":"publish","type":"post","link":"https:\/\/www.europesays.com\/fr\/555199\/","title":{"rendered":"D\u00e9but de la permission de sortie d\u2019un d\u00e9tenu narcotrafiquant \u00e0\u00a0Vendin-le-Vieil"},"content":{"rendered":"<p>                      <img loading=\"lazy\" decoding=\"async\" src=\"https:\/\/www.europesays.com\/fr\/wp-content\/uploads\/2025\/11\/68a53ce_ftp-import-images-1-dyuqyalfml88-5514885-01-06.jpg\" alt=\"Un membre des \u00e9quipes de s\u00e9curit\u00e9 p\u00e9nitentiaire patrouille \u00e0 l\u2019ext\u00e9rieur de la prison de Vendin-le-Vieil, dans le nord de la France, le 24\u00a0novembre 2025, alors qu\u2019un d\u00e9tenu condamn\u00e9 pour trafic de drogue a \u00e9t\u00e9 autoris\u00e9 par le tribunal \u00e0 se rendre \u00e0 Lyon dans le cadre d\u2019un cong\u00e9 sp\u00e9cial.\"   width=\"664\" height=\"443\"\/>    Un membre des \u00e9quipes de s\u00e9curit\u00e9 p\u00e9nitentiaire patrouille \u00e0 l\u2019ext\u00e9rieur de la prison de Vendin-le-Vieil, dans le nord de la France, le 24\u00a0novembre 2025, alors qu\u2019un d\u00e9tenu condamn\u00e9 pour trafic de drogue a \u00e9t\u00e9 autoris\u00e9 par le tribunal \u00e0 se rendre \u00e0 Lyon dans le cadre d\u2019un cong\u00e9 sp\u00e9cial.  SAMEER AL-DOUMY \/ AFP                        <\/p>\n<p class=\"article__paragraph  \">Un d\u00e9tenu du quartier de lutte contre la criminalit\u00e9 organis\u00e9e (QLCO) de la prison de Vendin-le-Vieil (Pas-de-Calais) a quitt\u00e9 lundi 24 novembre l\u2019\u00e9tablissement vers 7\u00a0h 40 pour une permission de sortie \u00ab\u00a0employeur\u00a0\u00bb qui fait pol\u00e9mique, selon l\u2019Agence France-Presse (AFP). Sur place, l\u2019agence a vu plusieurs v\u00e9hicules sortir au m\u00eame moment, dont une voiture banalis\u00e9e ainsi qu\u2019un van SNCF. Le calme autour de la prison est rapidement revenu dans la foul\u00e9e.<\/p>\n<p class=\"article__paragraph  \">\u00ab\u00a0Il est parti\u00a0\u00bb, a ensuite confirm\u00e9 \u00e0 l\u2019AFP David Lacroix, d\u00e9l\u00e9gu\u00e9 FO-P\u00e9nitentiaire \u00e0 Vendin-le-Vieil. Une sortie dans ce cadre se fait sans escorte, mais un \u00ab\u00a0dispositif\u00a0\u00bb sera toutefois mis en place toute la journ\u00e9e, a assur\u00e9 dimanche l\u2019entourage du ministre de l\u2019int\u00e9rieur, Laurent Nu\u00f1ez, \u00e0 l\u2019AFP.<\/p>\n<p class=\"article__paragraph  \">\u00ab\u00a0Il n\u2019est pas surveill\u00e9, il n\u2019est pas escort\u00e9. Il y a quelqu\u2019un de son entourage qui est venu le chercher et (\u2026) conform\u00e9ment \u00e0 la d\u00e9cision judiciaire qui a \u00e9t\u00e9 rendue par le juge judiciaire, il va d\u2019un point A \u00e0 un point B pour pr\u00e9parer, muscler, renforcer sa r\u00e9insertion\u00a0\u00bb, a affirm\u00e9 lundi son avocate, Me Marie Violleau, sur BFM-TV.<\/p>\n<p>                                     Lire aussi |  <a href=\"https:\/\/www.lemonde.fr\/politique\/article\/2025\/11\/23\/gerald-darmanin-veut-revoir-les-regles-d-application-des-peines-pour-les-narcotrafiquants_6654560_823448.html\" class=\"js-article-read-also catcher--favoris__link\" data-premium=\"\" id=\"article-title-3447874\" target=\"_blank\" rel=\"noopener\">Un d\u00e9tenu de Vendin-le-Vieil obtient une permission de\u00a0sortie, G\u00e9rald Darmanin veut changer les r\u00e8gles d\u2019application des peines pour les narcotrafiquants<\/a>    <\/p>\n<p>   Lire plus tard  <\/p>\n<p class=\"article__paragraph  \">Le d\u00e9tenu, lib\u00e9rable en 2029, a rendez-vous avec un potentiel employeur dans l\u2019agglom\u00e9ration lyonnaise. Il devrait s\u2019y rendre en TGV de Lille, selon David Lacroix. Sa permission de sortir, accord\u00e9e par un juge d\u2019application des peines malgr\u00e9 un avis d\u00e9favorable du parquet de B\u00e9thune et confirm\u00e9e par la chambre d\u2019application des peines de la cour d\u2019appel de Douai, court jusqu\u2019\u00e0 21\u00a0heures.<\/p>\n<p class=\"article__paragraph  \">Selon une source syndicale, il s\u2019agit de Ouaihid Ben Fa\u00efza, 52 ans, membre important d\u2019un vaste r\u00e9seau de trafic de drogue de Seine-Saint-Denis. En 2014, alors qu\u2019il \u00e9tait incarc\u00e9r\u00e9 \u00e0 la prison de Villepinte depuis trois ans, Ouaihid Ben Fa\u00efza s\u2019\u00e9tait \u00e9vad\u00e9 avec l\u2019aide d\u2019un commando arm\u00e9 \u00e0 sa sortie d\u2019une consultation \u00e0 l\u2019h\u00f4pital. Sa cavale avait dur\u00e9 deux semaines.<\/p>\n<p class=\"article__paragraph  \">La permission de sortie d\u2019un d\u00e9tenu avec un tel profil a notamment suscit\u00e9 l\u2019indignation de syndicats d\u2019agents p\u00e9nitentiaires ces derniers jours. Le ministre de la justice, G\u00e9rald Darmanin, a exprim\u00e9 dimanche son intention de modifier les r\u00e8gles d\u2019application des peines en mati\u00e8re de criminalit\u00e9 organis\u00e9e, en cr\u00e9ant, comme en mati\u00e8re de terrorisme, \u00ab\u00a0un droit sp\u00e9cifique et un juge d\u2019application sp\u00e9cialis\u00e9 qui conna\u00eet parfaitement les profils dangereux\u00a0\u00bb.<\/p>\n<p class=\"article__paragraph  \">\u00ab\u00a0Il faut du bon sens, tout simplement\u00a0\u00bb, a d\u00e9clar\u00e9 lundi Thomas Vaugrand, secr\u00e9taire g\u00e9n\u00e9ral du syndicat UFAP UNSA-Justice dans les Hauts-de-France, pr\u00e9sent lundi matin \u00e0 Vendin-le-Vieil.<\/p>\n<p> Newsletter  <\/p>\n<p> <a href=\"https:\/\/www.lemonde.fr\/newsletters\/politique\/\" class=\"inread__link js-services-inread-link\" target=\"_blank\" rel=\"noopener\">  <\/p>\n<p>\u00ab Politique \u00bb<\/p>\n<p>Chaque semaine, \u00ab Le Monde \u00bb analyse pour vous les enjeux de l&rsquo;actualit\u00e9 politique<\/p>\n<p>S&rsquo;inscrire<\/p>\n<p> <\/a>             <\/p>\n<p class=\"article__paragraph  \">Une telle permission de sortie de droit commun, \u00ab\u00a0\u00e7a ne va pas avec les conditions d\u2019isolement\u00a0\u00bb pr\u00e9vues pour les d\u00e9tenus narcotrafiquants dans les QLCO cr\u00e9\u00e9s depuis cette ann\u00e9e. \u00ab\u00a0On a dit qu\u2019il fallait les couper du monde (\u2026) et aujourd\u2019hui on le laisse sortir dans la nature, tout seul\u00a0\u00bb, a ajout\u00e9 M.\u00a0Vaugrand.<\/p>\n<p>                                     Lire aussi |  Article r\u00e9serv\u00e9 \u00e0 nos abonn\u00e9s  <a href=\"https:\/\/www.lemonde.fr\/societe\/article\/2025\/11\/15\/dans-la-prison-de-vendin-le-vieil-les-narcos-coupes-du-monde-on-est-des-hamsters-des-cobayes_6653510_3224.html\" class=\"js-article-read-also catcher--favoris__link\" data-premium=\"1\" id=\"article-title-3446058\" target=\"_blank\" rel=\"noopener\">Dans la prison de Vendin-le-Vieil, les \u00ab\u00a0narcos\u00a0\u00bb coup\u00e9s du monde\u00a0: \u00ab\u00a0On est des hamsters, des cobayes\u00a0\u00bb<\/a>    <\/p>\n<p>   Lire plus tard  <\/p>\n<p class=\"author__detail\">  Le Monde avec AFP  <\/p>\n<p>                <a href=\"https:\/\/www.lemonde.fr\/syndication\/\" class=\"reuse__content\" title=\"R\u00e9utiliser ce contenu\" target=\"_blank\" rel=\"noopener\">R\u00e9utiliser ce contenu<\/a>      <\/p>\n","protected":false},"excerpt":{"rendered":"Un membre des \u00e9quipes de s\u00e9curit\u00e9 p\u00e9nitentiaire patrouille \u00e0 l\u2019ext\u00e9rieur de la prison de Vendin-le-Vieil, dans le nord&hellip;\n","protected":false},"author":2,"featured_media":555200,"comment_status":"","ping_status":"","sticky":false,"template":"","format":"standard","meta":{"footnotes":""},"categories":[2],"tags":[11,1011,27,12,25],"class_list":{"0":"post-555199","1":"post","2":"type-post","3":"status-publish","4":"format-standard","5":"has-post-thumbnail","7":"category-actualites","8":"tag-actualites","9":"tag-fr","10":"tag-france","11":"tag-news","12":"tag-republique-francaise"},"share_on_mastodon":{"url":"https:\/\/pubeurope.com\/@fr\/115604191782555943","error":""},"_links":{"self":[{"href":"https:\/\/www.europesays.com\/fr\/wp-json\/wp\/v2\/posts\/555199","targetHints":{"allow":["GET"]}}],"collection":[{"href":"https:\/\/www.europesays.com\/fr\/wp-json\/wp\/v2\/posts"}],"about":[{"href":"https:\/\/www.europesays.com\/fr\/wp-json\/wp\/v2\/types\/post"}],"author":[{"embeddable":true,"href":"https:\/\/www.europesays.com\/fr\/wp-json\/wp\/v2\/users\/2"}],"replies":[{"embeddable":true,"href":"https:\/\/www.europesays.com\/fr\/wp-json\/wp\/v2\/comments?post=555199"}],"version-history":[{"count":0,"href":"https:\/\/www.europesays.com\/fr\/wp-json\/wp\/v2\/posts\/555199\/revisions"}],"wp:featuredmedia":[{"embeddable":true,"href":"https:\/\/www.europesays.com\/fr\/wp-json\/wp\/v2\/media\/555200"}],"wp:attachment":[{"href":"https:\/\/www.europesays.com\/fr\/wp-json\/wp\/v2\/media?parent=555199"}],"wp:term":[{"taxonomy":"category","embeddable":true,"href":"https:\/\/www.europesays.com\/fr\/wp-json\/wp\/v2\/categories?post=555199"},{"taxonomy":"post_tag","embeddable":true,"href":"https:\/\/www.europesays.com\/fr\/wp-json\/wp\/v2\/tags?post=555199"}],"curies":[{"name":"wp","href":"https:\/\/api.w.org\/{rel}","templated":true}]}}