{"id":555201,"date":"2025-11-24T10:25:13","date_gmt":"2025-11-24T10:25:13","guid":{"rendered":"https:\/\/www.europesays.com\/fr\/555201\/"},"modified":"2025-11-24T10:25:13","modified_gmt":"2025-11-24T10:25:13","slug":"le-carnet-de-notes-du-xv-de-france-depoortere-et-jegou-marquent-des-points-ntamack-en-retrait-fickou-transparent-le-figaro","status":"publish","type":"post","link":"https:\/\/www.europesays.com\/fr\/555201\/","title":{"rendered":"Le carnet de notes du XV de France : Depoortere et Jegou marquent des points, Ntamack en retrait, Fickou transparent &#8211; Le Figaro"},"content":{"rendered":"<ol>\n<li><a href=\"https:\/\/news.google.com\/rss\/articles\/CBMi-AFBVV95cUxNZ0dFY3VWZ2VzdE95ekNFLS1fbVRvcVNSLWdvWnV1NnplOHZRMFYzUWRDSXJUMlBUOGpOUHhMU0ttRU4xOS13cE5BSjZGRDUtT1Z4RXYtcHVxWnZGUnRDenVCbDRtZzc1RWdaVFo5YUc1MjZ0dWhUOWJtN3c2dENZVnJrMkwzVWk0b05BMF8yQUJyTlpkNE5pbnNiZkpuY2JsaVdjNVZjYjhPQ3JyZXBOUU5BNk5WSWRrNy1Pc0dEeFVZYXAxUzZHdkZXRVNyOTlkaGRIZmxxOGx0d1V2R3NNSGNVLXI0VkUzUWhBNDQwZ3NIOUI1SjhZSQ?oc=5\" target=\"_blank\" rel=\"noopener\">Le carnet de notes du XV de France : Depoortere et Jegou marquent des points, Ntamack en retrait, Fickou transparent<\/a>&nbsp;&nbsp;Le Figaro<\/li>\n<li><a href=\"https:\/\/news.google.com\/rss\/articles\/CBMiiAJBVV95cUxPd3dUMFphM01reXFyVGhCWmUxWXM4cWx6MXpibk5RTVBWdVZHUGxfcVZ5Y2hMbDNOSXJYT19HZTlpQW1ocG5YV3U0M2ZaS2tydDdUMWZlaVhXV0NWSUNFbWxnN3FPOTIyWXliTFBBTFpjaEFSejNHQlR6MWFHM1E0MEN6bXhyZ0dsR3RVY0ZRa1c5c1ZmcGFvSEpJbTNzRnRnb1ZPdTdCR2tCYUZIQ0NiQzdjMFo2eXl1X2R1TG5iUHM5UXBQajdmWGZMYkxqaTV2WVZtWEIxN3k1clVSd3lpMUJTQnVJdDBaRmtuWEZ0SDVkd1JDX01GNjgxeFFmMmVueUo0Q3FPdlE?oc=5\" target=\"_blank\" rel=\"noopener\">O\u00f9 situer le XV de France, derri\u00e8re \u00ab\u00a0l&rsquo;\u00e9quipe qui domine le monde\u00a0\u00bb ?<\/a>&nbsp;&nbsp;Eurosport<\/li>\n<li><a href=\"https:\/\/news.google.com\/rss\/articles\/CBMizwFBVV95cUxQUGdabWEyd1R2NXp4SmdhbndjdDJlTl9GR2xnNFdHeWZwaWFqUnMyWjRtNV9sSlRCU0g2cUJwZmdzMU1CSXlUR19nNmhHU25ZcmNqTVM5QkxZT3NJMkZQUUFrT1ZaWUFBdFR0cElRWDRQWHotc1BDaU9VdV84SjNVZjBPNlBIUnN4S2RQNXpsQ3dHYVJLUkUtaERBX1pfR3VPNUMzZmZ0bTFfaEFqVmw2YzhaSko4Y0lpOTQyUXJBT3cxWkZVT3NrUmxwODN5NDA?oc=5\" target=\"_blank\" rel=\"noopener\">Indiscipline, jeu au pied, d\u00e9fense&#8230; Les Bleus sont-ils vraiment moins forts qu&rsquo;il y a quatre ans ?<\/a>&nbsp;&nbsp;L&rsquo;\u00c9quipe<\/li>\n<li><a href=\"https:\/\/news.google.com\/rss\/articles\/CBMikwJBVV95cUxORVZIRlBYTDR4d2t1RHZ2ZHk3eWxoX2w3X0tRRGs0S0U4Z0FEczNLVmlsQXNIVndVdUJsRnBNV0taT29yVnBrVDFuRHBtaXhPMHAwdGJuTTVDSnVVLUlodF9Vc0ExQ2QzN0U4VnhzTjMxc3RsUGo2a25fRjRPUWtmTTZtcEQ1WFFHbGh0NXJWQU9YbHdnck44TGsxUzg2YTBqOWd5Qi0zZWNBU2NVc2NKdkFrOEh1MmpfdTVnRFJRYldhNExqbGg3SmdIZzM5bktUR1Z6UWdScW02RmFyQmZ4dFU3RmdQcmxBcjFvdGhBUFBNdFZ6SjhudDMyZ2lqdDBBOFRLTEt2aGVVS2NsWGp6OXhkaw?oc=5\" target=\"_blank\" rel=\"noopener\">Rugby : \u00ab\u00a0L\u2019arrogance des Fran\u00e7ais va les emp\u00eacher de remporter la Coupe du monde !\u00a0\u00bb Les violentes critiques d\u2019un analyste contre le XV de France<\/a>&nbsp;&nbsp;ladepeche.fr<\/li>\n<li><a href=\"https:\/\/news.google.com\/rss\/articles\/CBMi9AFBVV95cUxNazdKRzRVeUt1QlB0b1pHa3lsSUdCYzFmSEhMNFRkNW1ZeVhQeEU5LW9hQTFwcEdtdlo3eUE2MFl6OFJXS0xVQnFvTDhJMWF0bzBzbTV5cmU5bGNRaVg2M2NYcG1TWTZBaTNyQlpOYklKNXZydjdienF2Q056MzFzcy1qb1h1dDRUeXlHSHp0SDZLOTQxOGZadDlKd2I5LTZBcl82eDlXeUxDa3RhYnNycG5DNWhhUFo3c0RVdUJjNTQ0U25QR1k1SzF5QnVqcXMwR2p6aHctXzBoRXhWNDQ1NWZCTzBQTnpxSGVyajdQVzF3Qk1P?oc=5\" target=\"_blank\" rel=\"noopener\">Exclusif. \u00ab\u00a0Nous acceptons les critiques, pas les remises en cause\u00a0\u00bb : Galthi\u00e9 d\u00e9briefe la tourn\u00e9e des Bleus<\/a>&nbsp;&nbsp;Rugbyrama<\/li>\n<\/ol>\n","protected":false},"excerpt":{"rendered":"Le carnet de notes du XV de France : Depoortere et Jegou marquent des points, Ntamack en retrait,&hellip;\n","protected":false},"author":2,"featured_media":395849,"comment_status":"","ping_status":"","sticky":false,"template":"","format":"standard","meta":{"footnotes":""},"categories":[2],"tags":[11,1011,27,12,25],"class_list":{"0":"post-555201","1":"post","2":"type-post","3":"status-publish","4":"format-standard","5":"has-post-thumbnail","7":"category-actualites","8":"tag-actualites","9":"tag-fr","10":"tag-france","11":"tag-news","12":"tag-republique-francaise"},"share_on_mastodon":{"url":"https:\/\/pubeurope.com\/@fr\/115604194896137213","error":""},"_links":{"self":[{"href":"https:\/\/www.europesays.com\/fr\/wp-json\/wp\/v2\/posts\/555201","targetHints":{"allow":["GET"]}}],"collection":[{"href":"https:\/\/www.europesays.com\/fr\/wp-json\/wp\/v2\/posts"}],"about":[{"href":"https:\/\/www.europesays.com\/fr\/wp-json\/wp\/v2\/types\/post"}],"author":[{"embeddable":true,"href":"https:\/\/www.europesays.com\/fr\/wp-json\/wp\/v2\/users\/2"}],"replies":[{"embeddable":true,"href":"https:\/\/www.europesays.com\/fr\/wp-json\/wp\/v2\/comments?post=555201"}],"version-history":[{"count":0,"href":"https:\/\/www.europesays.com\/fr\/wp-json\/wp\/v2\/posts\/555201\/revisions"}],"wp:featuredmedia":[{"embeddable":true,"href":"https:\/\/www.europesays.com\/fr\/wp-json\/wp\/v2\/media\/395849"}],"wp:attachment":[{"href":"https:\/\/www.europesays.com\/fr\/wp-json\/wp\/v2\/media?parent=555201"}],"wp:term":[{"taxonomy":"category","embeddable":true,"href":"https:\/\/www.europesays.com\/fr\/wp-json\/wp\/v2\/categories?post=555201"},{"taxonomy":"post_tag","embeddable":true,"href":"https:\/\/www.europesays.com\/fr\/wp-json\/wp\/v2\/tags?post=555201"}],"curies":[{"name":"wp","href":"https:\/\/api.w.org\/{rel}","templated":true}]}}