{"id":555210,"date":"2025-11-24T10:30:19","date_gmt":"2025-11-24T10:30:19","guid":{"rendered":"https:\/\/www.europesays.com\/fr\/555210\/"},"modified":"2025-11-24T10:30:19","modified_gmt":"2025-11-24T10:30:19","slug":"atp-ljubicic-responsable-du-haut-niveau-a-la-fft-sur-mpetshi-perricard-on-sait-que-quand-un-joueur-passe-de-240e-mondial-a-top-40-et-quil-doit-affronter-des-joueurs-forts-toute-lannee-cest","status":"publish","type":"post","link":"https:\/\/www.europesays.com\/fr\/555210\/","title":{"rendered":"ATP > Ljubicic, responsable du haut niveau \u00e0 la FFT, sur Mpetshi Perricard : \u00ab\u00a0On sait que quand un joueur passe de 240e mondial \u00e0 top 40, et qu&rsquo;il doit affronter des joueurs forts toute l&rsquo;ann\u00e9e, c&rsquo;est dur d&rsquo;accumuler la confiance, plus dur de trouver le rythme\u00a0\u00bb"},"content":{"rendered":"<p>Lors de son inter\u00adview accord\u00e9e \u00e0 <a href=\"https:\/\/www.lequipe.fr\/Tennis\/Article\/-bonne-dynamique-recours-aux-experts-ivan-ljubicic-dresse-le-bilan-de-la-saison-2025-du-tennis-francais-et-se-projette-sur-2026\/1611511\" data-wpel-link=\"external\" target=\"_blank\" rel=\"nofollow external noopener\">L\u2019Equipe<\/a>, dans laquelle il a <a href=\"https:\/\/www.welovetennis.fr\/coupe-davis\/ljubicic-responsable-du-haut-niveau-a-la-fft-sen-prend-a-moutet-cest-un-manque-de-respect-pour-la-competition-pour-lequipe-quelque-chose-dinacceptable-je-ne-peux-pas-comprendre\" data-wpel-link=\"internal\" target=\"_blank\" rel=\"noopener\">r\u00e9pri\u00admand\u00e9 Corentin Moutet<\/a> et <a href=\"https:\/\/www.welovetennis.fr\/atp\/ljubicic-met-deja-la-pression-sur-kouame-grand-espoir-francais-il-ny-a-personne-au-monde-qui-dispose-dune-structure-si-forte-et-si-professionnelle-on-ne-pourra-pas-dire-quon-na-pas-tout\" data-wpel-link=\"internal\" target=\"_blank\" rel=\"noopener\">mis la pres\u00adsion sur Mo\u00efse Kouam\u00e9<\/a>, le respon\u00adsable du haut niveau \u00e0 la F\u00e9d\u00e9ration Fran\u00e7ais de Tennis (FFT), Ivan Ljubicic, a dress\u00e9 un bilan de la saison 2025 du c\u00f4t\u00e9 des hommes.\u00a0<\/p>\n<p><strong>\u00ab\u202fOn ne peut que regretter les bles\u00adsures\u00a0d\u2019Ugo Humbert\u00a0et\u00a0d\u2019Arthur Fils, qui \u00e9taient sur une bonne dyna\u00admique et ont manqu\u00e9 \u00e0 l\u2019\u00e9quipe de France. Comme satis\u00adfac\u00adtions, je pense \u00e0 Valentin Royer\u00a0(58e), \u00e0 Arthur Cazaux\u00a0(67e)\u00a0et \u00e0 Arthur Rinderknech\u00a0(29e), bien s\u00fbr. La plupart des joueurs qui sont dans le top 100 ont obtenu leur meilleur clas\u00adse\u00adment. Sauf Giovanni Mpetshi\u00a0Perricard\u00a0(59e). On sait que quand un joueur passe de 240e mondial \u00e0 top 40, et qu\u2019il doit affronter des joueurs forts toute l\u2019ann\u00e9e, c\u2019est dur d\u2019ac\u00adcu\u00admuler la confiance, plus dur de trouver le rythme. Rien n\u2019est auto\u00adma\u00adtique. Je reste tr\u00e8s confiant pour la\u00a0suite.\u202f\u00bb<\/strong><\/p>\n<p class=\"post-published-date\" style=\"color: silver; font-size: 75%; text-align: left;\">Publi\u00e9 le lundi 24 novembre 2025 \u00e0 10:44<\/p>\n","protected":false},"excerpt":{"rendered":"Lors de son inter\u00adview accord\u00e9e \u00e0 L\u2019Equipe, dans laquelle il a r\u00e9pri\u00admand\u00e9 Corentin Moutet et mis la pres\u00adsion&hellip;\n","protected":false},"author":2,"featured_media":555211,"comment_status":"","ping_status":"","sticky":false,"template":"","format":"standard","meta":{"footnotes":""},"categories":[1415],"tags":[3768,1011,27,60,1467],"class_list":{"0":"post-555210","1":"post","2":"type-post","3":"status-publish","4":"format-standard","5":"has-post-thumbnail","7":"category-tennis","8":"tag-arthur-fils","9":"tag-fr","10":"tag-france","11":"tag-sports","12":"tag-tennis"},"share_on_mastodon":{"url":"https:\/\/pubeurope.com\/@fr\/115604214476248191","error":""},"_links":{"self":[{"href":"https:\/\/www.europesays.com\/fr\/wp-json\/wp\/v2\/posts\/555210","targetHints":{"allow":["GET"]}}],"collection":[{"href":"https:\/\/www.europesays.com\/fr\/wp-json\/wp\/v2\/posts"}],"about":[{"href":"https:\/\/www.europesays.com\/fr\/wp-json\/wp\/v2\/types\/post"}],"author":[{"embeddable":true,"href":"https:\/\/www.europesays.com\/fr\/wp-json\/wp\/v2\/users\/2"}],"replies":[{"embeddable":true,"href":"https:\/\/www.europesays.com\/fr\/wp-json\/wp\/v2\/comments?post=555210"}],"version-history":[{"count":0,"href":"https:\/\/www.europesays.com\/fr\/wp-json\/wp\/v2\/posts\/555210\/revisions"}],"wp:featuredmedia":[{"embeddable":true,"href":"https:\/\/www.europesays.com\/fr\/wp-json\/wp\/v2\/media\/555211"}],"wp:attachment":[{"href":"https:\/\/www.europesays.com\/fr\/wp-json\/wp\/v2\/media?parent=555210"}],"wp:term":[{"taxonomy":"category","embeddable":true,"href":"https:\/\/www.europesays.com\/fr\/wp-json\/wp\/v2\/categories?post=555210"},{"taxonomy":"post_tag","embeddable":true,"href":"https:\/\/www.europesays.com\/fr\/wp-json\/wp\/v2\/tags?post=555210"}],"curies":[{"name":"wp","href":"https:\/\/api.w.org\/{rel}","templated":true}]}}