{"id":555218,"date":"2025-11-24T10:39:13","date_gmt":"2025-11-24T10:39:13","guid":{"rendered":"https:\/\/www.europesays.com\/fr\/555218\/"},"modified":"2025-11-24T10:39:13","modified_gmt":"2025-11-24T10:39:13","slug":"gourdon-joel-arpaillange-expose-au-delicatessens","status":"publish","type":"post","link":"https:\/\/www.europesays.com\/fr\/555218\/","title":{"rendered":"Gourdon. Jo\u00ebl Arpaillange expose au Delicatessens"},"content":{"rendered":"<p>Le restaurant Delicatessens, plac\u00e9 sur le domaine du Berthiol, membre de l\u2019association Bonnes Tables du Lot, re\u00e7oit l\u2019exposition du tr\u00e8s connu photographe-auteur Jo\u00ebl Arpaillange. <\/p>\n<p>Jo\u00ebl Arpaillange a notamment photographi\u00e9 les foires aux bestiaux de Gourdon dans les ann\u00e9es 1980, ainsi que des sc\u00e8nes et des m\u00e9tiers du quotidien en Bouriane et P\u00e9rigord, comme la fabrication du pain \u00e0 la ferme, le d\u00e9noisillage\u2026, documentant un monde qui a largement disparu. Une partie de ce travail est expos\u00e9e actuellement sous le titre \u00ab\u00a0Au si\u00e8cle dernier\u00a0\u00bb au D\u00e9licatessens. Une s\u00e9rie en noir et blanc d\u2019une qualit\u00e9 d\u2019image et d\u2019une nettet\u00e9 incomparables, ces clich\u00e9s impactent, ils sont nos grands-parents ou m\u00eame arri\u00e8re-grands-parents, figures du pass\u00e9, toutes et tous \u00e0 la t\u00e2che, exer\u00e7ant des m\u00e9tiers aujourd\u2019hui absents. <\/p>\n<p>Jo\u00ebl est guid\u00e9 par un go\u00fbt pour la photographie humaniste et la photographie pure depuis plus de 53 ans. Il est aussi auteur de reportages en Alg\u00e9rie, au Niger, au S\u00e9n\u00e9gal, en \u00c9thiopie, ainsi qu\u2019en P\u00e9rigord et Quercy. Jo\u00ebl est \u00e9galement membre du collectif de photographes toulousains Vertige. <\/p>\n<p>Il est possible de voir son travail aux \u00ab\u00a0Actualit\u00e9s locales au cin\u00e9ma\u00a0\u00bb (ALC) de Gourdon qui lui ont consacr\u00e9 plusieurs rencontres. Une exposition qui partage \u00e0 merveille l\u2019\u00e9tat d\u2019esprit de la philosophie culinaire de Justine et Beno\u00eet, qui sont avant tout des artisans cuisiniers qui s\u2019appliquent \u00e0 mettre en avant des produits de grande qualit\u00e9 issus de la r\u00e9gion. <\/p>\n<p> D\u00e9licatessens : 05 65 32 70 56.<\/p>\n","protected":false},"excerpt":{"rendered":"Le restaurant Delicatessens, plac\u00e9 sur le domaine du Berthiol, membre de l\u2019association Bonnes Tables du Lot, re\u00e7oit l\u2019exposition&hellip;\n","protected":false},"author":2,"featured_media":555219,"comment_status":"","ping_status":"","sticky":false,"template":"","format":"standard","meta":{"footnotes":""},"categories":[1358],"tags":[1348,1384,1385,1386,58,59,1011,27],"class_list":{"0":"post-555218","1":"post","2":"type-post","3":"status-publish","4":"format-standard","5":"has-post-thumbnail","7":"category-arts-et-design","8":"tag-arts","9":"tag-arts-and-design","10":"tag-arts-et-design","11":"tag-design","12":"tag-divertissement","13":"tag-entertainment","14":"tag-fr","15":"tag-france"},"share_on_mastodon":{"url":"https:\/\/pubeurope.com\/@fr\/115604249875163159","error":""},"_links":{"self":[{"href":"https:\/\/www.europesays.com\/fr\/wp-json\/wp\/v2\/posts\/555218","targetHints":{"allow":["GET"]}}],"collection":[{"href":"https:\/\/www.europesays.com\/fr\/wp-json\/wp\/v2\/posts"}],"about":[{"href":"https:\/\/www.europesays.com\/fr\/wp-json\/wp\/v2\/types\/post"}],"author":[{"embeddable":true,"href":"https:\/\/www.europesays.com\/fr\/wp-json\/wp\/v2\/users\/2"}],"replies":[{"embeddable":true,"href":"https:\/\/www.europesays.com\/fr\/wp-json\/wp\/v2\/comments?post=555218"}],"version-history":[{"count":0,"href":"https:\/\/www.europesays.com\/fr\/wp-json\/wp\/v2\/posts\/555218\/revisions"}],"wp:featuredmedia":[{"embeddable":true,"href":"https:\/\/www.europesays.com\/fr\/wp-json\/wp\/v2\/media\/555219"}],"wp:attachment":[{"href":"https:\/\/www.europesays.com\/fr\/wp-json\/wp\/v2\/media?parent=555218"}],"wp:term":[{"taxonomy":"category","embeddable":true,"href":"https:\/\/www.europesays.com\/fr\/wp-json\/wp\/v2\/categories?post=555218"},{"taxonomy":"post_tag","embeddable":true,"href":"https:\/\/www.europesays.com\/fr\/wp-json\/wp\/v2\/tags?post=555218"}],"curies":[{"name":"wp","href":"https:\/\/api.w.org\/{rel}","templated":true}]}}