{"id":555230,"date":"2025-11-24T10:50:16","date_gmt":"2025-11-24T10:50:16","guid":{"rendered":"https:\/\/www.europesays.com\/fr\/555230\/"},"modified":"2025-11-24T10:50:16","modified_gmt":"2025-11-24T10:50:16","slug":"helene-segara-inquiete-ses-fans-decouvrent-quelle-porte-une-perruque","status":"publish","type":"post","link":"https:\/\/www.europesays.com\/fr\/555230\/","title":{"rendered":"H\u00e9l\u00e8ne S\u00e9gara inqui\u00e8te : ses fans d\u00e9couvrent qu\u2019elle porte une perruque"},"content":{"rendered":"<p>      R\u00e9sum\u00e9<\/p>\n<p>H\u00e9l\u00e8ne S\u00e9gara a \u00e9t\u00e9 aper\u00e7ue portant une perruque naturelle lors d\u2019un tournage, suscitant surprise, commentaires divers et inqui\u00e9tudes sur son choix capillaire.<\/p>\n<p>        Sommaire<\/p>\n<p>Le week-end a \u00e9t\u00e9 mouvement\u00e9 pour les fans d&rsquo;<a href=\"https:\/\/www.public.fr\/tag\/helene-segara\" target=\"_blank\" rel=\"noopener\"><strong>H\u00e9l\u00e8ne S\u00e9gara<\/strong><\/a>. Beaucoup ont en effet eu une v\u00e9ritable surprise en d\u00e9couvrant, presque par hasard, que <strong>la chanteuse portait une perruque lors des tournages de <a href=\"https:\/\/www.public.fr\/on-se-frite-pas-toujours-simple-helene-segara-dit-tout-de-sa-relation-avec-marianne-james-dans-la-france-a-un-incroyable-talent\" target=\"_blank\" rel=\"noopener\">La France a un incroyable talent<\/a>. <\/strong><\/p>\n<p>Une information qui ne venait pas d&rsquo;elle, mais d&rsquo;une certaine <a href=\"https:\/\/www.instagram.com\/h.wigs\/\" target=\"_blank\" rel=\"noreferrer noopener\">H.WIGS<\/a>, visiblement ravie d&rsquo;exposer son travail au grand jour.<\/p>\n<p>H\u00e9l\u00e8ne S\u00e9gara porte une perruque<\/p>\n<p>Sur Instagram, H.WIGS a partag\u00e9 son enthousiasme en annon\u00e7ant avoir cr\u00e9\u00e9 une nouvelle perruque pour l&rsquo;artiste. <\/p>\n<p>\u00ab\u00a0J\u2019ai encore eu la chance de cr\u00e9er une perruque pour H\u00e9l\u00e8ne S\u00e9gara. <strong>La voir porter mon travail sur le plateau de La France a un Incroyable Talent, c\u2019est juste incroyable.<\/strong> C\u2019est une perruque 100% naturelle, r\u00e9alis\u00e9e en express, \u00e0 la main et avec passion. Tellement fi\u00e8re du r\u00e9sultat\u00a0\u00bb, a-t-elle \u00e9crit en l\u00e9gende d&rsquo;une vid\u00e9o dans laquelle nous pouvons apercevoir la chanteuse dans les coulisses de l&rsquo;\u00e9mission. <\/p>\n<p>Jusqu&rsquo;\u00e0 pr\u00e9sent, beaucoup d&rsquo;internautes ignoraient totalement qu&rsquo;H\u00e9l\u00e8ne S\u00e9gara portait une perruque. Les commentaires ont alors d\u00e9ferl\u00e9 : \u00ab\u00a0<strong>Je pensais que c&rsquo;\u00e9taient ses vrais cheveux<\/strong>\u00ab\u00a0, \u00ab\u00a0\u00c7a fait super naturel, on ne dirait vraiment pas qu\u2019elle porte une perruque\u00a0\u00bb, \u00ab\u00a0Elle est d\u00e9j\u00e0 belle au naturel, mais l\u00e0, c&rsquo;est une bombasse\u00a0\u00bb, \u00ab\u00a0J\u2019ai toujours cru que c&rsquo;\u00e9taient ses cheveux\u00a0\u00bb. <\/p>\n<p>Les fans particuli\u00e8rement inquiets<\/p>\n<p>Comme souvent, la r\u00e9v\u00e9lation n&rsquo;a malheureusement pas \u00e9chapp\u00e9 aux esprits un peu plus amers. Certains y ont d&rsquo;ailleurs vu l&rsquo;occasion de <strong>pointer du doigt un manque d&rsquo;authenticit\u00e9<\/strong> : \u00ab\u00a0Pas tr\u00e8s naturelle H\u00e9l\u00e8ne S\u00e9gara\u00a0\u00bb, \u00ab\u00a0On voit bien que rien ne bouge\u00a0\u00bb, \u00ab\u00a0Faux cheveux, faux yeux\u00a0\u00bb, \u00ab\u00a0Dans la rue, tu ne les reconnais pas tellement ils sont faux\u00a0\u00bb. <\/p>\n<p>D&rsquo;autres enfin ont exprim\u00e9 une r\u00e9elle inqui\u00e9tude en se demandant si <strong>le recours \u00e0 une perruque cachait un probl\u00e8me de sant\u00e9. <\/strong><\/p>\n<p>H.WIGS a rapidement rassur\u00e9 tout le monde. Selon elle, <strong>H\u00e9l\u00e8ne S\u00e9gara porte simplement ces perruques pour adopter une coupe plus courte sans couper ses vrais cheveux.<\/strong> Une envie de style, rien de plus ! <\/p>\n<p>\n          Hits &amp; People en continu\n        <\/p>\n<p>\n          Public Radio\n        <\/p>\n<p>      Mentionn\u00e9s dans cet article<\/p>\n<p>      Sur le m\u00eame sujet<\/p>\n<p>  <script async src=\"\/\/www.instagram.com\/embed.js\"><\/script><\/p>\n","protected":false},"excerpt":{"rendered":"R\u00e9sum\u00e9 H\u00e9l\u00e8ne S\u00e9gara a \u00e9t\u00e9 aper\u00e7ue portant une perruque naturelle lors d\u2019un tournage, suscitant surprise, commentaires divers et&hellip;\n","protected":false},"author":2,"featured_media":555231,"comment_status":"","ping_status":"","sticky":false,"template":"","format":"standard","meta":{"footnotes":""},"categories":[8],"tags":[58,59,1011,27,38075,5366,67281],"class_list":{"0":"post-555230","1":"post","2":"type-post","3":"status-publish","4":"format-standard","5":"has-post-thumbnail","7":"category-divertissement","8":"tag-divertissement","9":"tag-entertainment","10":"tag-fr","11":"tag-france","12":"tag-helene-segara","13":"tag-la-france-a-un-incroyable-talent","14":"tag-perruque"},"share_on_mastodon":{"url":"https:\/\/pubeurope.com\/@fr\/115604293348252058","error":""},"_links":{"self":[{"href":"https:\/\/www.europesays.com\/fr\/wp-json\/wp\/v2\/posts\/555230","targetHints":{"allow":["GET"]}}],"collection":[{"href":"https:\/\/www.europesays.com\/fr\/wp-json\/wp\/v2\/posts"}],"about":[{"href":"https:\/\/www.europesays.com\/fr\/wp-json\/wp\/v2\/types\/post"}],"author":[{"embeddable":true,"href":"https:\/\/www.europesays.com\/fr\/wp-json\/wp\/v2\/users\/2"}],"replies":[{"embeddable":true,"href":"https:\/\/www.europesays.com\/fr\/wp-json\/wp\/v2\/comments?post=555230"}],"version-history":[{"count":0,"href":"https:\/\/www.europesays.com\/fr\/wp-json\/wp\/v2\/posts\/555230\/revisions"}],"wp:featuredmedia":[{"embeddable":true,"href":"https:\/\/www.europesays.com\/fr\/wp-json\/wp\/v2\/media\/555231"}],"wp:attachment":[{"href":"https:\/\/www.europesays.com\/fr\/wp-json\/wp\/v2\/media?parent=555230"}],"wp:term":[{"taxonomy":"category","embeddable":true,"href":"https:\/\/www.europesays.com\/fr\/wp-json\/wp\/v2\/categories?post=555230"},{"taxonomy":"post_tag","embeddable":true,"href":"https:\/\/www.europesays.com\/fr\/wp-json\/wp\/v2\/tags?post=555230"}],"curies":[{"name":"wp","href":"https:\/\/api.w.org\/{rel}","templated":true}]}}