{"id":555234,"date":"2025-11-24T10:53:22","date_gmt":"2025-11-24T10:53:22","guid":{"rendered":"https:\/\/www.europesays.com\/fr\/555234\/"},"modified":"2025-11-24T10:53:22","modified_gmt":"2025-11-24T10:53:22","slug":"michel-edouard-leclerc-soppose-a-la-plainte-deposee-contre-shein","status":"publish","type":"post","link":"https:\/\/www.europesays.com\/fr\/555234\/","title":{"rendered":"Michel-Edouard Leclerc s&rsquo;oppose \u00e0 la plainte d\u00e9pos\u00e9e contre Shein"},"content":{"rendered":"\n<p class=\"c-chapo \">\n  Douze organisations fran\u00e7aises ont annonc\u00e9 la semaine derni\u00e8re attaquer Shein en justice pour \u00ab\u00a0concurrence d\u00e9loyale\u00a0\u00bb, afin d&rsquo;obtenir \u00ab\u00a0r\u00e9paration des pr\u00e9judices\u00a0\u00bb imput\u00e9s au g\u00e9ant asiatique de l&rsquo;e-commerce, bas\u00e9 \u00e0 Singapour.\n<\/p>\n<p>      lire plus tard<\/p>\n<p id=\"dialog__title\" class=\"dialog__title\">Pour sauvegarder cet article, connectez-vous ou cr\u00e9ez un compte franceinfo<\/p>\n<p class=\"dialog__description\">Sans paiement. Sans abonnement.<\/p>\n<p>        Fermer la fen\u00eatre d\u2019activation des notifications France Info<\/p>\n<p>      cr\u00e9er votre compte<\/p>\n<p>      se connecter<\/p>\n<p>        Fermer la fen\u00eatre de pr\u00e9sentation<\/p>\n<p>    <img loading=\"lazy\" decoding=\"async\" class=\"signature__image lazyload\" width=\"100\" height=\"100\" data- alt=\"\" src=\"https:\/\/www.europesays.com\/fr\/wp-content\/uploads\/2025\/05\/64a68815cd1a7_placeholder-36b69ec8.png\"\/><\/p>\n<p>    Publi\u00e9 le 24\/11\/2025 10:51<\/p>\n<p>        Temps de lecture : 1min<\/p>\n<p>    <img decoding=\"async\"  alt=\"Michel-Edouard Leclerc participe \u00e0 un forum \u00e0 Boulogne-Billancourt, en banlieue parisienne, le 25 mars 2025. (LUDOVIC MARIN \/ AFP)\" width=\"432\" height=\"243\" src=\"https:\/\/www.europesays.com\/fr\/wp-content\/uploads\/2025\/11\/000-37uu492-692427f6f1b37034038093.jpg\" fetchpriority=\"high\"\/><\/p>\n<p>      Michel-Edouard Leclerc participe \u00e0 un forum \u00e0 Boulogne-Billancourt, en banlieue parisienne, le 25 mars 2025. (LUDOVIC MARIN \/ AFP)<\/p>\n<p>Michel-Edouard Leclerc, pr\u00e9sident du comit\u00e9 strat\u00e9gique du leader fran\u00e7ais des supermarch\u00e9s E.Leclerc, a exprim\u00e9 son d\u00e9saccord, lundi 24 novembre, avec la plainte d\u00e9pos\u00e9e contre Shein pour \u00ab\u00a0concurrence d\u00e9loyale\u00a0\u00bb. Douze organisations fran\u00e7aises, dont la F\u00e9d\u00e9ration du commerce et de la distribution (FCD) \u00e0 laquelle appartient Leclerc, <a href=\"https:\/\/www.franceinfo.fr\/economie\/entreprises\/shein\/douze-federations-du-commerce-et-de-l-industrie-s-unissent-dans-une-action-en-justice-contre-shein-pour-concurrence-deloyale_7626941.html\" target=\"_blank\" rel=\"noopener\" data-tooltip-url=\"https:\/\/www.franceinfo.fr\/economie\/entreprises\/shein\/douze-federations-du-commerce-et-de-l-industrie-s-unissent-dans-une-action-en-justice-contre-shein-pour-concurrence-deloyale_7626941.html\">ont annonc\u00e9 la semaine derni\u00e8re attaquer en justice le g\u00e9ant asiatique de l&rsquo;e-commerce<\/a> pour \u00ab\u00a0concurrence d\u00e9loyale\u00a0\u00bb, afin d&rsquo;obtenir \u00ab\u00a0r\u00e9paration des pr\u00e9judices\u00a0\u00bb.<\/p>\n<p>\u00ab\u00a0A titre personnel, je trouve \u00e7a con au moment o\u00f9 Carrefour est en Chine, Galerie Lafayette est en Chine. Tous les commer\u00e7ants des grandes marques de Bernard Arnault, de [Fran\u00e7ois-Henri] Pinault sont en Chine. Les galeries d&rsquo;art sont en Chine\u00a0\u00bb, a-t-il d\u00e9clar\u00e9 sur <a href=\"https:\/\/www.rtl.fr\/actu\/economie-consommation\/fabrique-en-chine-apres-la-polemique-shein-michel-edouard-leclerc-denonce-une-hysterie-et-des-propos-racistes-7900570421\" target=\"_blank\" rel=\"noopener\" data-tooltip-url=\"https:\/\/www.rtl.fr\/actu\/economie-consommation\/fabrique-en-chine-apres-la-polemique-shein-michel-edouard-leclerc-denonce-une-hysterie-et-des-propos-racistes-7900570421\">RTL<\/a>.<\/p>\n<p>Le grand patron a \u00e9galement critiqu\u00e9 \u00ab\u00a0les postures\u00a0\u00bb de certains parlementaires, au lendemain <a href=\"https:\/\/www.franceinfo.fr\/economie\/entreprises\/shein\/plus-de-80-deputes-reclament-l-interdiction-de-shein-sur-le-territoire-francais-pour-proteger-les-travailleurs-la-sante-publique-et-la-planete_7634690.html\" target=\"_blank\" rel=\"noopener\" data-tooltip-url=\"https:\/\/www.franceinfo.fr\/economie\/entreprises\/shein\/plus-de-80-deputes-reclament-l-interdiction-de-shein-sur-le-territoire-francais-pour-proteger-les-travailleurs-la-sante-publique-et-la-planete_7634690.html\">d&rsquo;un texte de 80 d\u00e9put\u00e9s<\/a>, publi\u00e9 dans La Tribune dimanche, r\u00e9clamant \u00ab\u00a0l&rsquo;interdiction de Shein sur le territoire fran\u00e7ais\u00a0\u00bb pour \u00ab\u00a0prot\u00e9ger les travailleurs, la sant\u00e9 publique et la plan\u00e8te\u00a0\u00bb. \u00ab\u00a0Vouloir interdire quelque chose qui existe depuis quatre ans d\u00e9j\u00e0, contre lequel on n&rsquo;a rien fait, pour lequel on n&rsquo;a rien vu, et tout d&rsquo;un coup tout le monde se met pour passer \u00e0 la t\u00e9l\u00e9 dans le groupe qui va porter plainte\u00a0\u00bb, a-t-il critiqu\u00e9. <\/p>\n<p>\u00ab\u00a0C&rsquo;est le bal des aveugles. Ce qui nous arrive aujourd&rsquo;hui dans la mutation du monde, c&rsquo;est que d&rsquo;autres pays prennent le &lsquo;lead&rsquo; dans les op\u00e9rations commerciales\u00a0\u00bb, a-t-il ajout\u00e9. \u00ab\u00a0On peut faire des proc\u00e8s \u00e0 des entreprises dont on ne veut pas, mais ils vont nous retaper dans leur pays et on n&rsquo;exportera pas\u00a0\u00bb, a-t-il conclu.<\/p>\n","protected":false},"excerpt":{"rendered":"Douze organisations fran\u00e7aises ont annonc\u00e9 la semaine derni\u00e8re attaquer Shein en justice pour \u00ab\u00a0concurrence d\u00e9loyale\u00a0\u00bb, afin d&rsquo;obtenir \u00ab\u00a0r\u00e9paration&hellip;\n","protected":false},"author":2,"featured_media":555235,"comment_status":"","ping_status":"","sticky":false,"template":"","format":"standard","meta":{"footnotes":""},"categories":[6],"tags":[35,33,34,1011,27],"class_list":{"0":"post-555234","1":"post","2":"type-post","3":"status-publish","4":"format-standard","5":"has-post-thumbnail","7":"category-economie","8":"tag-business","9":"tag-economie","10":"tag-economy","11":"tag-fr","12":"tag-france"},"share_on_mastodon":{"url":"https:\/\/pubeurope.com\/@fr\/115604306076075452","error":""},"_links":{"self":[{"href":"https:\/\/www.europesays.com\/fr\/wp-json\/wp\/v2\/posts\/555234","targetHints":{"allow":["GET"]}}],"collection":[{"href":"https:\/\/www.europesays.com\/fr\/wp-json\/wp\/v2\/posts"}],"about":[{"href":"https:\/\/www.europesays.com\/fr\/wp-json\/wp\/v2\/types\/post"}],"author":[{"embeddable":true,"href":"https:\/\/www.europesays.com\/fr\/wp-json\/wp\/v2\/users\/2"}],"replies":[{"embeddable":true,"href":"https:\/\/www.europesays.com\/fr\/wp-json\/wp\/v2\/comments?post=555234"}],"version-history":[{"count":0,"href":"https:\/\/www.europesays.com\/fr\/wp-json\/wp\/v2\/posts\/555234\/revisions"}],"wp:featuredmedia":[{"embeddable":true,"href":"https:\/\/www.europesays.com\/fr\/wp-json\/wp\/v2\/media\/555235"}],"wp:attachment":[{"href":"https:\/\/www.europesays.com\/fr\/wp-json\/wp\/v2\/media?parent=555234"}],"wp:term":[{"taxonomy":"category","embeddable":true,"href":"https:\/\/www.europesays.com\/fr\/wp-json\/wp\/v2\/categories?post=555234"},{"taxonomy":"post_tag","embeddable":true,"href":"https:\/\/www.europesays.com\/fr\/wp-json\/wp\/v2\/tags?post=555234"}],"curies":[{"name":"wp","href":"https:\/\/api.w.org\/{rel}","templated":true}]}}