{"id":555236,"date":"2025-11-24T10:54:14","date_gmt":"2025-11-24T10:54:14","guid":{"rendered":"https:\/\/www.europesays.com\/fr\/555236\/"},"modified":"2025-11-24T10:54:14","modified_gmt":"2025-11-24T10:54:14","slug":"sils-veulent-que-je-la-retire-quils-linterdisent-une-senatrice-choque-le-parlement-en-siegeant-en-burqa","status":"publish","type":"post","link":"https:\/\/www.europesays.com\/fr\/555236\/","title":{"rendered":"\u00ab\u00a0S\u2019ils veulent que je la retire, qu\u2019ils l\u2019interdisent\u00a0!\u00a0\u00bb: une s\u00e9natrice choque le Parlement en si\u00e9geant en burqa"},"content":{"rendered":"<p>\n                                                                    l&rsquo;essentiel<br \/>\n                                                                R\u00e9agissant au refus du Parlement de l\u2019autoriser \u00e0 pr\u00e9senter un projet de loi sur l\u2019interdiction du port du voile int\u00e9gral dans les lieux publics, la s\u00e9natrice d\u2019extr\u00eame droite Pauline Hanson est apparue en burqa au Parlement australien ce lundi 24\u00a0novembre, suscitant l\u2019indignation de ses coll\u00e8gues, dont certains ont r\u00e9clam\u00e9 sa destitution.\n                            <\/p>\n<p>L\u2019\u00e9lue australienne du Queensland, membre du parti One Nation, a rev\u00eatu une burqa noire au S\u00e9nat \u00e0 Canberra, quelques minutes apr\u00e8s s\u2019\u00eatre vu refuser l\u2019autorisation de pr\u00e9senter un projet de loi. Ce texte visait \u00e0 interdire le port du voile int\u00e9gral en public en Australie. La s\u00e9natrice Hanson a refus\u00e9 d\u2019enlever le v\u00eatement, entra\u00eenant la suspension des travaux de la chambre.<\/p>\n<blockquote data-class=\"twitter-tweet\">\n<p lang=\"en\" dir=\"ltr\">\\ud83d\\udea8BREAKING: After they blocked her motion on face coverings, Pauline Hanson walked into the Senate in a burqa.<\/p>\n<p>She made her point.<\/p>\n<p>And the usual suspects LOST THEIR MINDS. <a href=\"https:\/\/t.co\/IaRxd4jmMF\">pic.twitter.com\/IaRxd4jmMF<\/a><\/p>\n<p>\u2014 Avi Yemini (@OzraeliAvi) <a href=\"https:\/\/twitter.com\/OzraeliAvi\/status\/1992828127190634656?ref_src=twsrc%5Etfw\" target=\"_blank\" rel=\"noopener\">November 24, 2025<\/a><\/p><\/blockquote>\n<p>\u00ab\u00a0S\u00e9natrice raciste\u00a0!\u00a0\u00bb<\/p>\n<p>L\u2019acte, qui reproduisait une provocation d\u00e9j\u00e0 r\u00e9alis\u00e9e en 2017, a suscit\u00e9 une vive pol\u00e9mique et des accusations de racisme. \u00ab\u00a0Il s\u2019agit d\u2019une s\u00e9natrice raciste, faisant preuve d\u2019un racisme flagrant\u00a0\u00bb, a d\u00e9clar\u00e9 Mehreen Faruqi, s\u00e9natrice musulmane \u00e9cologiste de l\u2019\u00c9tat de Nouvelle-Galles du Sud.<\/p>\n<p>Fatima Payman, s\u00e9natrice musulmane ind\u00e9pendante de l\u2019\u00c9tat d\u2019Australie-Occidentale, a qualifi\u00e9 cette action de \u00ab\u00a0honteuse\u00a0\u00bb. Penny Wong, chef du gouvernement travailliste de centre-gauche au S\u00e9nat australien, et Anne Ruston, chef adjointe du groupe d\u2019opposition au S\u00e9nat, ont toutes deux condamn\u00e9 les agissements de Hanson. Mme Wong les a qualifi\u00e9s d\u2019\u00a0\u00bbindignes d\u2019un membre du S\u00e9nat australien\u00a0\u00bb\u00a0et a pr\u00e9sent\u00e9 une motion visant \u00e0 suspendre Hanson pour avoir refus\u00e9 d\u2019enlever son v\u00eatement.<\/p>\n<p>\u00a0<\/p>\n<p>\u00ab\u00a0Un p\u00e9ril pour notre s\u00e9curit\u00e9 nationale\u00a0\u00bb<\/p>\n<p>Sur Facebook, la s\u00e9natrice Hanson a indiqu\u00e9 que ses actions constituaient une protestation contre le rejet de sa motion. \u00ab\u00a0Donc, si le Parlement ne l\u2019interdit pas, j\u2019exhiberai ce couvre-chef oppressif, radical et non religieux qui met en p\u00e9ril notre s\u00e9curit\u00e9 nationale et le mauvais traitement des femmes, au sein m\u00eame de notre Parlement, afin que chaque Australien sache ce qui est en jeu.\u00a0S\u2019ils ne veulent pas que je la porte, qu\u2019ils interdisent le niqab\u00a0\u00bb<\/p>\n<p>Malgr\u00e9 les protestations des s\u00e9nateurs, le pr\u00e9sident du S\u00e9nat, Slade Brockman, a laiss\u00e9 le vote se poursuivre, rappelant que \u00ab\u00a0la tenue vestimentaire rel\u00e8ve de la conscience de chaque s\u00e9nateur\u00a0\u00bb.<\/p>\n<p>                                                                                                                                                                                                        <script async src=\"https:\/\/platform.twitter.com\/widgets.js\" charset=\"utf-8\"><\/script><\/p>\n","protected":false},"excerpt":{"rendered":"l&rsquo;essentiel R\u00e9agissant au refus du Parlement de l\u2019autoriser \u00e0 pr\u00e9senter un projet de loi sur l\u2019interdiction du port&hellip;\n","protected":false},"author":2,"featured_media":555237,"comment_status":"","ping_status":"","sticky":false,"template":"","format":"standard","meta":{"footnotes":""},"categories":[5],"tags":[11,1011,27,14,12,28],"class_list":{"0":"post-555236","1":"post","2":"type-post","3":"status-publish","4":"format-standard","5":"has-post-thumbnail","7":"category-international","8":"tag-actualites","9":"tag-fr","10":"tag-france","11":"tag-international","12":"tag-news","13":"tag-world"},"share_on_mastodon":{"url":"https:\/\/pubeurope.com\/@fr\/115604309242297592","error":""},"_links":{"self":[{"href":"https:\/\/www.europesays.com\/fr\/wp-json\/wp\/v2\/posts\/555236","targetHints":{"allow":["GET"]}}],"collection":[{"href":"https:\/\/www.europesays.com\/fr\/wp-json\/wp\/v2\/posts"}],"about":[{"href":"https:\/\/www.europesays.com\/fr\/wp-json\/wp\/v2\/types\/post"}],"author":[{"embeddable":true,"href":"https:\/\/www.europesays.com\/fr\/wp-json\/wp\/v2\/users\/2"}],"replies":[{"embeddable":true,"href":"https:\/\/www.europesays.com\/fr\/wp-json\/wp\/v2\/comments?post=555236"}],"version-history":[{"count":0,"href":"https:\/\/www.europesays.com\/fr\/wp-json\/wp\/v2\/posts\/555236\/revisions"}],"wp:featuredmedia":[{"embeddable":true,"href":"https:\/\/www.europesays.com\/fr\/wp-json\/wp\/v2\/media\/555237"}],"wp:attachment":[{"href":"https:\/\/www.europesays.com\/fr\/wp-json\/wp\/v2\/media?parent=555236"}],"wp:term":[{"taxonomy":"category","embeddable":true,"href":"https:\/\/www.europesays.com\/fr\/wp-json\/wp\/v2\/categories?post=555236"},{"taxonomy":"post_tag","embeddable":true,"href":"https:\/\/www.europesays.com\/fr\/wp-json\/wp\/v2\/tags?post=555236"}],"curies":[{"name":"wp","href":"https:\/\/api.w.org\/{rel}","templated":true}]}}