{"id":555238,"date":"2025-11-24T10:55:13","date_gmt":"2025-11-24T10:55:13","guid":{"rendered":"https:\/\/www.europesays.com\/fr\/555238\/"},"modified":"2025-11-24T10:55:13","modified_gmt":"2025-11-24T10:55:13","slug":"une-liste-de-personnalites-genocidaires-a-boycotter-publiee-par-un-professeur-cree-la-polemique","status":"publish","type":"post","link":"https:\/\/www.europesays.com\/fr\/555238\/","title":{"rendered":"Une liste de \u00ab\u00a0personnalit\u00e9s g\u00e9nocidaires \u00e0 boycotter\u00a0\u00bb publi\u00e9e par un professeur cr\u00e9\u00e9 la pol\u00e9mique"},"content":{"rendered":"<p>Une nouvelle pol\u00e9mique sur fond de soup\u00e7ons d\u2019<a href=\"https:\/\/www.20minutes.fr\/dossier\/antisemitisme\" class=\"c-link c-link--is-underlined\" target=\"_blank\" rel=\"noopener\">antis\u00e9mitisme<\/a> dans le <a href=\"https:\/\/www.20minutes.fr\/dossier\/rhone\" class=\"c-link c-link--is-underlined\" target=\"_blank\" rel=\"noopener\">Rh\u00f4ne<\/a>. Vendredi, la <a href=\"https:\/\/www.20minutes.fr\/dossier\/licra\" class=\"c-link c-link--is-underlined\" target=\"_blank\" rel=\"noopener\">Licra<\/a> a d\u00e9nonc\u00e9 sur ses <a href=\"https:\/\/www.20minutes.fr\/dossier\/reseaux_sociaux\" class=\"c-link c-link--is-underlined\" target=\"_blank\" rel=\"noopener\">r\u00e9seaux sociaux<\/a> une publication d\u2019un professeur d\u2019histoire m\u00e9di\u00e9vale, enseignant \u00e0 Lyon-2. \u00ab\u00a0On peut \u00eatre professeur d\u2019Histoire d\u2019universit\u00e9, se croire progressiste, et faire des listes comme on en faisait sous l\u2019Occupation\u00a0\u00bb, d\u00e9nonce l\u2019association.<\/p>\n<p>Dans le groupe <a href=\"https:\/\/www.20minutes.fr\/high-tech\/facebook\/\" class=\"c-link c-link--is-underlined\" target=\"_blank\" rel=\"noopener\">Facebook<\/a> public \u00ab\u00a0La Grande H\u00a0: Histoire &amp; id\u00e9es\u00a0\u00bb, le professeur Julien Th\u00e9ry a publi\u00e9 une liste de vingt noms parmi lesquels Yonathan Arfi, le pr\u00e9sident du Crif, l\u2019acteur et r\u00e9alisateur Yvan Attal, Rapha\u00ebl Enthoven, le dessinateur Joann Sfar ou encore l\u2019animateur <a href=\"https:\/\/www.20minutes.fr\/dossier\/arthur\" class=\"c-link c-link--is-underlined\" target=\"_blank\" rel=\"noopener\">Arthur.<\/a> Ces personnalit\u00e9s, de confession juive, sont pr\u00e9sent\u00e9es comme \u00ab\u00a0vingt g\u00e9nocidaires \u00e0 boycotter en toutes circonstances\u00a0\u00bb.<\/p>\n<\/p>\n<p>L\u2019universit\u00e9 condamne<\/p>\n<p>\u00ab\u00a0L\u2019appel au boycott de personnes physiques, c\u2019est de la provocation \u00e0 la discrimination et \u00e0 la violence\u00a0\u00bb, d\u00e9nonce la Licra, qui assure se tenir \u00ab\u00a0\u00e0 la disposition de chacune des personnes diffam\u00e9es pour les assister en justice\u00a0\u00bb. L\u2019affaire est remont\u00e9e jusqu\u2019au pr\u00e9sident LR de la r\u00e9gion Auvergne-Rh\u00f4ne-Alpes, <a href=\"https:\/\/www.20minutes.fr\/dossier\/laurent_wauquiez\" class=\"c-link c-link--is-underlined\" target=\"_blank\" rel=\"noopener\">Laurent Wauquiez<\/a>, qui a d\u00e9nonc\u00e9 sur X \u00ab\u00a0l\u2019antis\u00e9mitisme ordinaire d\u2019extr\u00eame gauche dans nos universit\u00e9s\u00a0\u00bb.<\/p>\n<p>L\u2019universit\u00e9 Lyon-2, contact\u00e9e par <a href=\"https:\/\/www.leprogres.fr\/education\/2025\/11\/23\/nouveau-derapage-a-lyon-2-un-professeur-affiche-une-liste-de-juifs-sur-les-reseaux-sociaux-des-genocidaires-a-boycotter\" rel=\"nofollow noopener\" target=\"_blank\" class=\"c-link c-link--is-underlined\">Le Progr\u00e8s<\/a>, assure condamner \u00ab\u00a0avec la plus grande fermet\u00e9 le contenu de cette publication, qui ne repr\u00e9sente aucunement notre universit\u00e9 ni les valeurs qu\u2019elle d\u00e9fend et transmet\u00a0\u00bb. \u00ab\u00a0Tout en reconnaissant \u00e0 ce coll\u00e8gue, qui n\u2019exerce aucune fonction de repr\u00e9sentation de notre \u00e9tablissement, un droit absolu d\u2019expression \u00e0 titre individuel et priv\u00e9, nous n\u2019en sommes pas moins tr\u00e8s choqu\u00e9s par un proc\u00e9d\u00e9 dont nous nous d\u00e9solidarisons compl\u00e8tement\u00a0\u00bb, poursuit l\u2019universit\u00e9, qui envisage \u00ab\u00a0des mesures\u00a0\u00bb.<\/p>\n<p>Le professeur se d\u00e9fend<\/p>\n<p>Le professeur incrimin\u00e9, Julien Th\u00e9ry, a d\u00e9nonc\u00e9 sur son compte <a href=\"https:\/\/www.20minutes.fr\/high-tech\/blue-sky\/\" class=\"c-link c-link--is-underlined\" target=\"_blank\" rel=\"noopener\">Bluesky<\/a> une \u00ab\u00a0capture d\u2019\u00e9cran falsifi\u00e9e\u00a0\u00bb publi\u00e9e par la Licra, en r\u00e9ponse \u00e0 un de ses articles publi\u00e9s chez Hors-S\u00e9rie, intitul\u00e9 \u00ab\u00a0L\u2019antis\u00e9mitisme de gauche, la grande fake news\u00a0\u00bb.<\/p>\n<blockquote class=\"bluesky-embed\" data-bluesky-uri=\"at:\/\/did:plc:ta3gspfuaeppvqnj6ac2q34e\/app.bsky.feed.post\/3m6ayvxxhh22b\" data-bluesky-cid=\"bafyreidcc2zo7ta7lghfsfze522qo7o4l2bzbdhcvswndbnhmceqj77n2y\">\n<p lang=\"fr\">L #Wauquiez embo\u00eete le pas \u00e0 une op\u00e9ration de la #LICRA destin\u00e9e sur la base d&rsquo;un capture d&rsquo;\u00e9cran soigneusement tronqu\u00e9e, \u00e0 r\u00e9pondre par la calomnie, \u00e0 mon article r\u00e9cent sur l&rsquo;histoire du pseudo antis\u00e9mitisme de gauche @Hors-serie.net. Il se pourrait aussi qu&rsquo;il ait d\u00e9j\u00e0 lu mon r\u00e9cent petit livre ?<\/p>\n<p>\u2014 <a href=\"https:\/\/bsky.app\/profile\/did:plc:ta3gspfuaeppvqnj6ac2q34e?ref_src=embed\" target=\"_blank\" rel=\"noopener\">Julien Th\u00e9ry (@julienthery.bsky.social)<\/a> <a href=\"https:\/\/bsky.app\/profile\/did:plc:ta3gspfuaeppvqnj6ac2q34e\/post\/3m6ayvxxhh22b?ref_src=embed\" target=\"_blank\" rel=\"noopener\">2025-11-22T23:59:18.952Z<\/a><\/p><\/blockquote>\n<p class=\"mb-xxl@xs color-ultramarine font-weight-semi-bold@xs font-source-serif-pro heading-s@xs\">L\u2019acc\u00e8s \u00e0 ce contenu a \u00e9t\u00e9 bloqu\u00e9 afin de respecter votre choix de consentement<\/p>\n<p class=\"mb-m@xs text-l@xs\">En cliquant sur\u00ab J\u2019accepte \u00bb, vous acceptez le d\u00e9p\u00f4t de cookies par des services externes et aurez ainsi acc\u00e8s aux contenus de nos partenaires.<\/p>\n<p class=\"mb-xl@xs text-s@xs\">Plus d\u2019informations sur la page<a href=\"https:\/\/www.20minutes.fr\/gestion-cookies\" class=\"mx-xxs@xs color-ultramarine\" target=\"_blank\" rel=\"noopener\">Politique de gestion des cookies<\/a><\/p>\n<p>J\u2019accepte<\/p>\n<p>Il indique que la \u00ab\u00a0liste\u00a0\u00bb dress\u00e9e a \u00e9t\u00e9 \u00ab\u00a0publi\u00e9e par les int\u00e9ress\u00e9s eux-m\u00eames dans le Figaro et relay\u00e9e partout\u00a0\u00bb. Il s\u2019agit des signataires d\u2019une lettre ouverte \u00e0 Emmanuel Macron mi-septembre, qui s\u2019opposaient \u00e0 la reconnaissance <a href=\"https:\/\/www.20minutes.fr\/monde\/4174202-20250919-reconnaissance-palestine-instances-personnalites-juives-somment-macron-poser-conditions\" class=\"c-link c-link--is-underlined\" target=\"_blank\" rel=\"noopener\">d\u2019un Etat palestinien \u00ab\u00a0sans conditions pr\u00e9alables\u00a0\u00bb<\/a>. Les noms publi\u00e9s par l\u2019enseignant \u00e9taient \u00e9galement assortis d\u2019une analyse de l\u2019autrice Sophie Tr\u00e9gan qui d\u00e9non\u00e7ait une \u00ab\u00a0lettre ouverte de la honte\u00a0\u00bb. Deux mentions qui n\u2019apparaissent pas dans la publication de la Licra.<\/p>\n<p>\u00ab\u00a0Il s\u2019agit d\u2019une tromperie visant \u00e0 faire croire que je me suis amus\u00e9 \u00e0 dresser une liste \u00e0 ma fantaisie, sans rapport avec quelque tribune ou texte que ce soit. De la belle ouvrage, pour lancer le harc\u00e8lement\u00a0\u00bb, a d\u00e9plor\u00e9 l\u2019universitaire sur son compte Facebook.<\/p>\n","protected":false},"excerpt":{"rendered":"Une nouvelle pol\u00e9mique sur fond de soup\u00e7ons d\u2019antis\u00e9mitisme dans le Rh\u00f4ne. Vendredi, la Licra a d\u00e9nonc\u00e9 sur ses&hellip;\n","protected":false},"author":2,"featured_media":555239,"comment_status":"","ping_status":"","sticky":false,"template":"","format":"standard","meta":{"footnotes":""},"categories":[4],"tags":[47,11,6155,2430,3259,26121,1011,27,664,19553,2428,12,25,2429,2431,104,5768],"class_list":{"0":"post-555238","1":"post","2":"type-post","3":"status-publish","4":"format-standard","5":"has-post-thumbnail","7":"category-france","8":"tag-actualite","9":"tag-actualites","10":"tag-antisemitisme","11":"tag-auvergne-rhone-alpes","12":"tag-conflit-israelo-palestinien","13":"tag-crif","14":"tag-fr","15":"tag-france","16":"tag-israel","17":"tag-licra","18":"tag-lyon","19":"tag-news","20":"tag-republique-francaise","21":"tag-rhone","22":"tag-rhone-alpes","23":"tag-societe","24":"tag-universite"},"share_on_mastodon":{"url":"https:\/\/pubeurope.com\/@fr\/115604312797048689","error":""},"_links":{"self":[{"href":"https:\/\/www.europesays.com\/fr\/wp-json\/wp\/v2\/posts\/555238","targetHints":{"allow":["GET"]}}],"collection":[{"href":"https:\/\/www.europesays.com\/fr\/wp-json\/wp\/v2\/posts"}],"about":[{"href":"https:\/\/www.europesays.com\/fr\/wp-json\/wp\/v2\/types\/post"}],"author":[{"embeddable":true,"href":"https:\/\/www.europesays.com\/fr\/wp-json\/wp\/v2\/users\/2"}],"replies":[{"embeddable":true,"href":"https:\/\/www.europesays.com\/fr\/wp-json\/wp\/v2\/comments?post=555238"}],"version-history":[{"count":0,"href":"https:\/\/www.europesays.com\/fr\/wp-json\/wp\/v2\/posts\/555238\/revisions"}],"wp:featuredmedia":[{"embeddable":true,"href":"https:\/\/www.europesays.com\/fr\/wp-json\/wp\/v2\/media\/555239"}],"wp:attachment":[{"href":"https:\/\/www.europesays.com\/fr\/wp-json\/wp\/v2\/media?parent=555238"}],"wp:term":[{"taxonomy":"category","embeddable":true,"href":"https:\/\/www.europesays.com\/fr\/wp-json\/wp\/v2\/categories?post=555238"},{"taxonomy":"post_tag","embeddable":true,"href":"https:\/\/www.europesays.com\/fr\/wp-json\/wp\/v2\/tags?post=555238"}],"curies":[{"name":"wp","href":"https:\/\/api.w.org\/{rel}","templated":true}]}}