{"id":55524,"date":"2025-04-26T23:31:09","date_gmt":"2025-04-26T23:31:09","guid":{"rendered":"https:\/\/www.europesays.com\/fr\/55524\/"},"modified":"2025-04-26T23:31:09","modified_gmt":"2025-04-26T23:31:09","slug":"previsions-du-dimanche-27-avril-2025-3","status":"publish","type":"post","link":"https:\/\/www.europesays.com\/fr\/55524\/","title":{"rendered":"pr\u00e9visions du dimanche 27 avril 2025"},"content":{"rendered":"<p>La journ\u00e9e de Strasbourg sera caract\u00e9ris\u00e9e par l&rsquo;apparition de nuages dans le ciel. Les valeurs s&rsquo;\u00e9chelonneront entre 8 et 17\u00b0C. Il va faire 12\u00b0C en moyenne le matin. Un petit vent de nord-est soufflera. On observera la pr\u00e9sence persistante de nuages l&rsquo;apr\u00e8s-midi. En revanche, les temp\u00e9ratures vont conna\u00eetre une hausse de quelques degr\u00e9s. Les maximales pourront atteindre 17\u00b0C et les minimales seront de 15\u00b0C. Des \u00e9claircies feront leur apparition dans la soir\u00e9e. Il fera en moyenne 13\u00b0C. Un ciel clair est pr\u00e9vu dans la nuit entre dimanche et lundi.<\/p>\n<p>Un beau soleil est attendu demain \u00e0 Strasbourg. C&rsquo;est une hausse de quelques degr\u00e9s que vont enregistrer les temp\u00e9ratures. Ces valeurs afficheront entre 8 et 20\u00b0C. Un vent de nord-est rafra\u00eechira un peu l&rsquo;atmosph\u00e8re. Le temps va se r\u00e9chauffer demain apr\u00e8s-midi avec une augmentation de plusieurs degr\u00e9s. Les valeurs s&rsquo;\u00e9chelonneront de 19 \u00e0 20\u00b0C. Demain soir, on anticipe des temp\u00e9ratures avoisinant 15\u00b0C.<\/p>\n<p>Les jours s&rsquo;encha\u00eenent et ne changent pas. Il va faire un temps assez ensoleill\u00e9 avec des temp\u00e9ratures d&rsquo;environ 17\u00b0C.<\/p>\n<p><\/p>\n","protected":false},"excerpt":{"rendered":"La journ\u00e9e de Strasbourg sera caract\u00e9ris\u00e9e par l&rsquo;apparition de nuages dans le ciel. Les valeurs s&rsquo;\u00e9chelonneront entre 8&hellip;\n","protected":false},"author":2,"featured_media":55525,"comment_status":"","ping_status":"","sticky":false,"template":"","format":"standard","meta":{"footnotes":""},"categories":[2820],"tags":[1111,11,2389,2649,1777,674,1011,27,775,12,2119,25,640],"class_list":{"0":"post-55524","1":"post","2":"type-post","3":"status-publish","4":"format-standard","5":"has-post-thumbnail","7":"category-strasbourg","8":"tag-actu","9":"tag-actualites","10":"tag-alsace","11":"tag-bas-rhin","12":"tag-eu","13":"tag-europe","14":"tag-fr","15":"tag-france","16":"tag-grand-est","17":"tag-news","18":"tag-previsions-meteo","19":"tag-republique-francaise","20":"tag-strasbourg"},"share_on_mastodon":{"url":"https:\/\/pubeurope.com\/@fr\/114406875770395945","error":""},"_links":{"self":[{"href":"https:\/\/www.europesays.com\/fr\/wp-json\/wp\/v2\/posts\/55524","targetHints":{"allow":["GET"]}}],"collection":[{"href":"https:\/\/www.europesays.com\/fr\/wp-json\/wp\/v2\/posts"}],"about":[{"href":"https:\/\/www.europesays.com\/fr\/wp-json\/wp\/v2\/types\/post"}],"author":[{"embeddable":true,"href":"https:\/\/www.europesays.com\/fr\/wp-json\/wp\/v2\/users\/2"}],"replies":[{"embeddable":true,"href":"https:\/\/www.europesays.com\/fr\/wp-json\/wp\/v2\/comments?post=55524"}],"version-history":[{"count":0,"href":"https:\/\/www.europesays.com\/fr\/wp-json\/wp\/v2\/posts\/55524\/revisions"}],"wp:featuredmedia":[{"embeddable":true,"href":"https:\/\/www.europesays.com\/fr\/wp-json\/wp\/v2\/media\/55525"}],"wp:attachment":[{"href":"https:\/\/www.europesays.com\/fr\/wp-json\/wp\/v2\/media?parent=55524"}],"wp:term":[{"taxonomy":"category","embeddable":true,"href":"https:\/\/www.europesays.com\/fr\/wp-json\/wp\/v2\/categories?post=55524"},{"taxonomy":"post_tag","embeddable":true,"href":"https:\/\/www.europesays.com\/fr\/wp-json\/wp\/v2\/tags?post=55524"}],"curies":[{"name":"wp","href":"https:\/\/api.w.org\/{rel}","templated":true}]}}