{"id":555240,"date":"2025-11-24T10:56:12","date_gmt":"2025-11-24T10:56:12","guid":{"rendered":"https:\/\/www.europesays.com\/fr\/555240\/"},"modified":"2025-11-24T10:56:12","modified_gmt":"2025-11-24T10:56:12","slug":"un-pompier-de-25-ans-decede-dans-un-important-carambolage-sur-la16","status":"publish","type":"post","link":"https:\/\/www.europesays.com\/fr\/555240\/","title":{"rendered":"un pompier de 25 ans d\u00e9c\u00e8de dans un important carambolage sur l&rsquo;A16"},"content":{"rendered":"<p>\u00c0 hauteur de Wimille (Pas-de-Calais), sur l&rsquo;autoroute A16, le carambolage de neuf v\u00e9hicules dans le sens Paris vers Dunkerque a fait une victime le 24 novembre 2025 : un pompier de 25 ans qui prenait sa garde.<\/p>\n<p>\n      L\u2019actu des r\u00e9gions\n    <\/p>\n<p>\n      Chaque jour, un tour d\u2019horizon des principales infos de toutes les r\u00e9gions.\n    <\/p>\n<p>    France T\u00e9l\u00e9visions utilise votre adresse e-mail afin de vous envoyer la newsletter \u00ab\u00a0L\u2019actu des r\u00e9gions\u00a0\u00bb. Vous pouvez vous d\u00e9sinscrire \u00e0 tout moment via le lien en bas de cette newsletter. <a target=\"_blank\" href=\"https:\/\/www.francetelevisions.fr\/groupe\/confidentialite\/politique-de-confidentialite\/politique-de-confidentialite-de-france-televisions-6503\" rel=\"noopener\">Notre politique de confidentialit\u00e9<\/a><\/p>\n<p>Les faits se sont d\u00e9roul\u00e9s non loin de la sortie n\u00b033 de l&rsquo;autoroute A16. Celle menant vers les communes de Wimereux et Wimille (Pas-de-Calais).<\/p>\n<p>Vers 6h40 ce 24 novembre 2025, un important carambolage a perturb\u00e9 la circulation sur l&rsquo;axe qui relie Paris \u00e0 Dunkerque. Neuf v\u00e9hicules l\u00e9gers ont \u00e9t\u00e9 pris au pi\u00e8ge de cet accident et l&rsquo;\u00e9v\u00e9nement fera une victime : un pompier de 25 ans du centre de secours de Marquise.<\/p>\n<p>Ce pompier \u00ab\u00a0se rendait \u00e0 sa garde\u00a0\u00bb communique un lieutenant du SDIS 62. \u00ab\u00a0Il s&rsquo;est arr\u00eat\u00e9 pour porter assistance\u00a0\u00bb \u00e0 un premier accident survenu sur l&rsquo;autoroute en raison des pluies de gr\u00eales qui se sont abattues sur le territoire. Mais un \u00ab\u00a0sur accident est survenu dans le sens inverse\u00a0\u00bb.<\/p>\n<p>Les circonstances exactes de son d\u00e9c\u00e8s doivent encore \u00eatre \u00e9claircies. Au total, 53 pompiers ont \u00e9t\u00e9 d\u00e9ploy\u00e9s sur les lieux.<\/p>\n","protected":false},"excerpt":{"rendered":"\u00c0 hauteur de Wimille (Pas-de-Calais), sur l&rsquo;autoroute A16, le carambolage de neuf v\u00e9hicules dans le sens Paris vers&hellip;\n","protected":false},"author":2,"featured_media":555241,"comment_status":"","ping_status":"","sticky":false,"template":"","format":"standard","meta":{"footnotes":""},"categories":[2],"tags":[11,1011,27,12],"class_list":{"0":"post-555240","1":"post","2":"type-post","3":"status-publish","4":"format-standard","5":"has-post-thumbnail","7":"category-actualites","8":"tag-actualites","9":"tag-fr","10":"tag-france","11":"tag-news"},"share_on_mastodon":{"url":"https:\/\/pubeurope.com\/@fr\/115604316789651993","error":""},"_links":{"self":[{"href":"https:\/\/www.europesays.com\/fr\/wp-json\/wp\/v2\/posts\/555240","targetHints":{"allow":["GET"]}}],"collection":[{"href":"https:\/\/www.europesays.com\/fr\/wp-json\/wp\/v2\/posts"}],"about":[{"href":"https:\/\/www.europesays.com\/fr\/wp-json\/wp\/v2\/types\/post"}],"author":[{"embeddable":true,"href":"https:\/\/www.europesays.com\/fr\/wp-json\/wp\/v2\/users\/2"}],"replies":[{"embeddable":true,"href":"https:\/\/www.europesays.com\/fr\/wp-json\/wp\/v2\/comments?post=555240"}],"version-history":[{"count":0,"href":"https:\/\/www.europesays.com\/fr\/wp-json\/wp\/v2\/posts\/555240\/revisions"}],"wp:featuredmedia":[{"embeddable":true,"href":"https:\/\/www.europesays.com\/fr\/wp-json\/wp\/v2\/media\/555241"}],"wp:attachment":[{"href":"https:\/\/www.europesays.com\/fr\/wp-json\/wp\/v2\/media?parent=555240"}],"wp:term":[{"taxonomy":"category","embeddable":true,"href":"https:\/\/www.europesays.com\/fr\/wp-json\/wp\/v2\/categories?post=555240"},{"taxonomy":"post_tag","embeddable":true,"href":"https:\/\/www.europesays.com\/fr\/wp-json\/wp\/v2\/tags?post=555240"}],"curies":[{"name":"wp","href":"https:\/\/api.w.org\/{rel}","templated":true}]}}