{"id":555242,"date":"2025-11-24T10:57:11","date_gmt":"2025-11-24T10:57:11","guid":{"rendered":"https:\/\/www.europesays.com\/fr\/555242\/"},"modified":"2025-11-24T10:57:11","modified_gmt":"2025-11-24T10:57:11","slug":"saint-etienne-il-degrade-des-vehicules-a-coups-de-pelle-dans-le-quartier-de-bellevue","status":"publish","type":"post","link":"https:\/\/www.europesays.com\/fr\/555242\/","title":{"rendered":"Saint-Etienne. Il d\u00e9grade des v\u00e9hicules \u00e0 coups de pelle dans le quartier de Bellevue"},"content":{"rendered":"<p>Dimanche peu apr\u00e8s 1 heure du matin, une patrouille de police, appel\u00e9e par des riverains, est intervenue rue Lisfranc dans le quartier de Bellevue \u00e0 Saint-Etienne.<\/p>\n<p>Les policiers ont interpell\u00e9 un homme de 35 ans, sans domicile fixe, en \u00e9tat d\u2019ivresse, qui \u00e9tait en train de d\u00e9grader des v\u00e9hicules avec une pelle \u00e0 neige.<\/p>\n<p>Vitres bris\u00e9es et objets vol\u00e9s<\/p>\n<p>Trois voitures ont vu leur vitre bris\u00e9e par le trentenaire, connu des services de police, qui en profitait \u00e9galement pour d\u00e9rober des objets dans les automobiles.<\/p>\n<p>Arr\u00eat\u00e9 puis plac\u00e9 en garde \u00e0 vue, l\u2019homme a fait l\u2019objet d\u2019une CRPC-COPJ (Comparution sur reconnaissance pr\u00e9alable de culpabilit\u00e9 &#8211; convocation par officier de police judiciaire).<\/p>\n","protected":false},"excerpt":{"rendered":"Dimanche peu apr\u00e8s 1 heure du matin, une patrouille de police, appel\u00e9e par des riverains, est intervenue rue&hellip;\n","protected":false},"author":2,"featured_media":555243,"comment_status":"","ping_status":"","sticky":false,"template":"","format":"standard","meta":{"footnotes":""},"categories":[9653],"tags":[1111,11,2430,271,272,7539,1777,674,274,1011,27,3367,12,25,4001,7538],"class_list":{"0":"post-555242","1":"post","2":"type-post","3":"status-publish","4":"format-standard","5":"has-post-thumbnail","7":"category-saint-etienne","8":"tag-actu","9":"tag-actualites","10":"tag-auvergne-rhone-alpes","11":"tag-crime","12":"tag-delit-et-contravention","13":"tag-edition-loire-sud","14":"tag-eu","15":"tag-europe","16":"tag-faits-divers-justice","17":"tag-fr","18":"tag-france","19":"tag-loire","20":"tag-news","21":"tag-republique-francaise","22":"tag-saint-etienne","23":"tag-saint-etienne-ville"},"share_on_mastodon":{"url":"https:\/\/pubeurope.com\/@fr\/115604320774991006","error":""},"_links":{"self":[{"href":"https:\/\/www.europesays.com\/fr\/wp-json\/wp\/v2\/posts\/555242","targetHints":{"allow":["GET"]}}],"collection":[{"href":"https:\/\/www.europesays.com\/fr\/wp-json\/wp\/v2\/posts"}],"about":[{"href":"https:\/\/www.europesays.com\/fr\/wp-json\/wp\/v2\/types\/post"}],"author":[{"embeddable":true,"href":"https:\/\/www.europesays.com\/fr\/wp-json\/wp\/v2\/users\/2"}],"replies":[{"embeddable":true,"href":"https:\/\/www.europesays.com\/fr\/wp-json\/wp\/v2\/comments?post=555242"}],"version-history":[{"count":0,"href":"https:\/\/www.europesays.com\/fr\/wp-json\/wp\/v2\/posts\/555242\/revisions"}],"wp:featuredmedia":[{"embeddable":true,"href":"https:\/\/www.europesays.com\/fr\/wp-json\/wp\/v2\/media\/555243"}],"wp:attachment":[{"href":"https:\/\/www.europesays.com\/fr\/wp-json\/wp\/v2\/media?parent=555242"}],"wp:term":[{"taxonomy":"category","embeddable":true,"href":"https:\/\/www.europesays.com\/fr\/wp-json\/wp\/v2\/categories?post=555242"},{"taxonomy":"post_tag","embeddable":true,"href":"https:\/\/www.europesays.com\/fr\/wp-json\/wp\/v2\/tags?post=555242"}],"curies":[{"name":"wp","href":"https:\/\/api.w.org\/{rel}","templated":true}]}}