{"id":555244,"date":"2025-11-24T10:58:13","date_gmt":"2025-11-24T10:58:13","guid":{"rendered":"https:\/\/www.europesays.com\/fr\/555244\/"},"modified":"2025-11-24T10:58:13","modified_gmt":"2025-11-24T10:58:13","slug":"sainte-city-run-place-chavanelle-a-saint-etienne","status":"publish","type":"post","link":"https:\/\/www.europesays.com\/fr\/555244\/","title":{"rendered":"Saint\u00e9 City Run place Chavanelle \u00e0 Saint-\u00c9tienne"},"content":{"rendered":"<p>Rendez-vous samedi 13 d\u00e9cembre 2025 place Chavanelle \u00e0 Saint-\u00c9tienne.<\/p>\n<p>La Saint\u00e9 City Run, c&rsquo;est tout simplement de la course \u00e0 pied en ville \u2026 Tr\u00e8s tendance, il y a une dizaine d&rsquo;ann\u00e9es avec de nombreuses \u00e9preuves (des classiques, des corridas&#8230;.) et puis toutes ces \u00e9preuves ont disparu ou presque. En 2025 sous une forme un peu diff\u00e9rente et surtout beaucoup plus festive (Son et lumi\u00e8res&#8230;) ces \u00e9v\u00e9nements au coeur des villes redeviennent incontournables, on les appelle souvent les \u00ab City&#8230; \u00bb et attirent de plus en plus d&rsquo;adeptes. <\/p>\n<p>Pourquoi un City Run \u00e0 Saint-\u00c9tienne ? D&rsquo;abord, le profil de la commune est id\u00e9al avec des parcours vari\u00e9s : De nombreuses rues pi\u00e9tonnes, des ruelles, des places&#8230; Des parcours qui surprendront par leurs diversit\u00e9s. Ensuite, la ville de Saint Etienne est une ville dynamique et sportive qui se doit d&rsquo;avoir un \u00e9v\u00e9nement d&rsquo;envergure nationale. <\/p>\n<p>La course reste en centre-ville, les d\u00e9parts et arriv\u00e9es sont sur la Place Chavanelle.  <\/p>\n<p>Rendez-vous samedi 13 d\u00e9cembre 2025 place Chavanelle \u00e0 Saint-\u00c9tienne<\/p>\n<p>Infos pratiques :<br \/>&#8211; Adresse : Pl. Chavanelle, 42000 Saint-\u00c9tienne. <br \/>&#8211; Tarif varie en fonction de la course<\/p>\n<p>Plus d&rsquo;infos et inscription sur le site <a class=\"url\" href=\"https:\/\/www.saintecityrun.com\/\" target=\"_blank\" rel=\"noopener\">saintecityrun.com<\/a>.<\/p>\n<p>Radio SCOOP est partenaire de l&rsquo;\u00e9v\u00e8nement<\/p>\n<tr>\n<td class=\"defaut\"><a href=\"https:\/\/www.radioscoop.com\/agenda\/javascript:void(0)\" onclick=\"parent.RS.diaporama.addMedia(716539) ;\" target=\"_blank\" rel=\"noopener\"><img loading=\"lazy\" decoding=\"async\" src=\"https:\/\/www.europesays.com\/fr\/wp-content\/uploads\/2025\/11\/1763981893_247_img\" width=\"453\" height=\"640\" border=\"0\" title=\"Saint\u00e9 City Run place Chavanelle \u00e0 Saint-\u00c9tienne\"\/><\/a><\/td>\n<\/tr>\n<p><\/p>\n","protected":false},"excerpt":{"rendered":"Rendez-vous samedi 13 d\u00e9cembre 2025 place Chavanelle \u00e0 Saint-\u00c9tienne. La Saint\u00e9 City Run, c&rsquo;est tout simplement de la&hellip;\n","protected":false},"author":2,"featured_media":555245,"comment_status":"","ping_status":"","sticky":false,"template":"","format":"standard","meta":{"footnotes":""},"categories":[9653],"tags":[1111,11,2430,67282,1777,674,1011,27,12,25,4001,6187,29644],"class_list":{"0":"post-555244","1":"post","2":"type-post","3":"status-publish","4":"format-standard","5":"has-post-thumbnail","7":"category-saint-etienne","8":"tag-actu","9":"tag-actualites","10":"tag-auvergne-rhone-alpes","11":"tag-course-de-nuit","12":"tag-eu","13":"tag-europe","14":"tag-fr","15":"tag-france","16":"tag-news","17":"tag-republique-francaise","18":"tag-saint-etienne","19":"tag-trail","20":"tag-trail-urbain"},"share_on_mastodon":{"url":"https:\/\/pubeurope.com\/@fr\/115604326276267835","error":""},"_links":{"self":[{"href":"https:\/\/www.europesays.com\/fr\/wp-json\/wp\/v2\/posts\/555244","targetHints":{"allow":["GET"]}}],"collection":[{"href":"https:\/\/www.europesays.com\/fr\/wp-json\/wp\/v2\/posts"}],"about":[{"href":"https:\/\/www.europesays.com\/fr\/wp-json\/wp\/v2\/types\/post"}],"author":[{"embeddable":true,"href":"https:\/\/www.europesays.com\/fr\/wp-json\/wp\/v2\/users\/2"}],"replies":[{"embeddable":true,"href":"https:\/\/www.europesays.com\/fr\/wp-json\/wp\/v2\/comments?post=555244"}],"version-history":[{"count":0,"href":"https:\/\/www.europesays.com\/fr\/wp-json\/wp\/v2\/posts\/555244\/revisions"}],"wp:featuredmedia":[{"embeddable":true,"href":"https:\/\/www.europesays.com\/fr\/wp-json\/wp\/v2\/media\/555245"}],"wp:attachment":[{"href":"https:\/\/www.europesays.com\/fr\/wp-json\/wp\/v2\/media?parent=555244"}],"wp:term":[{"taxonomy":"category","embeddable":true,"href":"https:\/\/www.europesays.com\/fr\/wp-json\/wp\/v2\/categories?post=555244"},{"taxonomy":"post_tag","embeddable":true,"href":"https:\/\/www.europesays.com\/fr\/wp-json\/wp\/v2\/tags?post=555244"}],"curies":[{"name":"wp","href":"https:\/\/api.w.org\/{rel}","templated":true}]}}