{"id":555252,"date":"2025-11-24T11:04:14","date_gmt":"2025-11-24T11:04:14","guid":{"rendered":"https:\/\/www.europesays.com\/fr\/555252\/"},"modified":"2025-11-24T11:04:14","modified_gmt":"2025-11-24T11:04:14","slug":"toulon-le-tournage-dune-serie-tele-a-debute-sur-le-porte-avions-charles-de-gaulle","status":"publish","type":"post","link":"https:\/\/www.europesays.com\/fr\/555252\/","title":{"rendered":"Toulon : le tournage d&rsquo;une s\u00e9rie t\u00e9l\u00e9 a d\u00e9but\u00e9 sur le porte-avions Charles-de-Gaulle"},"content":{"rendered":"<p>                                            Culture\n                                                                            <\/p>\n<p>\n                                            Le porte-avions Charles de Gaulle est au c\u0153ur de l&rsquo;intrigue d&rsquo;une nouvelle s\u00e9rie fran\u00e7aise, Le Charles. Elle sera diffus\u00e9e en 2026 sur Prime Vid\u00e9o puis M6.                                        <\/p>\n<p>                                                Publi\u00e9 le 24 novembre 2025 \u00e0 11h37                                                                                            <\/p>\n<p>                                            <img loading=\"lazy\" width=\"744\" height=\"494\" src=\"https:\/\/www.europesays.com\/fr\/wp-content\/uploads\/2025\/11\/charles_de_gaullecsipa.jpg\" class=\"attachment-post-thumbnail size-post-thumbnail wp-post-image\" alt=\"Le porte-avions Charles de Gaulle est au c\u0153ur de l'intrigue d'une nouvelle s\u00e9rie fran\u00e7aise. \u00a9 Photo d'illustration SIPA\" decoding=\"async\"  \/><\/p>\n<p>                                            Le porte-avions Charles de Gaulle est au c\u0153ur de l&rsquo;intrigue d&rsquo;une nouvelle s\u00e9rie fran\u00e7aise. \u00a9 Photo d&rsquo;illustration SIPA<\/p>\n<p>Le tournage vient de commencer, au large de Toulon, dans le Var. Le porte-avions Charles de Gaulle sera la vedette principale d\u2019une nouvelle s\u00e9rie t\u00e9l\u00e9vis\u00e9e fran\u00e7aise, Le Charles, <a href=\"https:\/\/www.opex360.com\/2025\/11\/22\/le-porte-avions-charles-de-gaulle-va-etre-la-vedette-dune-serie-televisee\/\" target=\"_blank\" rel=\"nofollow noopener\">comme le relaie le site Zone militaire<\/a>. En six \u00e9pisodes, elle sera diffus\u00e9e courant 2026 sur la plateforme Prime Vid\u00e9o, puis dans un second temps sur M6.<\/p>\n<p><a href=\"https:\/\/www.valeursactuelles.com\/societe\/ca-peut-deraper-a-tout-moment-pourquoi-la-marine-plaide-pour-un-second-porte-avions-face-a-la-menace-russe\" class=\"h-flex h-align-items-center h-border-tb h-ptb-15\" target=\"_blank\" rel=\"noopener\">A\u00a0LIRE\u00a0\u00ab \u00c7a peut d\u00e9raper \u00e0 tout moment \u00bb\u2026 Pourquoi la marine plaide pour un second porte-avions face \u00e0 la menace russe<\/a><\/p>\n<p>Depuis le mardi 18 novembre, les \u00e9quipes de la s\u00e9rie \u2013 r\u00e9alis\u00e9e par Julien Despaux et produite par Next Episode \u2013 s\u2019activent entre plusieurs villes de la m\u00e9tropole, et au sein m\u00eame du b\u00e2timent de la Marine nationale. Au casting, des noms comme Alban Lenoir, Patrick Mille, Jacques Gamblin ou encore Constance Labb\u00e9.<\/p>\n<p>Une \u00ab\u00a0mission cin\u00e9ma\u00a0\u00bb d\u00e9but\u00e9e en 2016<\/p>\n<p>L\u2019intrigue nous plonge dans <a href=\"https:\/\/www.valeursactuelles.com\/societe\/ca-peut-deraper-a-tout-moment-pourquoi-la-marine-plaide-pour-un-second-porte-avions-face-a-la-menace-russe\" target=\"_blank\" rel=\"noopener\">le porte-avions Charles de Gaulle<\/a>, qui \u00ab\u00a0vient d\u2019appareiller pour une mission strat\u00e9gique en M\u00e9diterran\u00e9e orientale, o\u00f9 la situation est explosive. Mais peu apr\u00e8s le d\u00e9part, une femme de l\u2019\u00e9quipage est retrouv\u00e9e morte et une autre port\u00e9e disparue. Malgr\u00e9 le danger, l\u2019op\u00e9ration se poursuit et un enqu\u00eateur militaire est d\u00e9p\u00each\u00e9 en urgence \u00e0 bord. Quand une nouvelle victime est d\u00e9couverte, le \u2018Charles\u2019, v\u00e9ritable ville flottante de 1 800 hommes et 240 femmes, devient un pi\u00e8ge o\u00f9 un tueur, les tensions et les \u00e9v\u00e9nements vont mettre en p\u00e9ril l\u2019\u00e9quipage et peut-\u00eatre m\u00eame le pays\u00a0\u00bb.<\/p>\n<p><a href=\"https:\/\/www.valeursactuelles.com\/societe\/porte-avions-nouvelle-generation-dissuasion-nucleaire-comment-larmee-francaise-va-depenser-ses-505-milliards-deuros-de-budget\" class=\"h-flex h-align-items-center h-border-tb h-ptb-15\" target=\"_blank\" rel=\"noopener\">A\u00a0LIRE\u00a0Porte-avions nouvelle g\u00e9n\u00e9ration, dissuasion nucl\u00e9aire\u2026 Comment l\u2019Arm\u00e9e fran\u00e7aise va d\u00e9penser ses 50,5 milliards d\u2019euros de budget<\/a><\/p>\n<p>Comme le rappelle Zone militaire, <a href=\"https:\/\/www.valeursactuelles.com\/societe\/defense-le-chantier-du-nouveau-porte-avion-francais-se-precise\" target=\"_blank\" rel=\"noopener\">le minist\u00e8re des Arm\u00e9es<\/a> s\u2019est dot\u00e9 d\u2019une \u00ab\u00a0mission cin\u00e9ma\u00a0\u00bb en 2016, justifiant que le petit et le grand \u00e9cran pouvaient \u00eatre un \u00ab\u00a0vecteur puissant de rayonnement\u00a0\u00bb tout en repr\u00e9sentant \u00ab\u00a0un outil potentiel de sensibilisation, par l\u2019\u00e9vocation des enjeux strat\u00e9giques, des op\u00e9rations men\u00e9es et de la communaut\u00e9 de D\u00e9fense et de recrutement\u00a0\u00bb.<\/p>\n","protected":false},"excerpt":{"rendered":"Culture Le porte-avions Charles de Gaulle est au c\u0153ur de l&rsquo;intrigue d&rsquo;une nouvelle s\u00e9rie fran\u00e7aise, Le Charles. Elle&hellip;\n","protected":false},"author":2,"featured_media":555253,"comment_status":"","ping_status":"","sticky":false,"template":"","format":"standard","meta":{"footnotes":""},"categories":[9619],"tags":[1111,11,1777,674,1011,27,16305,567,12,65655,882,25,521,252,2310],"class_list":{"0":"post-555252","1":"post","2":"type-post","3":"status-publish","4":"format-standard","5":"has-post-thumbnail","7":"category-toulon","8":"tag-actu","9":"tag-actualites","10":"tag-eu","11":"tag-europe","12":"tag-fr","13":"tag-france","14":"tag-general-de-gaulle","15":"tag-marine-nationale","16":"tag-news","17":"tag-porte-avion","18":"tag-provence-alpes-cote-dazur","19":"tag-republique-francaise","20":"tag-serie","21":"tag-television","22":"tag-toulon"},"share_on_mastodon":{"url":"https:\/\/pubeurope.com\/@fr\/115604349051428142","error":""},"_links":{"self":[{"href":"https:\/\/www.europesays.com\/fr\/wp-json\/wp\/v2\/posts\/555252","targetHints":{"allow":["GET"]}}],"collection":[{"href":"https:\/\/www.europesays.com\/fr\/wp-json\/wp\/v2\/posts"}],"about":[{"href":"https:\/\/www.europesays.com\/fr\/wp-json\/wp\/v2\/types\/post"}],"author":[{"embeddable":true,"href":"https:\/\/www.europesays.com\/fr\/wp-json\/wp\/v2\/users\/2"}],"replies":[{"embeddable":true,"href":"https:\/\/www.europesays.com\/fr\/wp-json\/wp\/v2\/comments?post=555252"}],"version-history":[{"count":0,"href":"https:\/\/www.europesays.com\/fr\/wp-json\/wp\/v2\/posts\/555252\/revisions"}],"wp:featuredmedia":[{"embeddable":true,"href":"https:\/\/www.europesays.com\/fr\/wp-json\/wp\/v2\/media\/555253"}],"wp:attachment":[{"href":"https:\/\/www.europesays.com\/fr\/wp-json\/wp\/v2\/media?parent=555252"}],"wp:term":[{"taxonomy":"category","embeddable":true,"href":"https:\/\/www.europesays.com\/fr\/wp-json\/wp\/v2\/categories?post=555252"},{"taxonomy":"post_tag","embeddable":true,"href":"https:\/\/www.europesays.com\/fr\/wp-json\/wp\/v2\/tags?post=555252"}],"curies":[{"name":"wp","href":"https:\/\/api.w.org\/{rel}","templated":true}]}}