{"id":55526,"date":"2025-04-26T23:32:11","date_gmt":"2025-04-26T23:32:11","guid":{"rendered":"https:\/\/www.europesays.com\/fr\/55526\/"},"modified":"2025-04-26T23:32:11","modified_gmt":"2025-04-26T23:32:11","slug":"montrer-mon-engagement-dans-la-duree-liam-rosenior-prolonge-au-rc-strasbourg-jusquen","status":"publish","type":"post","link":"https:\/\/www.europesays.com\/fr\/55526\/","title":{"rendered":"\u00ab\u00a0Montrer mon engagement dans la dur\u00e9e\u00a0\u00bb\u00a0: Liam Rosenior prolonge au RC Strasbourg jusqu\u2019en"},"content":{"rendered":"<p>L\u2019entra\u00eeneur de Strasbourg Liam Rosenior a dit ce samedi 26\u00a0avril en conf\u00e9rence de presse <strong>\u00ab\u00a0sa fiert\u00e9\u00a0\u00bb<\/strong> d\u2019avoir prolong\u00e9 la veille d\u2019une saison son contrat avec le club alsacien, jusqu\u2019en 2028, <a href=\"https:\/\/maubeuge.maville.com\/sport\/detail_-ligue-1.-strasbourg-se-rapproche-de-la-ligue-des-champions-en-coulant-saint-etienne-_54135-6782085_actu.Htm\" target=\"_blank\" rel=\"nofollow noopener\">apr\u00e8s la victoire (3-1) obtenue contre Saint-Etienne<\/a>, lors de la 31e journ\u00e9e de L1. <strong>\u00ab\u00a0J\u2019ai sign\u00e9 avec le pr\u00e9sident Marc Keller hier soir. C\u2019est incroyable pour moi et ma famille, je suis fier. Il y avait pas mal de sp\u00e9culations mais ce n\u2019\u00e9tait que des mots. C\u2019est important pour moi de montrer mon engagement dans la dur\u00e9e aupr\u00e8s du groupe et du club. C\u2019\u00e9tait une d\u00e9cision facile \u00e0 prendre pour moi \u00e0 partir du moment o\u00f9 tu te plais dans un endroit\u00a0\u00bb<\/strong>, a expliqu\u00e9 le technicien anglais.<\/p>\n<p>\u00ab\u00a0Quand je suis arriv\u00e9 en France, les gens riaient\u00a0\u00bb<\/p>\n<p>M\u00e9connu du football fran\u00e7ais, le Britannique de 40\u00a0ans a quitt\u00e9 l\u2019\u00e9t\u00e9 dernier la deuxi\u00e8me division anglaise (Hull City) pour la L1. Il a rapidement su imposer un style de jeu offensif et f\u00e9d\u00e9rer une armada de jeunes joueurs talentueux qui \u00e0 trois journ\u00e9es de la fin peuvent esp\u00e9rer sereinement une qualification europ\u00e9enne. <strong>\u00ab\u00a0Je me souviens quand je suis arriv\u00e9 \u00e0 France. Les gens riaient. Ils disaient qu\u2019ils ne savaient pas qui j\u2019\u00e9tais. \u00c7a vous motive pour bien faire. Le travail n\u2019est pas fini. Il y a encore de belles choses devant nous\u00a0\u00bb<\/strong>, a ajout\u00e9 le successeur de Patrick Vieira.<\/p>\n<p>Depuis d\u00e9cembre, les Strasbourgeois n\u2019ont perdu qu\u2019une seule rencontre (Rennes, 1-0 en f\u00e9vrier) en 18\u00a0matches et restent sur une s\u00e9rie de onze rencontres sans d\u00e9faite (8\u00a0victoires et 3\u00a0nuls) apr\u00e8s leur solide succ\u00e8s (3-1) contre Saint-Etienne samedi. <strong>\u00ab\u00a0Je suis tr\u00e8s content de notre performance ce soir. On a \u00e9t\u00e9 patients ce n\u2019\u00e9tait pas facile mais je suis content de l\u2019\u00e9tat d\u2019esprit de l\u2019\u00e9quipe. On doit d\u00e9j\u00e0 mettre cela derri\u00e8re nous et d\u00e8s lundi nous concentrer pour la venue de Paris\u00a0\u00bb<\/strong> samedi prochain, a ajout\u00e9 le quadrag\u00e9naire.<\/p>\n<p>Cinqui\u00e8me de la L1 (54\u00a0pts) Strasbourg peut m\u00eame <a href=\"https:\/\/rennes.maville.com\/sport\/detail_-ligue-1.-a-quatre-journees-de-la-fin-nos-favoris-pour-la-course-a-la-ligue-des-champions-_54135-6779900_actu.Htm\" target=\"_blank\" rel=\"nofollow noopener\">r\u00eaver d\u2019une qualification en Ligue des champions.<\/a> Il devra pour cela affronter le Paris SG \u00e0 la Meinau, avant de se d\u00e9placer \u00e0 Angers et de cl\u00f4turer face au Havre \u00e0 domicile.<\/p>\n<p>\u00a0<\/p>\n","protected":false},"excerpt":{"rendered":"L\u2019entra\u00eeneur de Strasbourg Liam Rosenior a dit ce samedi 26\u00a0avril en conf\u00e9rence de presse \u00ab\u00a0sa fiert\u00e9\u00a0\u00bb d\u2019avoir prolong\u00e9&hellip;\n","protected":false},"author":2,"featured_media":55527,"comment_status":"","ping_status":"","sticky":false,"template":"","format":"standard","meta":{"footnotes":""},"categories":[2820],"tags":[1111,11,3809,1465,1777,674,63,1011,27,775,1792,1922,12,25,479,3728,517,640,1470],"class_list":{"0":"post-55526","1":"post","2":"type-post","3":"status-publish","4":"format-standard","5":"has-post-thumbnail","7":"category-strasbourg","8":"tag-actu","9":"tag-actualites","10":"tag-ball","11":"tag-basket","12":"tag-eu","13":"tag-europe","14":"tag-football","15":"tag-fr","16":"tag-france","17":"tag-grand-est","18":"tag-handball","19":"tag-info","20":"tag-news","21":"tag-republique-francaise","22":"tag-rugby","23":"tag-saint-malo","24":"tag-sport","25":"tag-strasbourg","26":"tag-volley"},"share_on_mastodon":{"url":"https:\/\/pubeurope.com\/@fr\/114406879572460501","error":""},"_links":{"self":[{"href":"https:\/\/www.europesays.com\/fr\/wp-json\/wp\/v2\/posts\/55526","targetHints":{"allow":["GET"]}}],"collection":[{"href":"https:\/\/www.europesays.com\/fr\/wp-json\/wp\/v2\/posts"}],"about":[{"href":"https:\/\/www.europesays.com\/fr\/wp-json\/wp\/v2\/types\/post"}],"author":[{"embeddable":true,"href":"https:\/\/www.europesays.com\/fr\/wp-json\/wp\/v2\/users\/2"}],"replies":[{"embeddable":true,"href":"https:\/\/www.europesays.com\/fr\/wp-json\/wp\/v2\/comments?post=55526"}],"version-history":[{"count":0,"href":"https:\/\/www.europesays.com\/fr\/wp-json\/wp\/v2\/posts\/55526\/revisions"}],"wp:featuredmedia":[{"embeddable":true,"href":"https:\/\/www.europesays.com\/fr\/wp-json\/wp\/v2\/media\/55527"}],"wp:attachment":[{"href":"https:\/\/www.europesays.com\/fr\/wp-json\/wp\/v2\/media?parent=55526"}],"wp:term":[{"taxonomy":"category","embeddable":true,"href":"https:\/\/www.europesays.com\/fr\/wp-json\/wp\/v2\/categories?post=55526"},{"taxonomy":"post_tag","embeddable":true,"href":"https:\/\/www.europesays.com\/fr\/wp-json\/wp\/v2\/tags?post=55526"}],"curies":[{"name":"wp","href":"https:\/\/api.w.org\/{rel}","templated":true}]}}