{"id":555260,"date":"2025-11-24T11:12:34","date_gmt":"2025-11-24T11:12:34","guid":{"rendered":"https:\/\/www.europesays.com\/fr\/555260\/"},"modified":"2025-11-24T11:12:34","modified_gmt":"2025-11-24T11:12:34","slug":"hockey-sur-glace-coupe-de-france-8e-de-finale-cetaient-des-super-annees-confie-le-gardien-spinalien-antoine-bonvalot-a-propos-de-grenoble-ou-il-a-ete-forme","status":"publish","type":"post","link":"https:\/\/www.europesays.com\/fr\/555260\/","title":{"rendered":"Hockey sur glace &#8211; Coupe de France (8e de finale). \u00ab\u00a0C\u2019\u00e9taient des super ann\u00e9es\u00a0\u00bb, confie le gardien spinalien Antoine Bonvalot \u00e0 propos de Grenoble o\u00f9 il a \u00e9t\u00e9 form\u00e9"},"content":{"rendered":"<p>   Epinal &#8211; Grenoble Mardi (20\u00a0h\u00a015) <\/p>\n<p><strong>Par quel biais, vous le jeune joueur d\u2019Epinal, avez-vous d\u00e9barqu\u00e9 au centre de formation de Grenoble, l\u2019un des tout meilleurs en France\u00a0?<\/strong><\/p>\n<p>\u00ab\u00a0Je sortais du U15 et j\u2019allais entrer en U18. Il y avait des journ\u00e9es de d\u00e9tection. J\u2019y \u00e9tais all\u00e9 et cela s\u2019\u00e9tait bien pass\u00e9. Il y avait eu un bon \u00e9change avec le staff. Cela s\u2019est fait tr\u00e8s rapidement. Ce sont mes parents qui avaient g\u00e9r\u00e9 l\u2019organisation. <a href=\"https:\/\/www.vosgesmatin.fr\/sport\/2022\/04\/18\/le-gardien-de-but-antoine-bonvalot-revient-a-epinal\" target=\"_blank\" rel=\"noopener\">J\u2019avais 15 ans et je sentais que c\u2019\u00e9tait le moment de partir d\u2019Epinal.<\/a> \u00a0\u00bb<\/p>\n<p><strong>Cela a d\u00fb \u00eatre un changement radical\u2026<\/strong><\/p>\n<p>\u00ab\u00a0On avait des appartements individuels et des responsabilit\u00e9s d\u2019adulte sans l\u2019\u00eatre. On habitait dans le centre de formation du FC Grenoble rugby. On \u00e9tait trois joueurs de l\u2019ext\u00e9rieur avec Louis Roy et Vincent Llorca. On se faisait nos courses et \u00e0 manger et nos devoirs. Tout \u00e7a en autonomie. C\u2019\u00e9tait une p\u00e9riode un peu difficile mais \u00e7a forge la personnalit\u00e9. Je n\u2019ai aucun regret.\u00a0\u00bb<\/p>\n<p><strong>Dans quel \u00e9tat d\u2019esprit avez-vous d\u00e9barqu\u00e9 dans ce nouvel univers, sorte de tremplin vers le tr\u00e8s haut niveau\u00a0?<\/strong><\/p>\n<p>\u00ab\u00a0J\u2019avais des objectifs et des r\u00eaves en t\u00eate. Je ne me posais pas questions. Il y avait une grosse partie hockey et une autre sociale, d\u00e9veloppement personnel et scolaire que j\u2019ai beaucoup appr\u00e9ci\u00e9e. Je me suis fait des amis tr\u00e8s cher l\u00e0-bas. On m\u2019avait annonc\u00e9 que j\u2019allais \u00eatre back-up en U18 derri\u00e8re Anthony Koren qui \u00e9tait meilleur et qui avait deux ans de plus. Je l\u2019ai accept\u00e9. Sans viser trop haut, ni vouloir le d\u00e9passer cela s\u2019est fait tout seul avec la confiance du staff. Ils sont assez patients avec les joueurs qui viennent de l\u2019ext\u00e9rieur. Ils prenaient soin de nous avec des adultes r\u00e9f\u00e9rents incroyables. Mon insouciance m\u2019a aid\u00e9 \u00e0 me d\u00e9velopper. Je me suis \u00e9panoui en tant que gardien.\u00a0\u00bb<\/p>\n<p>  \u00ab\u00a0Quand j\u2019ai vu le tirage, Je me suis dit putain \u00e7a fait ch\u2026\u00a0\u00bb<\/p>\n<p><strong>Votre quotidien n\u2019\u00e9tait pas de tout repos, pouvez-vous en d\u00e9tailler le contenu\u00a0?<\/strong><\/p>\n<p>\u00ab\u00a0Au centre de formation, il y avait deux entra\u00eenements par semaine les matins et tous les soirs ceux d\u2019\u00e9quipe. Il y avait une \u00e9norme charge de travail. Moi je faisais U18 et U20. Il y avait en plus 1\u00a0h\u00a030 de musculation. On avait des emplois du temps am\u00e9nag\u00e9s. Je me suis rendu compte que c\u2019\u00e9tait difficile de tout concilier. C\u2019est un peu mon regret car j\u2019aimais beaucoup l\u2019\u00e9cole avant de partir. Heureusement, les professeurs \u00e9taient tr\u00e8s compr\u00e9hensifs. Petit \u00e0 petit, je me suis concentr\u00e9 sur le hockey en mettant un peu l\u2019\u00e9cole de c\u00f4t\u00e9.\u00a0\u00bb<\/p>\n<p><strong>Vous \u00eates parvenu \u00e0 monter la marche ultime vers l\u2019\u00e9quipe fanion, un privil\u00e8ge qui n\u2019est pas donn\u00e9 \u00e0 tout le monde\u2026<\/strong><\/p>\n<p>\u00ab\u00a0C\u2019est tr\u00e8s dur. Je suis tr\u00e8s heureux d\u2019avoir rapidement fait partie de l\u2019\u00e9quipe pro. J\u2018ai eu la chance de c\u00f4toyer des joueurs incroyables. La premi\u00e8re ann\u00e9e, mes voisins de vestiaire \u00e9taient Yorick Treille et Baptiste Amar. C\u2019\u00e9tait sympa \u00e0 17, 18 ans. Cela m\u2019a beaucoup apport\u00e9. J\u2019ai fait deux saisons de suite. <a href=\"https:\/\/www.eliteprospects.com\/player\/99210\/antoine-bonvalot\" target=\"_blank\" rel=\"noopener\">Apr\u00e8s je suis parti une saison \u00e0 Brian\u00e7on et une autre \u00e0 Brest pour avoir du temps de jeu.<\/a> Puis je suis revenu pour faire trois ans en doublette avec Lukas Horak qui \u00e9tait un cran au-dessus. La Magnus venait de passer \u00e0 44 matchs, Grenoble avait besoin d\u2019un deuxi\u00e8me gardien capable de jouer. C\u2019\u00e9taient des super ann\u00e9es.\u00a0\u00bb<\/p>\n<p><strong>Par rapport \u00e0 votre \u00e9poque, Grenoble a pris une ampleur consid\u00e9rable dans tous les domaines, quel regard portez-vous sur cette \u00e9volution\u00a0?<\/strong><\/p>\n<p>\u00ab\u00a0Depuis que Jacques Reboh a pris la pr\u00e9sidence, cela a d\u00e9cupl\u00e9 les forces sportivement et financi\u00e8rement. Les joueurs sont dans d\u2019excellentes conditions. De la premi\u00e8re \u00e0 la quatri\u00e8me ligne, il n\u2018y a pas \u00e9norm\u00e9ment de diff\u00e9rence. C\u2019est tr\u00e8s impressionnant ce qu\u2019ils ont fait en Ligue des Champions.\u00a0\u00bb<\/p>\n<p><strong>On imagine que c\u2019est une rencontre que vous auriez aim\u00e9 jouer et allez-vous croiser des joueurs qui \u00e9taient vos \u00e9quipiers\u00a0?<\/strong><\/p>\n<p>\u00ab\u00a0Il y a encore Sacha Treille, Guillaume Leclerc et Pierre Crinon avec qui j\u2019ai beaucoup jou\u00e9. <a href=\"https:\/\/www.vosgesmatin.fr\/sport\/2025\/10\/27\/le-gardien-loic-fine-arrive-en-renfort-chez-les-wildcats-d-epinal-qui-ont-tire-le-gros-lot-en-coupe-de-france-avec-grenoble\" target=\"_blank\" rel=\"noopener\">Quand j\u2019ai vu le tirage, je me suis dit putain \u00e7a fait ch\u2026<\/a> Mais c\u2019est comme \u00e7a. Je vais le vivre de l\u2019ext\u00e9rieur. Cela va \u00eatre un beau challenge pour l\u2019\u00e9quipe.\u00a0\u00bb<\/p>\n","protected":false},"excerpt":{"rendered":"Epinal &#8211; Grenoble Mardi (20\u00a0h\u00a015) Par quel biais, vous le jeune joueur d\u2019Epinal, avez-vous d\u00e9barqu\u00e9 au centre de&hellip;\n","protected":false},"author":2,"featured_media":555261,"comment_status":"","ping_status":"","sticky":false,"template":"","format":"standard","meta":{"footnotes":""},"categories":[9566],"tags":[1111,11,2430,1796,778,64020,19336,1777,674,107,1701,17649,1795,1011,27,2731,4133,12,25,517,1700],"class_list":{"0":"post-555260","1":"post","2":"type-post","3":"status-publish","4":"format-standard","5":"has-post-thumbnail","7":"category-grenoble","8":"tag-actu","9":"tag-actualites","10":"tag-auvergne-rhone-alpes","11":"tag-edition-epinal","12":"tag-epinal","13":"tag-epinal-hockey-club-hec","14":"tag-epinal-ville-88a","15":"tag-eu","16":"tag-europe","17":"tag-fil-info","18":"tag-fil-info-sport","19":"tag-fil-print","20":"tag-fil-web","21":"tag-fr","22":"tag-france","23":"tag-grenoble","24":"tag-hockey-sur-glace","25":"tag-news","26":"tag-republique-francaise","27":"tag-sport","28":"tag-sport-lorrain"},"share_on_mastodon":{"url":"https:\/\/pubeurope.com\/@fr\/115604379611477324","error":""},"_links":{"self":[{"href":"https:\/\/www.europesays.com\/fr\/wp-json\/wp\/v2\/posts\/555260","targetHints":{"allow":["GET"]}}],"collection":[{"href":"https:\/\/www.europesays.com\/fr\/wp-json\/wp\/v2\/posts"}],"about":[{"href":"https:\/\/www.europesays.com\/fr\/wp-json\/wp\/v2\/types\/post"}],"author":[{"embeddable":true,"href":"https:\/\/www.europesays.com\/fr\/wp-json\/wp\/v2\/users\/2"}],"replies":[{"embeddable":true,"href":"https:\/\/www.europesays.com\/fr\/wp-json\/wp\/v2\/comments?post=555260"}],"version-history":[{"count":0,"href":"https:\/\/www.europesays.com\/fr\/wp-json\/wp\/v2\/posts\/555260\/revisions"}],"wp:featuredmedia":[{"embeddable":true,"href":"https:\/\/www.europesays.com\/fr\/wp-json\/wp\/v2\/media\/555261"}],"wp:attachment":[{"href":"https:\/\/www.europesays.com\/fr\/wp-json\/wp\/v2\/media?parent=555260"}],"wp:term":[{"taxonomy":"category","embeddable":true,"href":"https:\/\/www.europesays.com\/fr\/wp-json\/wp\/v2\/categories?post=555260"},{"taxonomy":"post_tag","embeddable":true,"href":"https:\/\/www.europesays.com\/fr\/wp-json\/wp\/v2\/tags?post=555260"}],"curies":[{"name":"wp","href":"https:\/\/api.w.org\/{rel}","templated":true}]}}