{"id":555274,"date":"2025-11-24T11:23:27","date_gmt":"2025-11-24T11:23:27","guid":{"rendered":"https:\/\/www.europesays.com\/fr\/555274\/"},"modified":"2025-11-24T11:23:27","modified_gmt":"2025-11-24T11:23:27","slug":"de-nombreuses-surprises-pour-cloturer-lannee-dans-cette-commune-au-sud-de-nantes","status":"publish","type":"post","link":"https:\/\/www.europesays.com\/fr\/555274\/","title":{"rendered":"De nombreuses surprises pour cl\u00f4turer l\u2019ann\u00e9e dans cette commune au sud de Nantes"},"content":{"rendered":"<p>Pour cl\u00f4turer cette ann\u00e9e 2025, l\u2019\u00e9quipe de<a href=\"https:\/\/nantes.maville.com\/actu\/actudet_-animations-d-automne-a-la-maison-du-lac-de-grand-lieu-_8-6979819_actu.Htm\" target=\"_blank\" rel=\"noopener\"> La Maison du lac de Grand-Lieu, \u00e0 Bouaye<\/a>, a concoct\u00e9 un programme d\u2019\u00e9v\u00e9nements in\u00e9dits\u00a0: soir\u00e9e th\u00e9\u00e2tralis\u00e9e, boutique aux couleurs de No\u00ebl, jeu-concours, d\u00e9dicace d\u2019auteurs, d\u00e9gustations\u2026<\/p>\n<p>La Maison du lac de Grand-Lieu est une propri\u00e9t\u00e9 du D\u00e9partement de Loire-Atlantique et du Conservatoire du littoral. Sa gestion a \u00e9t\u00e9 confi\u00e9e \u00e0 &#8230;<\/p>\n<p>\u00a0<\/p>\n","protected":false},"excerpt":{"rendered":"Pour cl\u00f4turer cette ann\u00e9e 2025, l\u2019\u00e9quipe de La Maison du lac de Grand-Lieu, \u00e0 Bouaye, a concoct\u00e9 un&hellip;\n","protected":false},"author":2,"featured_media":555275,"comment_status":"","ping_status":"","sticky":false,"template":"","format":"standard","meta":{"footnotes":""},"categories":[2818],"tags":[1111,11,5648,67283,7052,1777,674,1011,27,766,12,33859,2636,25,3272,7053,24568],"class_list":{"0":"post-555274","1":"post","2":"type-post","3":"status-publish","4":"format-standard","5":"has-post-thumbnail","7":"category-nantes","8":"tag-actu","9":"tag-actualites","10":"tag-annee","11":"tag-cloturer","12":"tag-commune","13":"tag-eu","14":"tag-europe","15":"tag-fr","16":"tag-france","17":"tag-nantes","18":"tag-news","19":"tag-nombreuses","20":"tag-pays-de-la-loire","21":"tag-republique-francaise","22":"tag-saint-nazaire","23":"tag-sud","24":"tag-surprises"},"share_on_mastodon":{"url":"https:\/\/pubeurope.com\/@fr\/115604423063145055","error":""},"_links":{"self":[{"href":"https:\/\/www.europesays.com\/fr\/wp-json\/wp\/v2\/posts\/555274","targetHints":{"allow":["GET"]}}],"collection":[{"href":"https:\/\/www.europesays.com\/fr\/wp-json\/wp\/v2\/posts"}],"about":[{"href":"https:\/\/www.europesays.com\/fr\/wp-json\/wp\/v2\/types\/post"}],"author":[{"embeddable":true,"href":"https:\/\/www.europesays.com\/fr\/wp-json\/wp\/v2\/users\/2"}],"replies":[{"embeddable":true,"href":"https:\/\/www.europesays.com\/fr\/wp-json\/wp\/v2\/comments?post=555274"}],"version-history":[{"count":0,"href":"https:\/\/www.europesays.com\/fr\/wp-json\/wp\/v2\/posts\/555274\/revisions"}],"wp:featuredmedia":[{"embeddable":true,"href":"https:\/\/www.europesays.com\/fr\/wp-json\/wp\/v2\/media\/555275"}],"wp:attachment":[{"href":"https:\/\/www.europesays.com\/fr\/wp-json\/wp\/v2\/media?parent=555274"}],"wp:term":[{"taxonomy":"category","embeddable":true,"href":"https:\/\/www.europesays.com\/fr\/wp-json\/wp\/v2\/categories?post=555274"},{"taxonomy":"post_tag","embeddable":true,"href":"https:\/\/www.europesays.com\/fr\/wp-json\/wp\/v2\/tags?post=555274"}],"curies":[{"name":"wp","href":"https:\/\/api.w.org\/{rel}","templated":true}]}}