{"id":555280,"date":"2025-11-24T11:26:31","date_gmt":"2025-11-24T11:26:31","guid":{"rendered":"https:\/\/www.europesays.com\/fr\/555280\/"},"modified":"2025-11-24T11:26:31","modified_gmt":"2025-11-24T11:26:31","slug":"exposition-rammellzee-au-capc-a-bordeaux","status":"publish","type":"post","link":"https:\/\/www.europesays.com\/fr\/555280\/","title":{"rendered":"Exposition Rammellzee au CAPC \u00e0 Bordeaux"},"content":{"rendered":"<p>Le CAPC de Bordeaux pr\u00e9sente une exposition consacr\u00e9e \u00e0 l&rsquo;artiste Rammellzee, figure l\u00e9gendaire de la contre-culture hip-hop new-yorkaise de la fin des ann\u00e9es 1970. ICI Gironde l\u2019a test\u00e9e pour vous.<\/p>\n<p>Des cr\u00e9atures tout droit sorties de l&rsquo;univers de Star Wars. Du graff et des tags \u00e0 grands coups d&rsquo;a\u00e9rosols. De dr\u00f4les de robots,\u00a0 des tableaux m\u00e9langeant\u00a0\u00e9criture et figures. Le CAPC pr\u00e9sente\u00a0<a target=\"_blank\" rel=\"nofollow noopener noreferrer\" class=\"IciLink ici-link IciArticleLink g-ici-body-regular-1 underline brand svelte-1chfe2s\" href=\"https:\/\/fr.wikipedia.org\/wiki\/Rammellzee\">une exposition consacr\u00e9e \u00e0 l&rsquo;artiste am\u00e9ricain Rammellzee<\/a>.<\/p>\n<p>N\u00e9 \u00e0 New-York en 1960 et mort dans cette m\u00eame ville en 2010,\u00a0Rammellzee\u00a0(ou RAMM\u03a3LLZ\u03a3\u03a3) commence \u00e0 peindre, graffer et sculpter \u00e0 l\u2019\u00e2ge de 19 ans. <strong>La seconde moiti\u00e9 des ann\u00e9es 70 voit l\u2019\u00e9mergence d\u2019un nouveau genre, le Hip-hop<\/strong>, port\u00e9 par des artistes comme\u00a0<a target=\"_blank\" rel=\"nofollow noopener noreferrer\" class=\"IciLink ici-link IciArticleLink g-ici-body-regular-1 underline brand svelte-1chfe2s\" href=\"https:\/\/fr.wikipedia.org\/wiki\/Keith_Haring\">Keith Harring<\/a>, Jean-Michel Basquiat. Sugarhill Gang,\u00a0<a target=\"_blank\" rel=\"nofollow noopener noreferrer\" class=\"IciLink ici-link IciArticleLink g-ici-body-regular-1 underline brand svelte-1chfe2s\" href=\"https:\/\/fr.wikipedia.org\/wiki\/Futura_2000\">Futura 2000<\/a>\u00a0ou Grandmaster Flash.<\/p>\n<p>Les DJ sortent leurs platines, les MC rappent au pied des gratte-ciels. La musique est partout, urbaine et porteuse de revendications et les graffitis commencent \u00e0 fleurir dans les couloirs et sur les rames du m\u00e9tro.<\/p>\n<p>Artiste multiforme, <a target=\"_blank\" rel=\"nofollow noopener noreferrer\" class=\"IciLink ici-link IciArticleLink g-ici-body-regular-1 underline brand svelte-1chfe2s\" href=\"https:\/\/www.capc-bordeaux.fr\/rammellzee-alphabeta-sigma-face-b\">Rammellzee<\/a>\u00a0se d\u00e9finissait comme th\u00e9oricien, peintre, sculpteur, performeur et MC. L\u2019art total qu\u2019il a d\u00e9velopp\u00e9 pendant plus de trente ans, peupl\u00e9 de cr\u00e9atures \u00e9tranges, r\u00e9v\u00e8le un univers unique, nourri par la vitesse du m\u00e9tro new-yorkais, la technologie a\u00e9rospatiale, la m\u00e9canique quantique, le futurisme italien et les mangas japonais.<\/p>\n<p><strong>ICI Gironde vous emm\u00e8ne d\u00e9couvrir, en photos, ses \u00e9tonnantes cr\u00e9ations r\u00e9tro-futuristes, magnifiquement mises en valeur par le CAPC<\/strong> sur deux niveaux des entrep\u00f4ts Lain\u00e9. ICI Gironde l&rsquo;a test\u00e9e pour vous\u00a0!\u00a0 Exposition \u00e0 voir jusqu\u2019au 26 avril 2026.<\/p>\n<p><a target=\"_blank\" rel=\"nofollow noopener noreferrer\" class=\"IciLink ici-link IciArticleLink g-ici-body-regular-1 underline brand svelte-1chfe2s\" href=\"https:\/\/www.capc-bordeaux.fr\/rammellzee-alphabeta-sigma-face-b\">Rammellzee Alphabeta Sigma<\/a>\u00a0(Face B)<br \/>CAPC de Bordeaux<br \/>7 rue Ferr\u00e8re<br \/>33000 Bordeaux<br \/>Plein tarif 8\u20ac.\u00a0 \u00c9tudiants de moins de 26 ans\u00a0: 2\u20ac<br \/>Ouvert du mardi au dimanche de 11h \u00e0 18h<\/p>\n<p> <img decoding=\"async\" src=\"https:\/\/www.europesays.com\/fr\/wp-content\/uploads\/2025\/11\/1763983576_512_1280\" alt=\"illustration agrandir l'image\" style=\"--_image-preview:url('data:image\/jpeg;base64,\/9j\/2wBDACgcHiMeGSgjISMtKygwPGRBPDc3PHtYXUlkkYCZlo+AjIqgtObDoKrarYqMyP\/L2u71\/\/\/\/m8H\/\/\/\/6\/+b9\/\/j\/2wBDASstLTw1PHZBQXb4pYyl+Pj4+Pj4+Pj4+Pj4+Pj4+Pj4+Pj4+Pj4+Pj4+Pj4+Pj4+Pj4+Pj4+Pj4+Pj4+Pj4+Pj\/wAARCAAfACoDASIAAhEBAxEB\/8QAGQABAQEBAQEAAAAAAAAAAAAAAwEEAgAF\/8QAGBABAAMBAAAAAAAAAAAAAAAAAAEDEQL\/xAAXAQEBAQEAAAAAAAAAAAAAAAAAAgMB\/8QAFREBAQAAAAAAAAAAAAAAAAAAAAH\/2gAMAwEAAhEDEQA\/ANULqI4J0z2QeRdqgx2QLD2BaQfZxJh3j0wxA9Bsk3bNbK5AFkh11Z0HVj\/\/2Q==');\" loading=\"lazy\" fetchpriority=\"low\" class=\"svelte-1cksh76 rounded\" onload=\"this.__e=event\" onerror=\"this.__e=event\"\/> Exposition Rammellzee au CAPC de Bordeaux \u00a9 Radio France &#8211; Nicolas Fauveau   <img decoding=\"async\" src=\"https:\/\/www.europesays.com\/fr\/wp-content\/uploads\/2025\/11\/1763983577_860_1280\" alt=\"illustration agrandir l'image\" style=\"--_image-preview:url('data:image\/jpeg;base64,\/9j\/2wBDACgcHiMeGSgjISMtKygwPGRBPDc3PHtYXUlkkYCZlo+AjIqgtObDoKrarYqMyP\/L2u71\/\/\/\/m8H\/\/\/\/6\/+b9\/\/j\/2wBDASstLTw1PHZBQXb4pYyl+Pj4+Pj4+Pj4+Pj4+Pj4+Pj4+Pj4+Pj4+Pj4+Pj4+Pj4+Pj4+Pj4+Pj4+Pj4+Pj4+Pj\/wAARCAAfACoDASIAAhEBAxEB\/8QAFwABAQEBAAAAAAAAAAAAAAAAAAECBP\/EABUQAQEAAAAAAAAAAAAAAAAAAAAB\/8QAFwEBAQEBAAAAAAAAAAAAAAAAAwIAAf\/EABcRAQEBAQAAAAAAAAAAAAAAAAABAhH\/2gAMAwEAAhEDEQA\/AOIAmjZAREIIIaIrSorajmaJVKPi2ai1ksiK\/9k=');\" loading=\"lazy\" fetchpriority=\"low\" class=\"svelte-1cksh76 rounded\" onload=\"this.__e=event\" onerror=\"this.__e=event\"\/> Exposition Rammellzee au CAPC de Bordeaux \u00a9 Radio France &#8211; Nicolas Fauveau   <img decoding=\"async\" src=\"https:\/\/www.europesays.com\/fr\/wp-content\/uploads\/2025\/11\/1763983580_535_1280\" alt=\"illustration agrandir l'image\" style=\"--_image-preview:url('data:image\/jpeg;base64,\/9j\/2wBDACgcHiMeGSgjISMtKygwPGRBPDc3PHtYXUlkkYCZlo+AjIqgtObDoKrarYqMyP\/L2u71\/\/\/\/m8H\/\/\/\/6\/+b9\/\/j\/2wBDASstLTw1PHZBQXb4pYyl+Pj4+Pj4+Pj4+Pj4+Pj4+Pj4+Pj4+Pj4+Pj4+Pj4+Pj4+Pj4+Pj4+Pj4+Pj4+Pj4+Pj\/wAARCAAfACoDASIAAhEBAxEB\/8QAFwABAQEBAAAAAAAAAAAAAAAAAgABBP\/EABUQAQEAAAAAAAAAAAAAAAAAAAAR\/8QAFgEBAQEAAAAAAAAAAAAAAAAAAQID\/8QAFhEBAQEAAAAAAAAAAAAAAAAAAAER\/9oADAMBAAIRAxEAPwDgjIcZFt6MUKKEDFCjICcUJRUhoxQo2HEwIocZBi3\/2Q==');\" loading=\"lazy\" fetchpriority=\"low\" class=\"svelte-1cksh76 rounded\" onload=\"this.__e=event\" onerror=\"this.__e=event\"\/> Exposition Rammellzee au CAPC de Bordeaux \u00a9 Radio France &#8211; Nicolas Fauveau   <img decoding=\"async\" src=\"https:\/\/www.europesays.com\/fr\/wp-content\/uploads\/2025\/11\/1763983582_228_1280\" alt=\"illustration agrandir l'image\" style=\"--_image-preview:url('data:image\/jpeg;base64,\/9j\/2wBDACgcHiMeGSgjISMtKygwPGRBPDc3PHtYXUlkkYCZlo+AjIqgtObDoKrarYqMyP\/L2u71\/\/\/\/m8H\/\/\/\/6\/+b9\/\/j\/2wBDASstLTw1PHZBQXb4pYyl+Pj4+Pj4+Pj4+Pj4+Pj4+Pj4+Pj4+Pj4+Pj4+Pj4+Pj4+Pj4+Pj4+Pj4+Pj4+Pj4+Pj\/wAARCAAfACoDASIAAhEBAxEB\/8QAFwABAQEBAAAAAAAAAAAAAAAAAAECBP\/EABUQAQEAAAAAAAAAAAAAAAAAAAAR\/8QAFgEBAQEAAAAAAAAAAAAAAAAAAQIA\/8QAFhEBAQEAAAAAAAAAAAAAAAAAAAER\/9oADAMBAAIRAxEAPwDiUBhqgBFBQBINRFrqCokADNj\/2Q==');\" loading=\"lazy\" fetchpriority=\"low\" class=\"svelte-1cksh76 rounded\" onload=\"this.__e=event\" onerror=\"this.__e=event\"\/> Exposition Rammellzee au CAPC de Bordeaux \u00a9 Radio France &#8211; Nicolas Fauveau   <img decoding=\"async\" src=\"https:\/\/www.europesays.com\/fr\/wp-content\/uploads\/2025\/11\/1763983584_711_1280\" alt=\"illustration agrandir l'image\" style=\"--_image-preview:url('data:image\/jpeg;base64,\/9j\/2wBDACgcHiMeGSgjISMtKygwPGRBPDc3PHtYXUlkkYCZlo+AjIqgtObDoKrarYqMyP\/L2u71\/\/\/\/m8H\/\/\/\/6\/+b9\/\/j\/2wBDASstLTw1PHZBQXb4pYyl+Pj4+Pj4+Pj4+Pj4+Pj4+Pj4+Pj4+Pj4+Pj4+Pj4+Pj4+Pj4+Pj4+Pj4+Pj4+Pj4+Pj\/wAARCAAfACoDASIAAhEBAxEB\/8QAGAABAQEBAQAAAAAAAAAAAAAAAgADAQT\/xAAXEAEBAQEAAAAAAAAAAAAAAAAAAQIR\/8QAFwEBAQEBAAAAAAAAAAAAAAAAAwIABP\/EABcRAQEBAQAAAAAAAAAAAAAAAAABAhH\/2gAMAwEAAhEDEQA\/APHQp0KTLp1RUVRRFKXQjvU2EmmmmdaaZ6TltikobgnXVIXE1cj\/2Q==');\" loading=\"lazy\" fetchpriority=\"low\" class=\"svelte-1cksh76 rounded\" onload=\"this.__e=event\" onerror=\"this.__e=event\"\/> Exposition Rammellzee au CAPC de Bordeaux \u00a9 Radio France &#8211; Nicolas Fauveau   <img decoding=\"async\" src=\"https:\/\/www.europesays.com\/fr\/wp-content\/uploads\/2025\/11\/1763983586_590_1280\" alt=\"illustration agrandir l'image\" style=\"--_image-preview:url('data:image\/jpeg;base64,\/9j\/2wBDACgcHiMeGSgjISMtKygwPGRBPDc3PHtYXUlkkYCZlo+AjIqgtObDoKrarYqMyP\/L2u71\/\/\/\/m8H\/\/\/\/6\/+b9\/\/j\/2wBDASstLTw1PHZBQXb4pYyl+Pj4+Pj4+Pj4+Pj4+Pj4+Pj4+Pj4+Pj4+Pj4+Pj4+Pj4+Pj4+Pj4+Pj4+Pj4+Pj4+Pj\/wAARCAAcACoDASIAAhEBAxEB\/8QAFgABAQEAAAAAAAAAAAAAAAAAAQIA\/8QAFhABAQEAAAAAAAAAAAAAAAAAAAER\/8QAFwEBAQEBAAAAAAAAAAAAAAAAAgABA\/\/EABcRAQEBAQAAAAAAAAAAAAAAAAABERL\/2gAMAwEAAhEDEQA\/AFQhh6sbGUF0sSxoOUcEXERUcqamaNWJNBqTjH\/\/2Q==');\" loading=\"lazy\" fetchpriority=\"low\" class=\"svelte-1cksh76 rounded\" onload=\"this.__e=event\" onerror=\"this.__e=event\"\/> Exposition Rammellzee au CAPC de Bordeaux \u00a9 Radio France &#8211; Nicolas Fauveau   <img decoding=\"async\" src=\"https:\/\/www.europesays.com\/fr\/wp-content\/uploads\/2025\/11\/1763983588_905_1280\" alt=\"illustration agrandir l'image\" style=\"--_image-preview:url('data:image\/jpeg;base64,\/9j\/2wBDACgcHiMeGSgjISMtKygwPGRBPDc3PHtYXUlkkYCZlo+AjIqgtObDoKrarYqMyP\/L2u71\/\/\/\/m8H\/\/\/\/6\/+b9\/\/j\/2wBDASstLTw1PHZBQXb4pYyl+Pj4+Pj4+Pj4+Pj4+Pj4+Pj4+Pj4+Pj4+Pj4+Pj4+Pj4+Pj4+Pj4+Pj4+Pj4+Pj4+Pj\/wAARCAAfACoDASIAAhEBAxEB\/8QAGAAAAwEBAAAAAAAAAAAAAAAAAgMEAAH\/xAAaEAEBAAMBAQAAAAAAAAAAAAAAAQIDEhET\/8QAFgEBAQEAAAAAAAAAAAAAAAAAAAIB\/8QAGBEBAAMBAAAAAAAAAAAAAAAAAAEREgL\/2gAMAwEAAhEDEQA\/AFXUG61dxBYuJE11h+amwFi7YTw5wf454WH3MNzT3YG7GRyH3IFyJuYbmvIf03SftuzI\/9k=');\" loading=\"lazy\" fetchpriority=\"low\" class=\"svelte-1cksh76 rounded\" onload=\"this.__e=event\" onerror=\"this.__e=event\"\/> Exposition Rammellzee au CAPC de Bordeaux \u00a9 Radio France &#8211; Nicolas Fauveau   <img decoding=\"async\" src=\"https:\/\/www.europesays.com\/fr\/wp-content\/uploads\/2025\/11\/1763983590_306_1280\" alt=\"illustration agrandir l'image\" style=\"--_image-preview:url('data:image\/jpeg;base64,\/9j\/2wBDACgcHiMeGSgjISMtKygwPGRBPDc3PHtYXUlkkYCZlo+AjIqgtObDoKrarYqMyP\/L2u71\/\/\/\/m8H\/\/\/\/6\/+b9\/\/j\/2wBDASstLTw1PHZBQXb4pYyl+Pj4+Pj4+Pj4+Pj4+Pj4+Pj4+Pj4+Pj4+Pj4+Pj4+Pj4+Pj4+Pj4+Pj4+Pj4+Pj4+Pj\/wAARCAAqAB8DASIAAhEBAxEB\/8QAFwABAQEBAAAAAAAAAAAAAAAAAQACBf\/EABYQAQEBAAAAAAAAAAAAAAAAAAABEf\/EABgBAAMBAQAAAAAAAAAAAAAAAAABAwIE\/8QAFhEBAQEAAAAAAAAAAAAAAAAAAQAC\/9oADAMBAAIRAxEAPwDnJF1LVCA0CGaSWSWiBkVCshNYOsldKYzotQIIW\/\/Z');\" loading=\"lazy\" fetchpriority=\"low\" class=\"svelte-1cksh76 rounded\" onload=\"this.__e=event\" onerror=\"this.__e=event\"\/> Exposition Rammellzee au CAPC de Bordeaux \u00a9 Radio France &#8211; Nicolas Fauveau  <\/p>\n","protected":false},"excerpt":{"rendered":"Le CAPC de Bordeaux pr\u00e9sente une exposition consacr\u00e9e \u00e0 l&rsquo;artiste Rammellzee, figure l\u00e9gendaire de la contre-culture hip-hop new-yorkaise&hellip;\n","protected":false},"author":2,"featured_media":555281,"comment_status":"","ping_status":"","sticky":false,"template":"","format":"standard","meta":{"footnotes":""},"categories":[2817],"tags":[1111,11,1997,1777,674,1011,27,12,2219,25],"class_list":{"0":"post-555280","1":"post","2":"type-post","3":"status-publish","4":"format-standard","5":"has-post-thumbnail","7":"category-bordeaux","8":"tag-actu","9":"tag-actualites","10":"tag-bordeaux","11":"tag-eu","12":"tag-europe","13":"tag-fr","14":"tag-france","15":"tag-news","16":"tag-nouvelle-aquitaine","17":"tag-republique-francaise"},"share_on_mastodon":{"url":"https:\/\/pubeurope.com\/@fr\/115604437597447080","error":""},"_links":{"self":[{"href":"https:\/\/www.europesays.com\/fr\/wp-json\/wp\/v2\/posts\/555280","targetHints":{"allow":["GET"]}}],"collection":[{"href":"https:\/\/www.europesays.com\/fr\/wp-json\/wp\/v2\/posts"}],"about":[{"href":"https:\/\/www.europesays.com\/fr\/wp-json\/wp\/v2\/types\/post"}],"author":[{"embeddable":true,"href":"https:\/\/www.europesays.com\/fr\/wp-json\/wp\/v2\/users\/2"}],"replies":[{"embeddable":true,"href":"https:\/\/www.europesays.com\/fr\/wp-json\/wp\/v2\/comments?post=555280"}],"version-history":[{"count":0,"href":"https:\/\/www.europesays.com\/fr\/wp-json\/wp\/v2\/posts\/555280\/revisions"}],"wp:featuredmedia":[{"embeddable":true,"href":"https:\/\/www.europesays.com\/fr\/wp-json\/wp\/v2\/media\/555281"}],"wp:attachment":[{"href":"https:\/\/www.europesays.com\/fr\/wp-json\/wp\/v2\/media?parent=555280"}],"wp:term":[{"taxonomy":"category","embeddable":true,"href":"https:\/\/www.europesays.com\/fr\/wp-json\/wp\/v2\/categories?post=555280"},{"taxonomy":"post_tag","embeddable":true,"href":"https:\/\/www.europesays.com\/fr\/wp-json\/wp\/v2\/tags?post=555280"}],"curies":[{"name":"wp","href":"https:\/\/api.w.org\/{rel}","templated":true}]}}